{"id":125346,"date":"2020-04-03T11:05:37","date_gmt":"2020-04-03T09:05:37","guid":{"rendered":"http:\/\/gazdasagportal.hu\/?p=125346"},"modified":"2020-04-03T11:05:37","modified_gmt":"2020-04-03T09:05:37","slug":"mazars-csokkentse-a-kifizetetlen-szamlak-okozta-kart","status":"publish","type":"post","link":"https:\/\/gazdasagportal.hu\/index.php\/mazars-csokkentse-a-kifizetetlen-szamlak-okozta-kart\/","title":{"rendered":"MAZARS: Cs\u00f6kkentse a kifizetetlen sz\u00e1ml\u00e1k okozta k\u00e1rt!"},"content":{"rendered":"<p style=\"font-weight: 400;\"><strong>A magyar jogszab\u00e1lyok janu\u00e1r 1-t\u0151l lehet\u0151v\u00e9 teszik a behajthatatlan k\u00f6vetel\u00e9sek \u00e1f\u00e1j\u00e1nak visszaig\u00e9nyl\u00e9s\u00e9t a 2016. janu\u00e1r 1. ut\u00e1n ki\u00e1ll\u00edtott sz\u00e1ml\u00e1kra vonatkoz\u00f3an. Egy Eur\u00f3pai B\u00edr\u00f3s\u00e1g (EB) d\u00f6nt\u00e9s\u00e9n alapul\u00f3 \u201ck\u00fcl\u00f6nutas\u201d megold\u00e1s ugyanakkor a 2016. janu\u00e1r 1. el\u0151tti id\u0151szakra is lehet\u0151v\u00e9 teszi az \u00e1fa visszaig\u00e9nyl\u00e9s\u00e9t, de az ad\u00f3z\u00f3knak m\u00e1r csak h\u00e1rom hete van ennek a m\u00f3dszernek az \u00e9rv\u00e9nyes\u00edt\u00e9s\u00e9re &#8211; h\u00edvja fel a figyelmet a MAZARS legfrissebb \u00f6sszefoglal\u00f3ja.<\/strong><\/p>\n<p><!--more--><\/p>\n<div class=\"ads-in-post2\"><script async src=\"https:\/\/pagead2.googlesyndication.com\/pagead\/js\/adsbygoogle.js\"><\/script>\r\n<ins class=\"adsbygoogle\"\r\n     style=\"display:block\"\r\n     data-ad-format=\"fluid\"\r\n     data-ad-layout-key=\"-6t+ed+2i-1n-4w\"\r\n     data-ad-client=\"ca-pub-1959107119989764\"\r\n     data-ad-slot=\"4008251320\"><\/ins>\r\n<script>\r\n     (adsbygoogle = window.adsbygoogle || []).push({});\r\n<\/script><\/div>\n<p style=\"font-weight: 400;\"><strong>A magyar jogszab\u00e1lyok 2020. janu\u00e1r 1-t\u0151l teszik lehet\u0151v\u00e9 a behajthatatlan k\u00f6vetel\u00e9sek \u00e1f\u00e1j\u00e1nak visszaig\u00e9nyl\u00e9s\u00e9t<\/strong>. Ha a t\u00f6rv\u00e9nyben lefektetett felt\u00e9telek teljes\u00fclnek, a\u00a0<strong>kor\u00e1bban befizetett \u00e1fa \u00f6nellen\u0151rz\u00e9ssel visszaig\u00e9nyelhet\u0151.<\/strong><\/p>\n<p style=\"font-weight: 400;\"><em>\u201cEz a szab\u00e1lyoz\u00e1s csak a 2016. janu\u00e1r 1-je ut\u00e1n teljes\u00fclt \u00fcgyletekre alkalmazhat\u00f3 itthon. Az ezel\u0151tt ki\u00e1ll\u00edtott kifizetetlen sz\u00e1ml\u00e1k \u00e1f\u00e1j\u00e1nak visszaig\u00e9nyl\u00e9s\u00e9re egy EB-d\u00f6nt\u00e9sen alapul\u00f3, k\u00fcl\u00f6nleges megold\u00e1s k\u00edn\u00e1l lehet\u0151s\u00e9get. Erre viszont csak\u00a0<strong>a d\u00f6nt\u00e9s k\u00f6zz\u00e9t\u00e9tel\u00e9t\u0151l sz\u00e1m\u00edtott 180 napos hat\u00e1rid\u0151n bel\u00fcl van lehet\u0151s\u00e9g<\/strong>, ami 2020. \u00e1prilis 21-\u00e9n j\u00e1r le\u201d &#8211;\u00a0<\/em><strong>foglalta \u00f6ssze H. Nagy D\u00e1niel,\u00a0<\/strong>a MAZARS ad\u00f3igazgat\u00f3ja.<em><br \/>\n<\/em>A szakember r\u00e1mutatott: a koronav\u00edrus-j\u00e1rv\u00e1ny miatt kialakult helyzetben\u00a0<strong>ez a megold\u00e1s k\u00fcl\u00f6n\u00f6sen j\u00f3 lehet\u0151s\u00e9g<\/strong>\u00a0a v\u00e1llalkoz\u00e1soknak\u00a0<strong>cash-flow helyzet\u00fck jav\u00edt\u00e1s\u00e1ra<\/strong>, illetve a\u00a0<strong>bennragadt \u00e1fa visszaig\u00e9nyl\u00e9s\u00e9re. \u201c<\/strong><em>Mindenk\u00e9ppen \u00e9rdemes \u00e1ttekinteni, hogy a c\u00e9g rendelkezik-e behajthatatlan k\u00f6vetel\u00e9ssel, hiszen ezzel a lehet\u0151s\u00e9ggel m\u00e1r\u00a0<strong>elveszettnek hitt p\u00e9nzhez juthatnak<\/strong><\/em><strong>\u201d &#8211; tette hozz\u00e1.\u00a0<\/strong><\/p><div id=\"gazda-2399499377\" class=\"gazda-tartalomban gazda-entity-placement\"><script async src=\"https:\/\/pagead2.googlesyndication.com\/pagead\/js\/adsbygoogle.js\"><\/script>\r\n<ins class=\"adsbygoogle\"\r\n     style=\"display:block\"\r\n     data-ad-format=\"fluid\"\r\n     data-ad-layout-key=\"-6t+ed+2i-1n-4w\"\r\n     data-ad-client=\"ca-pub-1959107119989764\"\r\n     data-ad-slot=\"4008251320\"><\/ins>\r\n<script>\r\n     (adsbygoogle = window.adsbygoogle || []).push({});\r\n<\/script><\/div>\n<p style=\"font-weight: 400;\"><strong>A<\/strong>\u00a0<strong>k\u00fcl\u00f6n elj\u00e1r\u00e1sban t\u00f6rt\u00e9n\u0151 visszaig\u00e9nyl\u00e9s beny\u00fajt\u00e1s\u00e1hoz sz\u00e1mos felt\u00e9telnek kell egy\u00fcttesen teljes\u00fclnie,<\/strong>\u00a0\u00e9s a visszaig\u00e9nyl\u00e9s folyamata is k\u00fcl\u00f6n\u00f6s k\u00f6r\u00fcltekint\u00e9st ig\u00e9nyel. A felt\u00e9telek annyiban hasonl\u00edtanak a norm\u00e1l visszaig\u00e9nyl\u00e9shez, hogy\u00a0<strong>csak olyan tranzakci\u00f3k\u00a0<\/strong>kapcs\u00e1n mer\u00fclhet fel, amelyek ut\u00e1n\u00a0<strong>belf\u00f6ldi \u00e1fa fizetend\u0151<\/strong>, illetve ilyenkor is sz\u00fcks\u00e9ges a\u00a0<strong>behajthatatlans\u00e1g t\u00e9ny\u00e9nek igazol\u00e1sa<\/strong>.<br \/>\n<div class=\"ads-in-post1\"><div id=\"gazdasagportal.hu_fullbanner_wideboard\"><\/div>\r\n<\/div>\n<strong>A legl\u00e9nyegesebb k\u00fcl\u00f6nbs\u00e9g a k\u00e9t elj\u00e1r\u00e1s k\u00f6z\u00f6tt, hogy az EB-d\u00f6nt\u00e9sre hivatkoz\u00e1ssal \u2013 a magyar jogi szab\u00e1lyoz\u00e1st\u00f3l elt\u00e9r\u0151en \u2013 minden 2016. el\u0151tt behajthatatlann\u00e1 v\u00e1lt k\u00f6vetel\u00e9s \u00e1f\u00e1ja visszaig\u00e9nyelhet\u0151<\/strong>, ha megfelel a k\u00f6vetelm\u00e9nyeknek.<\/p>\n<p style=\"font-weight: 400;\">\n<p style=\"font-weight: 400;\">\n<p style=\"font-weight: 400;\"><strong>A MAZARS-r\u00f3l<\/strong><\/p>\n<p style=\"font-weight: 400;\">A MAZARS egy nemzetk\u00f6zi, integr\u00e1lt \u00e9s f\u00fcggetlen szervezet, amely a vil\u00e1g 91 orsz\u00e1g\u00e1ban m\u0171k\u00f6dik a k\u00f6nyvvizsg\u00e1lat, a sz\u00e1mviteli tan\u00e1csad\u00e1s, az ad\u00f3-, a jogi \u00e9s a tranzakci\u00f3s szolg\u00e1ltat\u00e1sok, valamint a p\u00e9nz\u00fcgyi outsourcing ter\u00fclet\u00e9n. A vil\u00e1g 91 orsz\u00e1g\u00e1ban 40 400 szakember (24 400 f\u0151 az integr\u00e1lt partners\u00e9gben \u00e9s 16 000\u00a0 a North America Alliance keret\u00e9ben) tud\u00e1s\u00e1ra t\u00e1maszkodva seg\u00edtik \u00fcgyfeleiket fejl\u0151d\u00e9s\u00fck minden szakasz\u00e1ban.<\/p>\n<p style=\"font-weight: 400;\"><strong>\u00a0<\/strong><\/p>\n<p style=\"font-weight: 400;\"><strong>A MAZARS Magyarorsz\u00e1gon \/\u00a0<a href=\"http:\/\/www.mazars.hu\/\" data-saferedirecturl=\"https:\/\/www.google.com\/url?q=http:\/\/www.mazars.hu&amp;source=gmail&amp;ust=1585988634268000&amp;usg=AFQjCNGyy-hAJ9unm8nHhdZpDPZtZcrVbg\" target=\"_blank\" rel=\"noopener\">www.mazars.hu<\/a><\/strong><\/p>\n<p style=\"font-weight: 400;\">\n<p style=\"font-weight: 400;\">A MAZARS 1991-ben nyitotta meg magyarorsz\u00e1gi irod\u00e1j\u00e1t azzal a c\u00e9llal, hogy seg\u00edtse francia \u00fcgyfelei leteleped\u00e9s\u00e9t Kelet-K\u00f6z\u00e9p-Eur\u00f3p\u00e1ban. Az\u00f3ta a MAZARS hazai \u00fcgyf\u00e9lk\u00f6re sz\u00e1mos nemzetk\u00f6zi \u00e9s magyar v\u00e1llalkoz\u00e1ssal b\u0151v\u00fclt, a v\u00e1llalat pedig a magasan k\u00e9pzett 150 szakember\u00e9vel jelenleg az \u00f6t\u00f6dik legnagyobb k\u00f6nyvvizsg\u00e1l\u00f3 c\u00e9g a hazai piacon.<\/p>\n","protected":false},"excerpt":{"rendered":"<p>A magyar jogszab\u00e1lyok janu\u00e1r 1-t\u0151l lehet\u0151v\u00e9 teszik a behajthatatlan k\u00f6vetel\u00e9sek \u00e1f\u00e1j\u00e1nak visszaig\u00e9nyl\u00e9s\u00e9t a 2016. janu\u00e1r 1. ut\u00e1n ki\u00e1ll\u00edtott sz\u00e1ml\u00e1kra vonatkoz\u00f3an. Egy Eur\u00f3pai B\u00edr\u00f3s\u00e1g (EB) d\u00f6nt\u00e9s\u00e9n alapul\u00f3 \u201ck\u00fcl\u00f6nutas\u201d megold\u00e1s ugyanakkor a 2016. janu\u00e1r 1. el\u0151tti id\u0151szakra is lehet\u0151v\u00e9 teszi az \u00e1fa visszaig\u00e9nyl\u00e9s\u00e9t, de az ad\u00f3z\u00f3knak m\u00e1r csak h\u00e1rom hete van ennek a m\u00f3dszernek az \u00e9rv\u00e9nyes\u00edt\u00e9s\u00e9re &#8211; &#8230;<\/p>\n","protected":false},"author":1001006,"featured_media":0,"comment_status":"closed","ping_status":"open","sticky":false,"template":"","format":"standard","meta":[],"categories":[19],"tags":[],"_links":{"self":[{"href":"https:\/\/gazdasagportal.hu\/index.php\/wp-json\/wp\/v2\/posts\/125346"}],"collection":[{"href":"https:\/\/gazdasagportal.hu\/index.php\/wp-json\/wp\/v2\/posts"}],"about":[{"href":"https:\/\/gazdasagportal.hu\/index.php\/wp-json\/wp\/v2\/types\/post"}],"author":[{"embeddable":true,"href":"https:\/\/gazdasagportal.hu\/index.php\/wp-json\/wp\/v2\/users\/1001006"}],"replies":[{"embeddable":true,"href":"https:\/\/gazdasagportal.hu\/index.php\/wp-json\/wp\/v2\/comments?post=125346"}],"version-history":[{"count":1,"href":"https:\/\/gazdasagportal.hu\/index.php\/wp-json\/wp\/v2\/posts\/125346\/revisions"}],"predecessor-version":[{"id":125347,"href":"https:\/\/gazdasagportal.hu\/index.php\/wp-json\/wp\/v2\/posts\/125346\/revisions\/125347"}],"wp:attachment":[{"href":"https:\/\/gazdasagportal.hu\/index.php\/wp-json\/wp\/v2\/media?parent=125346"}],"wp:term":[{"taxonomy":"category","embeddable":true,"href":"https:\/\/gazdasagportal.hu\/index.php\/wp-json\/wp\/v2\/categories?post=125346"},{"taxonomy":"post_tag","embeddable":true,"href":"https:\/\/gazdasagportal.hu\/index.php\/wp-json\/wp\/v2\/tags?post=125346"}],"curies":[{"name":"wp","href":"https:\/\/api.w.org\/{rel}","templated":true}]}}