{"id":125315,"date":"2020-04-02T15:23:36","date_gmt":"2020-04-02T13:23:36","guid":{"rendered":"http:\/\/gazdasagportal.hu\/?p=125315"},"modified":"2020-04-02T15:23:36","modified_gmt":"2020-04-02T13:23:36","slug":"folyamatosan-szallitja-az-arcmaszkokat-es-orvosi-felszereleseket-budapestre-az-emirates-skycargo","status":"publish","type":"post","link":"https:\/\/gazdasagportal.hu\/index.php\/folyamatosan-szallitja-az-arcmaszkokat-es-orvosi-felszereleseket-budapestre-az-emirates-skycargo\/","title":{"rendered":"Folyamatosan sz\u00e1ll\u00edtja az arcmaszkokat \u00e9s orvosi felszerel\u00e9seket Budapestre az Emirates SkyCargo"},"content":{"rendered":"<p><strong>Az Emirates SkyCargo tehersz\u00e1ll\u00edt\u00f3 g\u00e9pei m\u00e1rcius k\u00f6zepe \u00f3ta \u00e1prilis v\u00e9g\u00e9ig hetente sz\u00e1ll\u00edtanak arcmaszkokat, orvosi eszk\u00f6z\u00f6ket \u00e9s elektronikai felszerel\u00e9seket K\u00edn\u00e1b\u00f3l Budapestre, ezzel is seg\u00edtve a j\u00e1rv\u00e1ny megf\u00e9kez\u00e9s\u00e9\u00e9rt tett er\u0151fesz\u00edt\u00e9seket.<\/strong><!--more--><\/p>\n<div class=\"ads-in-post1\"><div id=\"gazdasagportal.hu_fullbanner_wideboard\"><\/div>\r\n<\/div>\n<p><strong>\u00a0<\/strong><\/p>\n<p>Az Emirates \u00e1tmenetileg sz\u00fcnetelteti szem\u00e9lysz\u00e1ll\u00edt\u00f3 szolg\u00e1ltat\u00e1sait, \u00e1m a tehersz\u00e1ll\u00edt\u00e1s tov\u00e1bbra is \u00fczemel. Az Emirates SkyCargo g\u00e9pei Hong-Kongb\u00f3l \u00e9s a k\u00ednai Guangzhou rep\u00fcl\u0151ter\u00e9r\u0151l k\u00f6zlekednek a Budapesti Liszt Ferenc Nemzetk\u00f6zi Rep\u00fcl\u0151t\u00e9rre, fed\u00e9lzet\u00fck\u00f6n alkalmank\u00e9nt 100 tonn\u00e1nyi \u00e1ruval. A j\u00e1ratok arcmaszkot, orvosi eszk\u00f6z\u00f6ket \u00e9s elektronikai felszerel\u00e9seket is hoznak Magyarorsz\u00e1gra. Az Emirates SkyCargo rep\u00fcl\u0151g\u00e9pei heti rendszeress\u00e9ggel fordulnak.<\/p>\n<p>&nbsp;<br \/>\n<div class=\"ads-in-post2\"><script async src=\"https:\/\/pagead2.googlesyndication.com\/pagead\/js\/adsbygoogle.js\"><\/script>\r\n<ins class=\"adsbygoogle\"\r\n     style=\"display:block\"\r\n     data-ad-format=\"fluid\"\r\n     data-ad-layout-key=\"-6t+ed+2i-1n-4w\"\r\n     data-ad-client=\"ca-pub-1959107119989764\"\r\n     data-ad-slot=\"4008251320\"><\/ins>\r\n<script>\r\n     (adsbygoogle = window.adsbygoogle || []).push({});\r\n<\/script><\/div>\n<p><em>\u201eAz Emirates SkyCargo vezet\u0151 szerepet j\u00e1tszik a glob\u00e1lis kereskedelem fenntart\u00e1s\u00e1ban ebben a kih\u00edv\u00e1sokkal teli id\u0151szakban. Az Emirates elk\u00f6telezett a magyar piac ir\u00e1nt \u00e9s ezt az elk\u00f6telezetts\u00e9g\u00fcnket a Budapestre \u00e9rkez\u0151 tehersz\u00e1ll\u00edt\u00f3 j\u00e1ratokkal is bizony\u00edtani szeretn\u00e9nk. Rem\u00e9lj\u00fck, ezzel is hozz\u00e1 tudunk j\u00e1rulni az alapvet\u0151 \u00e9s l\u00e9tfontoss\u00e1g\u00fa felszerel\u00e9sek ut\u00e1np\u00f3tl\u00e1s\u00e1hoz.\u201d<\/em> \u2013 mondta el <strong>B\u00f3ta L\u00e1szl\u00f3<\/strong>, az Emirates Cargo Managere.<\/p>\n<p>&nbsp;<\/p>\n<p>Az Emirates SkyCargo \u00faj glob\u00e1lis \u00e1rusz\u00e1ll\u00edt\u00e1si menetrendet l\u00e9ptetett \u00e9letbe. A tehersz\u00e1ll\u00edt\u00f3 rep\u00fcl\u0151g\u00e9pek mellett Boeing 777 t\u00edpus\u00fa, utassz\u00e1ll\u00edt\u00f3 rep\u00fcl\u0151g\u00e9peket is szolg\u00e1latba \u00e1ll\u00edtott, melyek egyenk\u00e9nt 40 tonna rakom\u00e1nyt sz\u00e1ll\u00edtanak, kieg\u00e9sz\u00edtve a tehersz\u00e1ll\u00edt\u00f3 g\u00e9pek kapacit\u00e1s\u00e1t.<\/p>\n<p>&nbsp;<\/p>\n<p>Az Emirates SkyCargo j\u00e1ratai az al\u00e1bbiak szerint indulnak Budapestre m\u00e1rciusban \u00e9s \u00e1prilisban:<\/p>\n<p>&nbsp;<\/p>\n<table>\n<tbody>\n<tr>\n<td>2020. m\u00e1rcius 16.<\/td>\n<td>HKG-BUD<\/td>\n<\/tr>\n<tr>\n<td>2020. m\u00e1rcius 23.<\/td>\n<td>HKG-BUD<\/td>\n<\/tr>\n<tr>\n<td>2020. m\u00e1rcius 30.<\/td>\n<td>HKG-BUD<\/td>\n<\/tr>\n<tr>\n<td>2020. m\u00e1rcius 31.<\/td>\n<td>CAN-BUD<\/td>\n<\/tr>\n<tr>\n<td>2020. \u00e1prilis 2.<\/td>\n<td>HKG-BUD<\/td>\n<\/tr>\n<tr>\n<td>2020. \u00e1prilis 6.<\/td>\n<td>HKG-BUD<\/td>\n<\/tr>\n<tr>\n<td>2020. \u00e1prilis 9.<\/td>\n<td>HKG-BUD<\/td>\n<\/tr>\n<tr>\n<td>2020. \u00e1prilis 19.<\/td>\n<td>HKG-BUD<\/td>\n<\/tr>\n<tr>\n<td>2020. \u00e1prilis 26.<\/td>\n<td>HKG-BUD<\/td>\n<\/tr>\n<\/tbody>\n<\/table>\n<p><strong>\u00a0<\/strong><\/p>\n<p><strong>\u00a0<\/strong><strong>\u00a0<\/strong><\/p>\n<p><strong>Az Emirates-r\u0151l <\/strong><\/p>\n<p>&nbsp;<\/p>\n<p>1985-\u00f6s megalap\u00edt\u00e1sa \u00f3ta t\u00f6bb mint 500 nemzetk\u00f6zi d\u00edjjal ismert\u00e9k el az Emirates Airline azon t\u00f6rekv\u00e9s\u00e9t, hogy p\u00e1ratlan min\u0151s\u00e9g\u0171 szolg\u00e1ltat\u00e1sokat ny\u00fajtson.<\/p>\n<p>&nbsp;<\/p>\n<p>A l\u00e9git\u00e1rsas\u00e1g gyorsan \u00e9s folyamatosan n\u00f6vekszik \u2013\u00a0\u00e1tlagosan \u00e9vi 20 sz\u00e1zal\u00e9kot meghalad\u00f3 \u00fctemben \u2013, \u00e9s az elm\u00falt 25 \u00e9vben folyamatosan nyeres\u00e9gesen m\u0171k\u00f6d\u00f6tt. P\u00e9nz\u00fcgyi szempontb\u00f3l \u00f6nfenntart\u00f3 \u00e9s f\u00fcggetlen. Az Emirates a 2018-2019-es p\u00e9nz\u00fcgyi \u00e9vben 58.6 milli\u00f3 utast sz\u00e1ll\u00edtott, \u00e9s 0.2 milli\u00e1rd doll\u00e1r ad\u00f3z\u00e1s ut\u00e1ni eredm\u00e9nyt \u00e9rt el.<\/p>\n<p>&nbsp;<\/p>\n<p>Az Emirates k\u00f6zpontja Dubajban m\u0171k\u00f6dik, a vil\u00e1g azon n\u00e9h\u00e1ny v\u00e1ros\u00e1nak egyik\u00e9ben, amely a \u201eNyitott \u00c9gbolt\u201d szab\u00e1lyoz\u00e1st k\u00f6veti, \u00e9s t\u00f6bb mint 120 l\u00e9git\u00e1rsas\u00e1gnak biztos\u00edtja a szabad \u00e9s tiszta versenyt.<\/p>\n<p>&nbsp;<\/p>\n<p>A 270, egyt\u0151l-egyig sz\u00e9les t\u00f6rzs\u0171 rep\u00fcl\u0151g\u00e9pb\u0151l, k\u00f6zt\u00fck 11 tehersz\u00e1ll\u00edt\u00f3 g\u00e9pb\u0151l \u00e1ll\u00f3 flott\u00e1ja a vil\u00e1g legfiatalabbjai k\u00f6z\u00e9 tartozik. Az Emirates 214 \u00faj rep\u00fcl\u0151g\u00e9p\u00e9nek lesz\u00e1ll\u00edt\u00e1sa folyamatban van.<\/p>\n<p>&nbsp;<\/p>\n<p>Az Emirates j\u00e1ratai 157 c\u00e9l\u00e1llom\u00e1sra rep\u00fclnek, a vil\u00e1g 83 orsz\u00e1g\u00e1ban; Eur\u00f3p\u00e1ban, \u00c9szak-Amerik\u00e1ban, D\u00e9l-Amerik\u00e1ban, a K\u00f6zel-Keleten, Afrik\u00e1ban, az indiai szubkontinensen \u00e9s az \u00c1zsia-Csendes-\u00f3ce\u00e1ni t\u00e9rs\u00e9gben.<\/p>\n<p>&nbsp;<\/p>\n<p>Az Emirates code-share meg\u00e1llapod\u00e1st k\u00f6t\u00f6tt a k\u00f6vetkez\u0151 l\u00e9git\u00e1rsas\u00e1gokkal: Air Malta, Air Mauritius, Alaska Airlines, Bangkok Airways, Copa Airlines, Flybe, flydubai, Japan Airlines, Jetblue Airways, Jetstar Airways, Jetstar Asia, Jetstar Pacific, Korean Air, LATAM Airlines Brazil, Malaysia Airlines, Qantas, Siberia Airlines, South African Airways, TAP Portugal, Thai Airways International, TGV Air (SNCF), WestJet, Linhas A\u00e9reas Inteligentes S. A. (GOL); valamint a Trenitalia vas\u00fatt\u00e1rsas\u00e1ggal.<\/p>\n<p>&nbsp;<\/p>\n<p>Az Emirates Airline r\u00e9sze az Emirates SkyCargo \u00e9s a Destination &amp; Leisure Management (D&amp;LM), amely a Wolgan Valley Resort &amp; Spa-t, az Emirates Holidays-t, az Arabian Adventures-t \u00e9s a Congress Solution International-t m\u0171k\u00f6dteti. A l\u00e9git\u00e1rsas\u00e1g az Emirates Csoport tagja, amely mag\u00e1ba foglalja a dnata, a Mercator, a Transguard \u00e9s az EmQuest t\u00e1rsv\u00e1llalatokat.<\/p>\n<p>&nbsp;<\/p>\n<p>Tov\u00e1bbi inform\u00e1ci\u00f3: www.emirates.com<\/p>\n<p>&nbsp;<\/p>\n","protected":false},"excerpt":{"rendered":"<p>Az Emirates SkyCargo tehersz\u00e1ll\u00edt\u00f3 g\u00e9pei m\u00e1rcius k\u00f6zepe \u00f3ta \u00e1prilis v\u00e9g\u00e9ig hetente sz\u00e1ll\u00edtanak arcmaszkokat, orvosi eszk\u00f6z\u00f6ket \u00e9s elektronikai felszerel\u00e9seket K\u00edn\u00e1b\u00f3l Budapestre, ezzel is seg\u00edtve a j\u00e1rv\u00e1ny megf\u00e9kez\u00e9s\u00e9\u00e9rt tett er\u0151fesz\u00edt\u00e9seket.<\/p>\n","protected":false},"author":1001006,"featured_media":0,"comment_status":"closed","ping_status":"open","sticky":false,"template":"","format":"standard","meta":[],"categories":[4,427],"tags":[],"_links":{"self":[{"href":"https:\/\/gazdasagportal.hu\/index.php\/wp-json\/wp\/v2\/posts\/125315"}],"collection":[{"href":"https:\/\/gazdasagportal.hu\/index.php\/wp-json\/wp\/v2\/posts"}],"about":[{"href":"https:\/\/gazdasagportal.hu\/index.php\/wp-json\/wp\/v2\/types\/post"}],"author":[{"embeddable":true,"href":"https:\/\/gazdasagportal.hu\/index.php\/wp-json\/wp\/v2\/users\/1001006"}],"replies":[{"embeddable":true,"href":"https:\/\/gazdasagportal.hu\/index.php\/wp-json\/wp\/v2\/comments?post=125315"}],"version-history":[{"count":1,"href":"https:\/\/gazdasagportal.hu\/index.php\/wp-json\/wp\/v2\/posts\/125315\/revisions"}],"predecessor-version":[{"id":125316,"href":"https:\/\/gazdasagportal.hu\/index.php\/wp-json\/wp\/v2\/posts\/125315\/revisions\/125316"}],"wp:attachment":[{"href":"https:\/\/gazdasagportal.hu\/index.php\/wp-json\/wp\/v2\/media?parent=125315"}],"wp:term":[{"taxonomy":"category","embeddable":true,"href":"https:\/\/gazdasagportal.hu\/index.php\/wp-json\/wp\/v2\/categories?post=125315"},{"taxonomy":"post_tag","embeddable":true,"href":"https:\/\/gazdasagportal.hu\/index.php\/wp-json\/wp\/v2\/tags?post=125315"}],"curies":[{"name":"wp","href":"https:\/\/api.w.org\/{rel}","templated":true}]}}