{"id":125291,"date":"2020-04-01T17:13:55","date_gmt":"2020-04-01T15:13:55","guid":{"rendered":"http:\/\/gazdasagportal.hu\/?p=125291"},"modified":"2020-04-01T17:13:55","modified_gmt":"2020-04-01T15:13:55","slug":"koronavirus-egy-nap-alatt-563-mal-emelkedett-a-brit-halalos-aldozatok-szama","status":"publish","type":"post","link":"https:\/\/gazdasagportal.hu\/index.php\/koronavirus-egy-nap-alatt-563-mal-emelkedett-a-brit-halalos-aldozatok-szama\/","title":{"rendered":"Koronav\u00edrus &#8211; Egy nap alatt 563-mal emelkedett a brit hal\u00e1los \u00e1ldozatok sz\u00e1ma"},"content":{"rendered":"<p><strong>A legfrissebb adatok szerint egy nap alatt 563-mal emelkedett az \u00faj t\u00edpus\u00fa koronav\u00edrus okozta betegs\u00e9g nagy-britanniai hal\u00e1los \u00e1ldozatainak sz\u00e1ma.<\/strong><!--more--><\/p>\n<div class=\"ads-in-post1\"><div id=\"gazdasagportal.hu_fullbanner_wideboard\"><\/div>\r\n<\/div>\n<p>    Az \u00e1llami eg\u00e9szs\u00e9g\u00fcgyi szolg\u00e1lat (NHS) szerda d\u00e9lut\u00e1ni t\u00e1j\u00e9koztat\u00e1sa szerint eddig 2352-en haltak meg Nagy-Britanni\u00e1ban a SARS-CoV-2 nev\u0171 v\u00edrus okozta Covid-19 megbeteged\u00e9sben.     A szerd\u00e1n bejelentett 563 hal\u00e1leset az eddigi legnagyobb napi hal\u00e1loz\u00e1si sz\u00e1m a brit adatok rendszeres k\u00f6zl\u00e9s\u00e9nek kezdete \u00f3ta.<br \/>\n    A brit eg\u00e9szs\u00e9g\u00fcgyi miniszt\u00e9rium besz\u00e1mol\u00f3ja alapj\u00e1n szerda d\u00e9lel\u0151ttig az el\u0151z\u0151 napi 25 150-r\u0151l 4324-gyel 29 474-re emelkedett azoknak a sz\u00e1ma, akiknek szervezet\u00e9ben kimutatt\u00e1k az \u00faj koronav\u00edrust.<br \/>\n    Nagy-Britanni\u00e1ban eddig csaknem 153 ezer sz\u0171r\u00e9st v\u00e9geztek.<br \/>\n    A brit eg\u00e9szs\u00e9g\u00fcgyi hat\u00f3s\u00e1gok kor\u00e1bban naponta \u00e1tlagosan hatezer koronav\u00edrustesztet v\u00e9geztek el, de a korm\u00e1ny \u00e1prilis k\u00f6zep\u00e9ig 25 ezerre tervezi emelni a sz\u0171r\u00e9sek napi sz\u00e1m\u00e1t.<br \/>\n<div class=\"ads-in-post2\"><script async src=\"https:\/\/pagead2.googlesyndication.com\/pagead\/js\/adsbygoogle.js\"><\/script>\r\n<ins class=\"adsbygoogle\"\r\n     style=\"display:block\"\r\n     data-ad-format=\"fluid\"\r\n     data-ad-layout-key=\"-6t+ed+2i-1n-4w\"\r\n     data-ad-client=\"ca-pub-1959107119989764\"\r\n     data-ad-slot=\"4008251320\"><\/ins>\r\n<script>\r\n     (adsbygoogle = window.adsbygoogle || []).push({});\r\n<\/script><\/div>\n    A sz\u0171r\u00e9ssel igazolt fert\u0151z\u00f6ttek k\u00f6z\u00f6tt van K\u00e1roly tr\u00f3n\u00f6r\u00f6k\u00f6s, II. Erzs\u00e9bet kir\u00e1lyn\u0151 71 \u00e9ves fia &#8211; b\u00e1r \u0151 m\u00e1r fel\u00e9p\u00fclt \u00e9s egyhetes karant\u00e9nid\u0151szaka v\u00e9get \u00e9rt -, valamint Boris Johnson minisztereln\u00f6k, Matt Hancock eg\u00e9szs\u00e9g\u00fcgyi miniszter, Chris Whitty angliai tisztif\u0151orvos, a brit korm\u00e1ny eg\u00e9szs\u00e9g\u00fcgyi f\u0151tan\u00e1csad\u00f3ja \u00e9s David Frost, az Egyes\u00fclt Kir\u00e1lys\u00e1g \u00e9s az Eur\u00f3pai Uni\u00f3 j\u00f6v\u0151beni k\u00e9toldal\u00fa kapcsolatrendszer\u00e9r\u0151l sz\u00f3l\u00f3 t\u00e1rgyal\u00e1sok brit k\u00fcld\u00f6tts\u00e9gvezet\u0151je.<br \/>\n    Michel Barnier, az Eur\u00f3pai Bizotts\u00e1g f\u0151t\u00e1rgyal\u00f3ja, Frost k\u00f6zvetlen t\u00e1rgyal\u00f3partnere a m\u00falt h\u00f3nap v\u00e9g\u00e9n bejelentette, hogy az \u0151 koronav\u00edrustesztje is pozit\u00edv lett.<br \/>\n    A k\u00f6zvetlen t\u00e1rgyal\u00e1sok jelenleg sz\u00fcnetelnek, a felek videokapcsolat seg\u00edts\u00e9g\u00e9vel tervezik a folytat\u00e1st.(MTI)<\/p>\n","protected":false},"excerpt":{"rendered":"<p>A legfrissebb adatok szerint egy nap alatt 563-mal emelkedett az \u00faj t\u00edpus\u00fa koronav\u00edrus okozta betegs\u00e9g nagy-britanniai hal\u00e1los \u00e1ldozatainak sz\u00e1ma.<\/p>\n","protected":false},"author":1001006,"featured_media":0,"comment_status":"closed","ping_status":"open","sticky":false,"template":"","format":"standard","meta":[],"categories":[12,427],"tags":[428],"_links":{"self":[{"href":"https:\/\/gazdasagportal.hu\/index.php\/wp-json\/wp\/v2\/posts\/125291"}],"collection":[{"href":"https:\/\/gazdasagportal.hu\/index.php\/wp-json\/wp\/v2\/posts"}],"about":[{"href":"https:\/\/gazdasagportal.hu\/index.php\/wp-json\/wp\/v2\/types\/post"}],"author":[{"embeddable":true,"href":"https:\/\/gazdasagportal.hu\/index.php\/wp-json\/wp\/v2\/users\/1001006"}],"replies":[{"embeddable":true,"href":"https:\/\/gazdasagportal.hu\/index.php\/wp-json\/wp\/v2\/comments?post=125291"}],"version-history":[{"count":1,"href":"https:\/\/gazdasagportal.hu\/index.php\/wp-json\/wp\/v2\/posts\/125291\/revisions"}],"predecessor-version":[{"id":125292,"href":"https:\/\/gazdasagportal.hu\/index.php\/wp-json\/wp\/v2\/posts\/125291\/revisions\/125292"}],"wp:attachment":[{"href":"https:\/\/gazdasagportal.hu\/index.php\/wp-json\/wp\/v2\/media?parent=125291"}],"wp:term":[{"taxonomy":"category","embeddable":true,"href":"https:\/\/gazdasagportal.hu\/index.php\/wp-json\/wp\/v2\/categories?post=125291"},{"taxonomy":"post_tag","embeddable":true,"href":"https:\/\/gazdasagportal.hu\/index.php\/wp-json\/wp\/v2\/tags?post=125291"}],"curies":[{"name":"wp","href":"https:\/\/api.w.org\/{rel}","templated":true}]}}