{"id":125287,"date":"2020-04-01T15:38:56","date_gmt":"2020-04-01T13:38:56","guid":{"rendered":"http:\/\/gazdasagportal.hu\/?p=125287"},"modified":"2020-04-01T15:38:56","modified_gmt":"2020-04-01T13:38:56","slug":"a-vartnal-kevesbe-csokkent-a-foglalkoztatottsag-marciusban-az-egyesult-allamokban","status":"publish","type":"post","link":"https:\/\/gazdasagportal.hu\/index.php\/a-vartnal-kevesbe-csokkent-a-foglalkoztatottsag-marciusban-az-egyesult-allamokban\/","title":{"rendered":"A v\u00e1rtn\u00e1l kev\u00e9sb\u00e9 cs\u00f6kkent a foglalkoztatotts\u00e1g m\u00e1rciusban az Egyes\u00fclt \u00c1llamokban"},"content":{"rendered":"<p><strong>A v\u00e1rtn\u00e1l j\u00f3val kev\u00e9sb\u00e9 cs\u00f6kkent a foglalkoztat\u00e1s az Egyes\u00fclt \u00c1llamokban m\u00e1rciusban az ADP munka\u00fcgyi adatfeldolgoz\u00f3 int\u00e9zet szerd\u00e1n k\u00f6zz\u00e9tett adatai szerint.<\/strong><!--more--><\/p>\n<div class=\"ads-in-post1\"><div id=\"gazdasagportal.hu_fullbanner_wideboard\"><\/div>\r\n<\/div>\n<p>    A hum\u00e1ner\u0151forr\u00e1s-gazd\u00e1lkod\u00e1si, b\u00e9rgazd\u00e1lkod\u00e1si \u00e9s ad\u00f3z\u00e1si szolg\u00e1ltat\u00e1sokat ny\u00fajt\u00f3 int\u00e9zet (Automatic Data Processing\/ADP) kimutat\u00e1sa szerint az \u00e9v harmadik h\u00f3napj\u00e1ban 27 ezerrel cs\u00f6kkent a mag\u00e1nszektor nem mez\u0151gazdas\u00e1gi \u00e1gazataiban foglalkoztatottak sz\u00e1ma. Piaci elemz\u0151k j\u00f3val nagyobb, 150 ezres cs\u00f6kken\u00e9st v\u00e1rtak.<br \/>\n    A febru\u00e1rra k\u00f6z\u00f6lt 183 ezres n\u00f6veked\u00e9st lefel\u00e9, 179 ezerre m\u00f3dos\u00edtotta az ADP a fel\u00fclvizsg\u00e1lat ut\u00e1n.<br \/>\n    Az eredm\u00e9nyt azonban torz\u00edtja, hogy a jelent\u00e9st mindig az adott h\u00f3nap 12. napj\u00e1ig be\u00e9rkez\u0151 adatok alapj\u00e1n \u00e1ll\u00edtj\u00e1k \u00f6ssze, \u00edgy a most k\u00f6z\u00f6lt m\u00e1rciusi adatok nem t\u00fckr\u00f6zik teljes eg\u00e9sz\u00e9ben az \u00faj koronav\u00edrus \u00e1ltal okozott j\u00e1rv\u00e1ny hat\u00e1s\u00e1t a foglalkoztatotts\u00e1gi helyzetre.<br \/>\n    Az Egyes\u00fclt \u00c1llamokban m\u00e1rcius k\u00f6zep\u00e9t\u0151l kezdtek el igaz\u00e1n szigor\u00fa int\u00e9zked\u00e9seket bevezetni a j\u00e1rv\u00e1ny megf\u00e9kez\u00e9s\u00e9nek \u00e9rdek\u00e9ben, \u00e9s ennek hat\u00e1s\u00e1ra lef\u00e9kezett az amerikai gazdas\u00e1g, er\u0151s elbocs\u00e1t\u00e1si hull\u00e1m indult.<br \/>\n    Az ADP jelent\u00e9se szerint m\u00e1rciusban a cs\u00f6kken\u00e9s k\u00e9tharmada a szolg\u00e1ltat\u00f3ipari szektornak tudhat\u00f3 be, ahol m\u00e1rciusban 18 ezerrel cs\u00f6kkent a foglalkoztatottak sz\u00e1ma. Az \u00e1rutermel\u00e9sben 9 ezerrel cs\u00f6kkent a foglalkoztatottak sz\u00e1ma.<br \/>\n<div class=\"ads-in-post2\"><script async src=\"https:\/\/pagead2.googlesyndication.com\/pagead\/js\/adsbygoogle.js\"><\/script>\r\n<ins class=\"adsbygoogle\"\r\n     style=\"display:block\"\r\n     data-ad-format=\"fluid\"\r\n     data-ad-layout-key=\"-6t+ed+2i-1n-4w\"\r\n     data-ad-client=\"ca-pub-1959107119989764\"\r\n     data-ad-slot=\"4008251320\"><\/ins>\r\n<script>\r\n     (adsbygoogle = window.adsbygoogle || []).push({});\r\n<\/script><\/div>\n    A foglalkoztatotts\u00e1g azonban csak a legfeljebb 49 alkalmazottat foglalkoztat\u00f3 kisv\u00e1llalatokn\u00e1l cs\u00f6kkent, m\u00e9gpedig 90 ezerrel. Az 50-499 alkalmazottat foglalkoztat\u00f3 k\u00f6z\u00e9pv\u00e1llalatokn\u00e1l m\u00e9g 7 ezerrel, a nagyv\u00e1llalatokn\u00e1l pedig 56 ezerrel emelkedett a munkahelyek sz\u00e1ma.<br \/>\n    Az amerikai munka\u00fcgyi miniszt\u00e9rium statisztikai hivatala p\u00e9nteken k\u00f6zli a gazdas\u00e1g eg\u00e9sz\u00e9re vonatkoz\u00f3 m\u00e1rciusi munkaer\u0151piaci adatait. Elemz\u0151k 100 ezres cs\u00f6kken\u00e9st v\u00e1rnak a febru\u00e1ri 273 ezres emelked\u00e9s ut\u00e1n.<br \/>\n    Az ADP adatai szerint 2019 eg\u00e9sz\u00e9ben havi \u00e1tlagban t\u00f6bb mint 159 ezerrel emelkedett a mag\u00e1nszektor nem mez\u0151gazdas\u00e1gi \u00e1gazataiban foglalkoztatottak sz\u00e1ma, a legnagyobb m\u00e9rt\u00e9kben, 300 ezerrel janu\u00e1rban, a legkev\u00e9sb\u00e9 41 ezerrel, m\u00e1jusban.(MTI)<\/p>\n","protected":false},"excerpt":{"rendered":"<p>A v\u00e1rtn\u00e1l j\u00f3val kev\u00e9sb\u00e9 cs\u00f6kkent a foglalkoztat\u00e1s az Egyes\u00fclt \u00c1llamokban m\u00e1rciusban az ADP munka\u00fcgyi adatfeldolgoz\u00f3 int\u00e9zet szerd\u00e1n k\u00f6zz\u00e9tett adatai szerint.<\/p>\n","protected":false},"author":1001006,"featured_media":0,"comment_status":"closed","ping_status":"open","sticky":false,"template":"","format":"standard","meta":[],"categories":[13,246],"tags":[],"_links":{"self":[{"href":"https:\/\/gazdasagportal.hu\/index.php\/wp-json\/wp\/v2\/posts\/125287"}],"collection":[{"href":"https:\/\/gazdasagportal.hu\/index.php\/wp-json\/wp\/v2\/posts"}],"about":[{"href":"https:\/\/gazdasagportal.hu\/index.php\/wp-json\/wp\/v2\/types\/post"}],"author":[{"embeddable":true,"href":"https:\/\/gazdasagportal.hu\/index.php\/wp-json\/wp\/v2\/users\/1001006"}],"replies":[{"embeddable":true,"href":"https:\/\/gazdasagportal.hu\/index.php\/wp-json\/wp\/v2\/comments?post=125287"}],"version-history":[{"count":1,"href":"https:\/\/gazdasagportal.hu\/index.php\/wp-json\/wp\/v2\/posts\/125287\/revisions"}],"predecessor-version":[{"id":125288,"href":"https:\/\/gazdasagportal.hu\/index.php\/wp-json\/wp\/v2\/posts\/125287\/revisions\/125288"}],"wp:attachment":[{"href":"https:\/\/gazdasagportal.hu\/index.php\/wp-json\/wp\/v2\/media?parent=125287"}],"wp:term":[{"taxonomy":"category","embeddable":true,"href":"https:\/\/gazdasagportal.hu\/index.php\/wp-json\/wp\/v2\/categories?post=125287"},{"taxonomy":"post_tag","embeddable":true,"href":"https:\/\/gazdasagportal.hu\/index.php\/wp-json\/wp\/v2\/tags?post=125287"}],"curies":[{"name":"wp","href":"https:\/\/api.w.org\/{rel}","templated":true}]}}