{"id":125279,"date":"2020-04-01T13:09:54","date_gmt":"2020-04-01T11:09:54","guid":{"rendered":"http:\/\/gazdasagportal.hu\/?p=125279"},"modified":"2020-04-01T13:09:54","modified_gmt":"2020-04-01T11:09:54","slug":"nemetorszagban-tovabbra-is-viszonylag-lassu-a-terjedes-luxemburgban-egyre-tobb-a-fertozott","status":"publish","type":"post","link":"https:\/\/gazdasagportal.hu\/index.php\/nemetorszagban-tovabbra-is-viszonylag-lassu-a-terjedes-luxemburgban-egyre-tobb-a-fertozott\/","title":{"rendered":"N\u00e9metorsz\u00e1gban tov\u00e1bbra is viszonylag lass\u00fa a terjed\u00e9s, Luxemburgban egyre t\u00f6bb a fert\u0151z\u00f6tt"},"content":{"rendered":"<p><strong>N\u00e9metorsz\u00e1gban tov\u00e1bbra is viszonylag lass\u00fa \u00fctemben emelkedik az \u00faj t\u00edpus\u00fa koronav\u00edrussal (SARS-CoV-2) bizony\u00edtottan fert\u0151z\u00f6ttek sz\u00e1ma, a v\u00edrus okozta betegs\u00e9g (Covid-19) hal\u00e1los \u00e1ldozatainak sz\u00e1ma viszont egyre nagyobb m\u00e9rt\u00e9kben emelkedik.<\/strong><!--more--><\/p>\n<div class=\"ads-in-post1\"><div id=\"gazdasagportal.hu_fullbanner_wideboard\"><\/div>\r\n<\/div>\n<p>    A Johns Hopkins Egyetem kimutat\u00e1sa szerint kedd d\u00e9lel\u0151tt 71 808 fert\u0151z\u00f6ttet tartottak nyilv\u00e1n, ami 4923 esettel &#8211; 7,3 sz\u00e1zal\u00e9kkal &#8211; t\u00f6bb azt egy nappal kor\u00e1bbi 66 885-n\u00e9l. Egy nappal kor\u00e1bban hasonl\u00f3, 7,1 sz\u00e1zal\u00e9kos emelked\u00e9st m\u00e9rtek.<br \/>\n    A Covid-19 betegs\u00e9gben elhunytak sz\u00e1ma ism\u00e9t t\u00f6bb mint 100-zal n\u0151tt, a kedd d\u00e9lel\u0151tt regisztr\u00e1lt 645-r\u0151l 775-re emelkedett. J\u00e1rv\u00e1ny\u00fcgyi szak\u00e9rt\u0151k szerint ez annak tulajdon\u00edthat\u00f3, hogy az id\u0151sebb koroszt\u00e1lyokban is fel\u00fct\u00f6tte a fej\u00e9t a v\u00edrus, m\u00edg a j\u00e1rv\u00e1ny els\u0151 szakasz\u00e1ban f\u0151leg fiatalokat fert\u0151z\u00f6tt meg.<br \/>\n    A Robert Koch orsz\u00e1gos j\u00e1rv\u00e1ny\u00fcgyi int\u00e9zet (RKI) adatai szerint a regisztr\u00e1lt fert\u0151z\u00f6ttek \u00e1tlag\u00e9letkora jelenleg 47 \u00e9v, sz\u0171k t\u00f6bbs\u00e9g\u00fck, 52 sz\u00e1zal\u00e9kuk f\u00e9rfi. A fert\u0151z\u00e9s leggyakoribb t\u00fcnetei a k\u00f6h\u00f6g\u00e9s \u00e9s a l\u00e1z. A hal\u00e1los \u00e1ldozatok \u00e1tlag\u00e9letkora 80 \u00e9v, a legfiatalabb \u00e1ldozat 28 \u00e9ves volt, de neki is volt m\u00e1s, kr\u00f3nikus alapbetegs\u00e9ge.<br \/>\n    Intenz\u00edv oszt\u00e1lyon t\u00f6bb mint 1500 beteget \u00e1polnak. A j\u00e1rv\u00e1ny el\u0151tt orsz\u00e1gszerte mintegy 28 ezer f\u00e9r\u0151hely volt az intenz\u00edv oszt\u00e1lyokon, \u00e9s k\u00f3rh\u00e1zt\u00f3l f\u00fcgg\u0151en 70 \u00e9s 80 sz\u00e1zal\u00e9k k\u00f6z\u00f6tt volt a foglalts\u00e1gi ar\u00e1ny. Az intenz\u00edv \u00e1gyak sz\u00e1m\u00e1t id\u0151k\u00f6zben 40 ezerre emelt\u00e9k, \u00e9s \u00e1tszervez\u00e9ssel, m\u0171t\u00e9tek halaszt\u00e1s\u00e1val 55 sz\u00e1zal\u00e9kra cs\u00f6kkentett\u00e9k a foglalts\u00e1gi ar\u00e1nyt. A koronav\u00edrus-j\u00e1rv\u00e1ny \u00edgy egyel\u0151re nem fesz\u00edti t\u00fal az ell\u00e1t\u00f3rendszer kapacit\u00e1sait, \u00e9s t\u00f6bb k\u00f3rh\u00e1zban Olaszorsz\u00e1gb\u00f3l \u00e9s Franciaorsz\u00e1gb\u00f3l is fogadnak intenz\u00edv ell\u00e1t\u00e1sra szorul\u00f3 betegeket.<br \/>\n<div class=\"ads-in-post2\"><script async src=\"https:\/\/pagead2.googlesyndication.com\/pagead\/js\/adsbygoogle.js\"><\/script>\r\n<ins class=\"adsbygoogle\"\r\n     style=\"display:block\"\r\n     data-ad-format=\"fluid\"\r\n     data-ad-layout-key=\"-6t+ed+2i-1n-4w\"\r\n     data-ad-client=\"ca-pub-1959107119989764\"\r\n     data-ad-slot=\"4008251320\"><\/ins>\r\n<script>\r\n     (adsbygoogle = window.adsbygoogle || []).push({});\r\n<\/script><\/div>\n    Hollandi\u00e1ban szerda reggelre a fert\u0151z\u00e9sek sz\u00e1ma 845-el n\u0151tt, \u00edgy \u00f6sszesen 12 595-en fert\u0151z\u00f6ttet tartanak sz\u00e1mon az orsz\u00e1gban. A holland sajt\u00f3 jelent\u00e9sei szerint a fert\u0151z\u00e9sek sz\u00e1ma azonban, folyamatosan cs\u00f6kken a j\u00e1rv\u00e1ny eddigi g\u00f3cpontj\u00e1ban, az \u00c9szak-Brabant tartom\u00e1nyban. Az eg\u00e9szs\u00e9g\u00fcgyi miniszt\u00e9rium t\u00f6bb sz\u00e1z \u00faj intenz\u00edv \u00e1pol\u00e1si f\u00e9r\u0151hely l\u00e9tes\u00edt\u00e9s\u00e9t \u00edg\u00e9ri a h\u00e9t v\u00e9g\u00e9re, tov\u00e1bb\u00e1 az orsz\u00e1g \u00f6sszes eg\u00e9szs\u00e9g\u00fcgyi dolgoz\u00f3ja sz\u00e1m\u00e1ra tesztel\u00e9st tervez bevezetni. Az \u00e1ldozatok sz\u00e1ma a napokban \u00e1tl\u00e9pte az ezret, eddig 1039 hal\u00e1los \u00e1ldozata van a koronav\u00edrus-j\u00e1rv\u00e1nynak az orsz\u00e1gban.<br \/>\n    Luxemburgban \u00fajra felgyorsult a terjed\u00e9s \u00fcteme, ism\u00e9t 200 k\u00f6r\u00fcli az \u00faj fert\u0151z\u00e9sek sz\u00e1ma a t\u00f6bb mint f\u00e9lmilli\u00f3 lakos\u00fa orsz\u00e1gban. A h\u00e9t elej\u00e9n tapasztalt lassul\u00e1st Paulette Lenert eg\u00e9szs\u00e9g\u00fcgyi miniszter azzal magyar\u00e1zta, hogy az orsz\u00e1g n\u00e9gy speci\u00e1lis gondoz\u00e1si k\u00f6zpontj\u00e1ban, h\u00e9tv\u00e9g\u00e9n kev\u00e9sb\u00e9 kiterjedt a sz\u0171r\u00e9s, mint a h\u00e9t folyam\u00e1n. A nagyhercegs\u00e9gben a v\u00e1ls\u00e1g kezdete \u00f3ta 17 511 koronav\u00edrus-tesztet v\u00e9geztek el. Az orsz\u00e1gban 2178 fert\u0151z\u00f6ttet tartanak sz\u00e1mon, k\u00f6z\u00fcl\u00fck mintegy h\u00e1romsz\u00e1z k\u00fclf\u00f6ldi. A j\u00e1rv\u00e1ny okozta betegs\u00e9gben elhunytak sz\u00e1ma 23.<br \/>\n    Belgiumban 1189 \u00faj fert\u0151z\u00e9st azonos\u00edtottak, a j\u00e1rv\u00e1nyban megbetegedettek sz\u00e1ma lassan el\u00e9ri a n\u00e9gyezret. A belga k\u00f6zeg\u00e9szs\u00e9g\u00fcgyi szolg\u00e1lat szerdai sajt\u00f3t\u00e1j\u00e9koztat\u00f3ja szerint a fert\u0151z\u00e9s terjed\u00e9se lassul\u00f3 tendenci\u00e1t mutat, de a szak\u00e9rt\u0151k felh\u00edvt\u00e1k a figyelmet, hogy a j\u00e1rv\u00e1nyellenes er\u0151fesz\u00edt\u00e9sek nem lankadhatnak.<br \/>\n    &#8222;\u00dagy t\u0171nik, lassul a terjed\u00e9s, de t\u00fal korai lenne b\u00e1rmit is el\u0151re megj\u00f3solnunk. A k\u00f3rh\u00e1zban \u00e1poltak l\u00e9tsz\u00e1ma tov\u00e1bbra is nagyon magas. A v\u00e9delmi int\u00e9zked\u00e9sek betart\u00e1sa l\u00e9tfontoss\u00e1g\u00fa&#8221; &#8211; hangoztatta Emmanuel Andr\u00e9, a k\u00f6zeg\u00e9szs\u00e9g\u00fcgyi szolg\u00e1lat munkat\u00e1rsa.<br \/>\n    Belgiumban az elm\u00falt 24 \u00f3r\u00e1ban a j\u00e1rv\u00e1ny 123 ember hal\u00e1l\u00e1t okozta, a halottak sz\u00e1ma 828. K\u00f3rh\u00e1zban 4995 beteget \u00e1polnak, ebb\u0151l k\u00f6z\u00fcl\u00fck 1088 intenz\u00edv ell\u00e1t\u00e1sban r\u00e9szes\u00fcl. Az intenz\u00edv k\u00f3rh\u00e1zi oszt\u00e1lyi \u00e1gyak jelenleg t\u00f6bb mint fele foglalt.(MTI)<\/p>\n","protected":false},"excerpt":{"rendered":"<p>N\u00e9metorsz\u00e1gban tov\u00e1bbra is viszonylag lass\u00fa \u00fctemben emelkedik az \u00faj t\u00edpus\u00fa koronav\u00edrussal (SARS-CoV-2) bizony\u00edtottan fert\u0151z\u00f6ttek sz\u00e1ma, a v\u00edrus okozta betegs\u00e9g (Covid-19) hal\u00e1los \u00e1ldozatainak sz\u00e1ma viszont egyre nagyobb m\u00e9rt\u00e9kben emelkedik.<\/p>\n","protected":false},"author":1001006,"featured_media":0,"comment_status":"closed","ping_status":"open","sticky":false,"template":"","format":"standard","meta":[],"categories":[12,427],"tags":[428],"_links":{"self":[{"href":"https:\/\/gazdasagportal.hu\/index.php\/wp-json\/wp\/v2\/posts\/125279"}],"collection":[{"href":"https:\/\/gazdasagportal.hu\/index.php\/wp-json\/wp\/v2\/posts"}],"about":[{"href":"https:\/\/gazdasagportal.hu\/index.php\/wp-json\/wp\/v2\/types\/post"}],"author":[{"embeddable":true,"href":"https:\/\/gazdasagportal.hu\/index.php\/wp-json\/wp\/v2\/users\/1001006"}],"replies":[{"embeddable":true,"href":"https:\/\/gazdasagportal.hu\/index.php\/wp-json\/wp\/v2\/comments?post=125279"}],"version-history":[{"count":1,"href":"https:\/\/gazdasagportal.hu\/index.php\/wp-json\/wp\/v2\/posts\/125279\/revisions"}],"predecessor-version":[{"id":125280,"href":"https:\/\/gazdasagportal.hu\/index.php\/wp-json\/wp\/v2\/posts\/125279\/revisions\/125280"}],"wp:attachment":[{"href":"https:\/\/gazdasagportal.hu\/index.php\/wp-json\/wp\/v2\/media?parent=125279"}],"wp:term":[{"taxonomy":"category","embeddable":true,"href":"https:\/\/gazdasagportal.hu\/index.php\/wp-json\/wp\/v2\/categories?post=125279"},{"taxonomy":"post_tag","embeddable":true,"href":"https:\/\/gazdasagportal.hu\/index.php\/wp-json\/wp\/v2\/tags?post=125279"}],"curies":[{"name":"wp","href":"https:\/\/api.w.org\/{rel}","templated":true}]}}