{"id":125246,"date":"2020-03-31T12:18:17","date_gmt":"2020-03-31T10:18:17","guid":{"rendered":"http:\/\/gazdasagportal.hu\/?p=125246"},"modified":"2020-03-31T12:18:17","modified_gmt":"2020-03-31T10:18:17","slug":"mazars-julius-1-tol-akar-500-ezer-forint-is-lehet-a-birsag-szamlankent","status":"publish","type":"post","link":"https:\/\/gazdasagportal.hu\/index.php\/mazars-julius-1-tol-akar-500-ezer-forint-is-lehet-a-birsag-szamlankent\/","title":{"rendered":"MAZARS: J\u00falius 1-t\u0151l ak\u00e1r 500 ezer forint is lehet a b\u00edrs\u00e1g sz\u00e1ml\u00e1nk\u00e9nt"},"content":{"rendered":"<p><strong>Alig h\u00e1rom h\u00f3nap m\u00falva, azaz 2020. j\u00falius 1-t\u0151l l\u00e9pnek \u00e9letbe az online sz\u00e1mlaadat-szolg\u00e1ltat\u00e1sban bevezetett v\u00e1ltoz\u00e1sok, mely szerint minden v\u00e1llalkoz\u00e1snak minden olyan sz\u00e1mla eset\u00e9ben, amelyet belf\u00f6ldi ad\u00f3alany r\u00e9sz\u00e9re, belf\u00f6ld\u00f6n \u00e1ll\u00edtott ki &#8211; val\u00f3s id\u0151ben adatot kell szolg\u00e1ltatni az ad\u00f3hat\u00f3s\u00e1g fel\u00e9. Amennyiben az adatszolg\u00e1ltat\u00e1s elmarad, sz\u00e1ml\u00e1nk\u00e9nt ak\u00e1r 500 ezer forint b\u00edrs\u00e1got is kiszabhat a hat\u00f3s\u00e1g. A MAZARS \u00f6sszefoglal\u00f3ja szerint a v\u00e1ltoz\u00e1s &#8211; r\u00f6vid t\u00e1von &#8211; n\u00f6veli az ad\u00f3z\u00f3k adminisztr\u00e1ci\u00f3s terheit, de c\u00e9lja, hogy ez\u00e1ltal a j\u00f6v\u0151ben \u00e1ltal\u00e1nos forgalmi ad\u00f3 bevall\u00e1si tervezetek \u00e1lljanak rendelkez\u00e9sre az ad\u00f3z\u00f3k sz\u00e1m\u00e1ra. <\/strong><!--more--><\/p>\n<div class=\"ads-in-post2\"><script async src=\"https:\/\/pagead2.googlesyndication.com\/pagead\/js\/adsbygoogle.js\"><\/script>\r\n<ins class=\"adsbygoogle\"\r\n     style=\"display:block\"\r\n     data-ad-format=\"fluid\"\r\n     data-ad-layout-key=\"-6t+ed+2i-1n-4w\"\r\n     data-ad-client=\"ca-pub-1959107119989764\"\r\n     data-ad-slot=\"4008251320\"><\/ins>\r\n<script>\r\n     (adsbygoogle = window.adsbygoogle || []).push({});\r\n<\/script><\/div>\n<p><strong>\u00a0<\/strong><\/p>\n<p><em>\u201cA tavaly \u00e9v v\u00e9g\u00e9n elfogadott \u00faj ad\u00f3csomag \u00e9rtelm\u00e9ben, m\u00e1r csak <strong>p\u00e1r het\u00fck maradt az ad\u00f3z\u00f3knak, hogy felk\u00e9sz\u00fcljenek <\/strong>arra, hogy minden olyan sz\u00e1mla eset\u00e9ben, amelyet belf\u00f6ldi ad\u00f3alany r\u00e9sz\u00e9re, belf\u00f6ld\u00f6n teljes\u00edtett term\u00e9k\u00e9rt\u00e9kes\u00edt\u00e9sr\u0151l, szolg\u00e1ltat\u00e1sny\u00fajt\u00e1sr\u00f3l \u00e1ll\u00edtottak ki arr\u00f3l val\u00f3s id\u0151ben <\/em>\u2013<em> azaz a ki\u00e1ll\u00edt\u00e1s pillanat\u00e1ban <\/em>\u2013<em> adjanak adatszolg\u00e1ltat\u00e1st az ad\u00f3hat\u00f3s\u00e1g fel\u00e9. Ennek \u00e9rtelm\u00e9ben j\u00falius 1<\/em>&#8211;<em>t\u0151l <strong>megsz\u0171nik a jelenleg 100.000 forintos \u00e9rt\u00e9khat\u00e1r, illetve az adatszolg\u00e1ltat\u00e1s kiterjed az ad\u00f3t nem tartalmaz\u00f3 sz\u00e1ml\u00e1kra is<\/strong>, <strong>az ad\u00f3mentes vagy a belf\u00f6ldi ford\u00edtott ad\u00f3z\u00e1s al\u00e1 es\u0151 \u00fcgyletekre<\/strong>. Ez p\u00e9ld\u00e1ul az alanyi \u00e1famentes KATA-s v\u00e1llalkoz\u00e1sokat is \u00e9rinti, nem mag\u00e1nszem\u00e9ly fel\u00e9 \u00e1ll\u00edtanak ki sz\u00e1ml\u00e1t. Amennyiben az adatszolg\u00e1ltat\u00e1s elmarad, sz\u00e1ml\u00e1nk\u00e9nt ak\u00e1r 500 ezer forint b\u00edrs\u00e1got is kiszabhat a hat\u00f3s\u00e1g.\u201d<\/em> \u2013 fogalmazott <strong>H. Nagy D\u00e1niel, a MAZARS ad\u00f3igazgat\u00f3ja<\/strong>.<\/p>\n<p>&nbsp;<\/p><div id=\"gazda-234709827\" class=\"gazda-tartalomban gazda-entity-placement\"><script async src=\"https:\/\/pagead2.googlesyndication.com\/pagead\/js\/adsbygoogle.js\"><\/script>\r\n<ins class=\"adsbygoogle\"\r\n     style=\"display:block\"\r\n     data-ad-format=\"fluid\"\r\n     data-ad-layout-key=\"-6t+ed+2i-1n-4w\"\r\n     data-ad-client=\"ca-pub-1959107119989764\"\r\n     data-ad-slot=\"4008251320\"><\/ins>\r\n<script>\r\n     (adsbygoogle = window.adsbygoogle || []).push({});\r\n<\/script><\/div>\n<p><strong>A fenti v\u00e1ltoz\u00e1sok<\/strong> \u2013 azoknak a v\u00e1llalkoz\u00e1soknak, akik eddig nem voltak \u00e9rintettek az adatszolg\u00e1ltat\u00e1sban vagy sz\u00e1mlat\u00f6mb\u00f6t haszn\u00e1ltak sz\u00e1mlakibocs\u00e1t\u00e1sra \u2013 <strong>sz\u00fcks\u00e9gess\u00e9 teszik<\/strong> <strong>az informatikai fejleszt\u00e9s<\/strong>t, nekik \u00e9rdemes <strong>\u00e1tt\u00e9rni a sz\u00e1ml\u00e1z\u00f3 program haszn\u00e1lat\u00e1ra.<\/strong> Akik m\u00e1r haszn\u00e1lj\u00e1k az online sz\u00e1ml\u00e1z\u00e1st, azok figyeljenek arra, hogy <strong>meg kell oldaniuk az online sz\u00e1mla 2.0 interf\u00e9sz-specifik\u00e1ci\u00f3n \u00e9s az ehhez kapcsol\u00f3d\u00f3 \u00faj XSD-s\u00e9ma alkalmaz\u00e1s\u00e1ra val\u00f3 \u00e1t\u00e1ll\u00e1st.<\/strong> A vil\u00e1gj\u00e1rv\u00e1ny hat\u00e1saira tekintettel <strong>\u00e1prilis 1-t\u0151l m\u00e9g nem v\u00e1lik \u00e1ltal\u00e1nosan k\u00f6telez\u0151v\u00e9 a 2.0-\u00e1s XSD verzi\u00f3 haszn\u00e1lata<\/strong>. 2020. j\u00falius 1-j\u00e9ig az 1.1 verzi\u00f3val k\u00fcld\u00f6tt adatszolg\u00e1ltat\u00e1sokat is feldolgozza a NAV rendszere.<\/p>\n<div class=\"ads-in-post1\"><div id=\"gazdasagportal.hu_fullbanner_wideboard\"><\/div>\r\n<\/div>\n<strong>\u00a0<\/strong><\/p>\n<p><strong>Hogyan \u00e9rinti a v\u00e1ltoz\u00e1s a belf\u00f6ldi \u00f6sszes\u00edt\u0151 jelent\u00e9st (M-lapokat)?<\/strong><\/p>\n<p><strong>\u00a0<\/strong><\/p>\n<p>A szakember elmondta azt is, hogy az adatszolg\u00e1ltat\u00e1s v\u00e1ltoz\u00e1s k\u00f6vetkezt\u00e9ben \u2013 2020. j\u00falius 1-j\u00e9t\u0151l \u2013 <strong>v\u00e1ltoznak a belf\u00f6ldi \u00f6sszes\u00edt\u0151 jelent\u00e9sre vonatkoz\u00f3 szab\u00e1lyok is<\/strong>. A 100.000 forintos \u00e9rt\u00e9khat\u00e1r megsz\u0171n\u00e9se miatt <strong>minden olyan befogadott sz\u00e1ml\u00e1t szerepeltetni kell<\/strong> az \u00e1fa bevall\u00e1s r\u00e9sz\u00e9t k\u00e9pez\u0151 belf\u00f6ldi \u00f6sszes\u00edt\u0151 jelent\u00e9sben, <strong>amely alapj\u00e1n az ad\u00f3alany ad\u00f3levon\u00e1si jogot gyakorol<\/strong>. A m\u00f3dos\u00edt\u00f3, \u00e9rv\u00e9nytelen\u00edt\u0151 sz\u00e1ml\u00e1kr\u00f3l is \u00e9rt\u00e9khat\u00e1rt\u00f3l f\u00fcggetlen\u00fcl kell nyilatkozni. Az \u00faj szab\u00e1lyok csak <strong>azokra a sz\u00e1ml\u00e1kra<\/strong> vonatkoznak, amelyeknek a <strong>teljes\u00edt\u00e9si ideje 2020. j\u00fanius 30-\u00e1t k\u00f6vet\u0151<\/strong> id\u0151pontra esik.<\/p>\n<p><strong>\u00a0<\/strong><\/p>\n<p><strong>\u00a0<\/strong><\/p>\n<p><strong>Tov\u00e1bbi v\u00e1ltoz\u00e1sok<\/strong><\/p>\n<p><strong>\u00a0<\/strong><\/p>\n<ol start=\"2021\">\n<li><strong> janu\u00e1r 1-j\u00e9t\u0151l minden olyan sz\u00e1ml\u00e1t jelenteni kell, amelyre a magyar sz\u00e1ml\u00e1z\u00e1si szab\u00e1lyok vonatkoznak, nem csak az ad\u00f3alanyok fel\u00e9 kibocs\u00e1tottakat. <\/strong><\/li>\n<\/ol>\n<p>P\u00e9ld\u00e1ul:<\/p>\n<ul>\n<li>a mag\u00e1nszem\u00e9lyek nem ad\u00f3alany szervezetek fel\u00e9 teljes\u00edtett \u00fcgyletekr\u0151l,<\/li>\n<li>a k\u00f6z\u00f6ss\u00e9gen bel\u00fcli term\u00e9k\u00e9rt\u00e9kes\u00edt\u00e9sr\u0151l, szolg\u00e1ltat\u00e1sny\u00fajt\u00e1sr\u00f3l,<\/li>\n<li>harmadik orsz\u00e1gba ir\u00e1nyul\u00f3 term\u00e9kexportr\u00f3l ki\u00e1ll\u00edtott sz\u00e1ml\u00e1kr\u00f3l,<\/li>\n<li>csak az \u00f6nsz\u00e1ml\u00e1z\u00e1s miatt kell a magyar sz\u00e1ml\u00e1z\u00e1si szab\u00e1lyokat alkalmazni: ha egy m\u00e1sik tag\u00e1llamban letelepedett ad\u00f3alany Magyarorsz\u00e1gon teljes\u00fcl\u0151, ford\u00edtottan ad\u00f3z\u00f3 szolg\u00e1ltat\u00e1s\u00e1r\u00f3l a magyar vev\u0151 bocs\u00e1tja ki a sz\u00e1ml\u00e1t \u00f6nsz\u00e1ml\u00e1z\u00e1s keret\u00e9ben.<\/li>\n<\/ul>\n<p>&nbsp;<\/p>\n<p>Az adatszolg\u00e1ltat\u00e1si k\u00f6telezetts\u00e9g <strong>nem vonatkozik azokra a t\u00e1volr\u00f3l is ny\u00fajthat\u00f3 szolg\u00e1ltat\u00e1sokra<\/strong>, amelyek teljes\u00edt\u00e9si helye egy m\u00e1sik tag\u00e1llamban van, \u00e9s amelyek tekintet\u00e9ben felmer\u00fcl\u0151 ad\u00f3fizet\u00e9si k\u00f6telezetts\u00e9g\u00e9t az ad\u00f3alany a MOSS rendszer keret\u00e9ben teljes\u00edti.<\/p>\n<p>&nbsp;<\/p>\n<p>A nem teljes\u00edtett adatszolg\u00e1ltat\u00e1sok eset\u00e9n, <strong>sz\u00e1ml\u00e1nk\u00e9nt 500 ezer forintos mulaszt\u00e1si b\u00edrs\u00e1got szabhat ki az ad\u00f3hat\u00f3s\u00e1g az ad\u00f3z\u00f3 fel\u00e9<\/strong>. A v\u00e1ltoz\u00e1sok hat\u00e1lyba l\u00e9p\u00e9s\u00e9vel v\u00e1rhat\u00f3an fokozott figyelemmel fogja k\u00eds\u00e9rni a szab\u00e1lyok betart\u00e1s\u00e1t \u00e9s mulaszt\u00e1s eset\u00e9n a b\u00edrs\u00e1g kiszab\u00e1sa sem fog elmaradni.<\/p>\n<p>&nbsp;<\/p>\n<p>&nbsp;<\/p>\n<p><strong>A MAZARS-r\u00f3l<\/strong><\/p>\n<p>A MAZARS egy nemzetk\u00f6zi, integr\u00e1lt \u00e9s f\u00fcggetlen szervezet, amely a vil\u00e1g 91 orsz\u00e1g\u00e1ban m\u0171k\u00f6dik a k\u00f6nyvvizsg\u00e1lat, a sz\u00e1mviteli tan\u00e1csad\u00e1s, az ad\u00f3-, a jogi \u00e9s a tranzakci\u00f3s szolg\u00e1ltat\u00e1sok, valamint a p\u00e9nz\u00fcgyi outsourcing ter\u00fclet\u00e9n. A vil\u00e1g 91 orsz\u00e1g\u00e1ban 40 400 szakember (24 400 f\u0151 az integr\u00e1lt partners\u00e9gben \u00e9s 16 000\u00a0 a North America Alliance keret\u00e9ben) tud\u00e1s\u00e1ra t\u00e1maszkodva seg\u00edtik \u00fcgyfeleiket fejl\u0151d\u00e9s\u00fck minden szakasz\u00e1ban.<\/p>\n<p><strong>\u00a0<\/strong><\/p>\n<p><strong>A MAZARS Magyarorsz\u00e1gon \/ www.mazars.hu<\/strong><\/p>\n<p>&nbsp;<\/p>\n<p>A MAZARS 1991-ben nyitotta meg magyarorsz\u00e1gi irod\u00e1j\u00e1t azzal a c\u00e9llal, hogy seg\u00edtse francia \u00fcgyfelei leteleped\u00e9s\u00e9t Kelet-K\u00f6z\u00e9p-Eur\u00f3p\u00e1ban. Az\u00f3ta a MAZARS hazai \u00fcgyf\u00e9lk\u00f6re sz\u00e1mos nemzetk\u00f6zi \u00e9s magyar v\u00e1llalkoz\u00e1ssal b\u0151v\u00fclt, a v\u00e1llalat pedig a magasan k\u00e9pzett 150 szakember\u00e9vel jelenleg az \u00f6t\u00f6dik legnagyobb k\u00f6nyvvizsg\u00e1l\u00f3 c\u00e9g a hazai piacon.<\/p>\n","protected":false},"excerpt":{"rendered":"<p>Alig h\u00e1rom h\u00f3nap m\u00falva, azaz 2020. j\u00falius 1-t\u0151l l\u00e9pnek \u00e9letbe az online sz\u00e1mlaadat-szolg\u00e1ltat\u00e1sban bevezetett v\u00e1ltoz\u00e1sok, mely szerint minden v\u00e1llalkoz\u00e1snak minden olyan sz\u00e1mla eset\u00e9ben, amelyet belf\u00f6ldi ad\u00f3alany r\u00e9sz\u00e9re, belf\u00f6ld\u00f6n \u00e1ll\u00edtott ki &#8211; val\u00f3s id\u0151ben adatot kell szolg\u00e1ltatni az ad\u00f3hat\u00f3s\u00e1g fel\u00e9. Amennyiben az adatszolg\u00e1ltat\u00e1s elmarad, sz\u00e1ml\u00e1nk\u00e9nt ak\u00e1r 500 ezer forint b\u00edrs\u00e1got is kiszabhat a hat\u00f3s\u00e1g. A MAZARS &#8230;<\/p>\n","protected":false},"author":1001006,"featured_media":0,"comment_status":"closed","ping_status":"open","sticky":false,"template":"","format":"standard","meta":[],"categories":[19],"tags":[],"_links":{"self":[{"href":"https:\/\/gazdasagportal.hu\/index.php\/wp-json\/wp\/v2\/posts\/125246"}],"collection":[{"href":"https:\/\/gazdasagportal.hu\/index.php\/wp-json\/wp\/v2\/posts"}],"about":[{"href":"https:\/\/gazdasagportal.hu\/index.php\/wp-json\/wp\/v2\/types\/post"}],"author":[{"embeddable":true,"href":"https:\/\/gazdasagportal.hu\/index.php\/wp-json\/wp\/v2\/users\/1001006"}],"replies":[{"embeddable":true,"href":"https:\/\/gazdasagportal.hu\/index.php\/wp-json\/wp\/v2\/comments?post=125246"}],"version-history":[{"count":1,"href":"https:\/\/gazdasagportal.hu\/index.php\/wp-json\/wp\/v2\/posts\/125246\/revisions"}],"predecessor-version":[{"id":125247,"href":"https:\/\/gazdasagportal.hu\/index.php\/wp-json\/wp\/v2\/posts\/125246\/revisions\/125247"}],"wp:attachment":[{"href":"https:\/\/gazdasagportal.hu\/index.php\/wp-json\/wp\/v2\/media?parent=125246"}],"wp:term":[{"taxonomy":"category","embeddable":true,"href":"https:\/\/gazdasagportal.hu\/index.php\/wp-json\/wp\/v2\/categories?post=125246"},{"taxonomy":"post_tag","embeddable":true,"href":"https:\/\/gazdasagportal.hu\/index.php\/wp-json\/wp\/v2\/tags?post=125246"}],"curies":[{"name":"wp","href":"https:\/\/api.w.org\/{rel}","templated":true}]}}