{"id":125244,"date":"2020-03-31T10:59:46","date_gmt":"2020-03-31T08:59:46","guid":{"rendered":"http:\/\/gazdasagportal.hu\/?p=125244"},"modified":"2020-03-31T10:59:46","modified_gmt":"2020-03-31T08:59:46","slug":"marciusban-csokkent-a-nemetorszagi-munkanelkuliseg","status":"publish","type":"post","link":"https:\/\/gazdasagportal.hu\/index.php\/marciusban-csokkent-a-nemetorszagi-munkanelkuliseg\/","title":{"rendered":"M\u00e1rciusban cs\u00f6kkent a n\u00e9metorsz\u00e1gi munkan\u00e9lk\u00fclis\u00e9g"},"content":{"rendered":"<p><strong>M\u00e1rciusban cs\u00f6kkent a munkan\u00e9lk\u00fcliek sz\u00e1ma \u00e9s a munkan\u00e9lk\u00fclis\u00e9gi r\u00e1ta is N\u00e9metorsz\u00e1gban a BA n\u00e9met sz\u00f6vets\u00e9gi munka\u00fcgyi hivatal kedden publik\u00e1lt kimutat\u00e1sa szerint.<\/strong><!--more--><\/p>\n<div class=\"ads-in-post2\"><script async src=\"https:\/\/pagead2.googlesyndication.com\/pagead\/js\/adsbygoogle.js\"><\/script>\r\n<ins class=\"adsbygoogle\"\r\n     style=\"display:block\"\r\n     data-ad-format=\"fluid\"\r\n     data-ad-layout-key=\"-6t+ed+2i-1n-4w\"\r\n     data-ad-client=\"ca-pub-1959107119989764\"\r\n     data-ad-slot=\"4008251320\"><\/ins>\r\n<script>\r\n     (adsbygoogle = window.adsbygoogle || []).push({});\r\n<\/script><\/div>\n<p>A k\u00f6zlem\u00e9ny azonban hangs\u00falyozza, hogy az adatgy\u0171jt\u00e9si peri\u00f3dus megel\u0151zi a koronav\u00edrus-j\u00e1rv\u00e1ny megf\u00e9kez\u00e9s\u00e9re hozott korl\u00e1toz\u00f3 int\u00e9zked\u00e9seket, \u00e9s nem t\u00fckr\u00f6zi azok gazdas\u00e1gi \u00e9s foglalkoztat\u00e1si k\u00f6vetkezm\u00e9nyeit.<br \/>\nA Bundesagentur f\u00fcr Arbeit (BA) felm\u00e9r\u00e9se alapj\u00e1n m\u00e1rciusban 2,335 milli\u00f3an voltak munka n\u00e9lk\u00fcl N\u00e9metorsz\u00e1gban, 60 ezerrel kevesebben az el\u0151z\u0151 havin\u00e1l \u00e9s 34 ezerrel t\u00f6bben az egy \u00e9vvel kor\u00e1bbin\u00e1l.<br \/>\nA munkan\u00e9lk\u00fclis\u00e9gi r\u00e1ta az el\u0151z\u0151 havir\u00f3l 0,2 sz\u00e1zal\u00e9kponttal 5,1 sz\u00e1zal\u00e9kra cs\u00f6kkent.<br \/>\n<div class=\"ads-in-post1\"><div id=\"gazdasagportal.hu_fullbanner_wideboard\"><\/div>\r\n<\/div>\n A munkan\u00e9lk\u00fclis\u00e9gi r\u00e1t\u00e1ban tartom\u00e1nyonk\u00e9nt nagy elt\u00e9r\u00e9sek mutatkoznak: Br\u00e9m\u00e1ban 10,0 sz\u00e1zal\u00e9kos, Bajororsz\u00e1gban 3,1 sz\u00e1zal\u00e9kos volt m\u00e1rciusban.<br \/>\n<a title=\"Hely megnyit\u00e1sa\" href=\"https:\/\/www.arbeitsagentur.de\/presse\/2020-18-der-arbeitsmarkt-im-maerz-2020\" target=\"_blank\" rel=\"noopener noreferrer\">https:\/\/www.arbeitsagentur.de\/presse\/2020-18-der-arbeitsmarkt-im-maerz-2020<\/a><\/p>\n<p>&nbsp;<br \/>\n(MTI)<\/p><div id=\"gazda-993294840\" class=\"gazda-tartalomban gazda-entity-placement\"><script async src=\"https:\/\/pagead2.googlesyndication.com\/pagead\/js\/adsbygoogle.js\"><\/script>\r\n<ins class=\"adsbygoogle\"\r\n     style=\"display:block\"\r\n     data-ad-format=\"fluid\"\r\n     data-ad-layout-key=\"-6t+ed+2i-1n-4w\"\r\n     data-ad-client=\"ca-pub-1959107119989764\"\r\n     data-ad-slot=\"4008251320\"><\/ins>\r\n<script>\r\n     (adsbygoogle = window.adsbygoogle || []).push({});\r\n<\/script><\/div>\n","protected":false},"excerpt":{"rendered":"<p>M\u00e1rciusban cs\u00f6kkent a munkan\u00e9lk\u00fcliek sz\u00e1ma \u00e9s a munkan\u00e9lk\u00fclis\u00e9gi r\u00e1ta is N\u00e9metorsz\u00e1gban a BA n\u00e9met sz\u00f6vets\u00e9gi munka\u00fcgyi hivatal kedden publik\u00e1lt kimutat\u00e1sa szerint.<\/p>\n","protected":false},"author":1001006,"featured_media":0,"comment_status":"closed","ping_status":"open","sticky":false,"template":"","format":"standard","meta":[],"categories":[12,246],"tags":[],"_links":{"self":[{"href":"https:\/\/gazdasagportal.hu\/index.php\/wp-json\/wp\/v2\/posts\/125244"}],"collection":[{"href":"https:\/\/gazdasagportal.hu\/index.php\/wp-json\/wp\/v2\/posts"}],"about":[{"href":"https:\/\/gazdasagportal.hu\/index.php\/wp-json\/wp\/v2\/types\/post"}],"author":[{"embeddable":true,"href":"https:\/\/gazdasagportal.hu\/index.php\/wp-json\/wp\/v2\/users\/1001006"}],"replies":[{"embeddable":true,"href":"https:\/\/gazdasagportal.hu\/index.php\/wp-json\/wp\/v2\/comments?post=125244"}],"version-history":[{"count":1,"href":"https:\/\/gazdasagportal.hu\/index.php\/wp-json\/wp\/v2\/posts\/125244\/revisions"}],"predecessor-version":[{"id":125245,"href":"https:\/\/gazdasagportal.hu\/index.php\/wp-json\/wp\/v2\/posts\/125244\/revisions\/125245"}],"wp:attachment":[{"href":"https:\/\/gazdasagportal.hu\/index.php\/wp-json\/wp\/v2\/media?parent=125244"}],"wp:term":[{"taxonomy":"category","embeddable":true,"href":"https:\/\/gazdasagportal.hu\/index.php\/wp-json\/wp\/v2\/categories?post=125244"},{"taxonomy":"post_tag","embeddable":true,"href":"https:\/\/gazdasagportal.hu\/index.php\/wp-json\/wp\/v2\/tags?post=125244"}],"curies":[{"name":"wp","href":"https:\/\/api.w.org\/{rel}","templated":true}]}}