{"id":125236,"date":"2020-03-31T08:58:03","date_gmt":"2020-03-31T06:58:03","guid":{"rendered":"http:\/\/gazdasagportal.hu\/?p=125236"},"modified":"2020-03-31T08:58:03","modified_gmt":"2020-03-31T06:58:03","slug":"tozsdenyitas-elott-emelkedesre-szamitanak-az-elemzok-17","status":"publish","type":"post","link":"https:\/\/gazdasagportal.hu\/index.php\/tozsdenyitas-elott-emelkedesre-szamitanak-az-elemzok-17\/","title":{"rendered":"T\u0151zsdenyit\u00e1s el\u0151tt &#8211; Emelked\u00e9sre sz\u00e1m\u00edtanak az elemz\u0151k"},"content":{"rendered":"<p><strong>Emelked\u00e9sre sz\u00e1m\u00edtanak az elemz\u0151k a r\u00e9szv\u00e9nypiacon a keddi t\u0151zsdei keresked\u00e9sben.     <\/strong><!--more--><\/p>\n<div class=\"ads-in-post2\"><script async src=\"https:\/\/pagead2.googlesyndication.com\/pagead\/js\/adsbygoogle.js\"><\/script>\r\n<ins class=\"adsbygoogle\"\r\n     style=\"display:block\"\r\n     data-ad-format=\"fluid\"\r\n     data-ad-layout-key=\"-6t+ed+2i-1n-4w\"\r\n     data-ad-client=\"ca-pub-1959107119989764\"\r\n     data-ad-slot=\"4008251320\"><\/ins>\r\n<script>\r\n     (adsbygoogle = window.adsbygoogle || []).push({});\r\n<\/script><\/div>\n<p>    Varga Zolt\u00e1n, az Equilor Befektet\u00e9si Zrt. senior elemz\u0151je az MTI-nek kedden k\u00fcld\u00f6tt el\u0151rejelz\u00e9s\u00e9ben kiemelte, \u00f3vatos optimizmus v\u00e1rhat\u00f3 kedden a nyit\u00e1st k\u00f6vet\u0151en a Budapesti \u00c9rt\u00e9kt\u0151zsd\u00e9n (B\u00c9T), mivel n\u00e9mileg javult a nemzetk\u00f6zi befektet\u0151i hangulat.<br \/>\n    Hozz\u00e1tette, a vezet\u0151 r\u00e9szv\u00e9nyek k\u00f6z\u00fcl az OTP \u00e1rfolyama a 9500 forintos szintet t\u00e1madhatja. A Mol r\u00e9szv\u00e9nyek \u00e1ra h\u00e9tf\u0151n az olaj m\u00e9lyrep\u00fcl\u00e9se miatt cs\u00f6kkent, kedden azonban m\u00e1r kisebb pozit\u00edv korrekci\u00f3ra sz\u00e1m\u00edt az elemz\u0151, aki szerint az 1900 &#8211; 2000 forintos szintekre \u00e9rdemes figyelni. A Richter jegyz\u00e9s\u00e9ben a k\u00f6vetkez\u0151 fontos ellen\u00e1ll\u00e1s 6000 forintn\u00e1l h\u00faz\u00f3dik. A Magyar Telekom \u00e1rfolyama a 360 forintos ellen\u00e1ll\u00e1st t\u00e1madhatja, ha ezt \u00e1t tudja t\u00f6rni akkor a k\u00f6vetkez\u0151 napokban a r\u00e9szv\u00e9nyek \u00e1ra 375 forintig emelkedhet.<br \/>\n<div class=\"ads-in-post1\"><div id=\"gazdasagportal.hu_fullbanner_wideboard\"><\/div>\r\n<\/div>\n    A CIB elemz\u00e9se szerint az elm\u00falt napokban a piacokon kiss\u00e9 nyugodtabb a hangulat, az \u00e1zsiai keresked\u00e9sben pedig a p\u00e9nteki korrekci\u00f3 ut\u00e1n h\u00e9tf\u0151n \u00e9s kedden \u00fajra emelkedtek a r\u00e9szv\u00e9nypiacok.<br \/>\n    Hozz\u00e1tett\u00e9k, K\u00edn\u00e1b\u00f3l is j\u00f3 h\u00edrek \u00e9rkeztek, ugyanis az \u00e1zsiai orsz\u00e1gban a feloldolgoz\u00f3ipari BMI \u00fajra meghaladta az 50-et, ami az \u00e1gazat teljes\u00edtm\u00e9ny\u00e9nek n\u00f6veked\u00e9s\u00e9re utal.<br \/>\n    Ugyanakkor arra is r\u00e1mutattak, hogy a koronav\u00edrus-j\u00e1rv\u00e1ny miatti korl\u00e1toz\u00e1sok a vil\u00e1g GDP-j\u00e9nek 48 sz\u00e1zal\u00e9k\u00e1t ad\u00f3 r\u00e9gi\u00f3kat, orsz\u00e1gokat \u00e9rintik, ez\u00e9rt a CIB szerint nem az a k\u00e9rd\u00e9s, hogy lesz-e az els\u0151 f\u00e9l \u00e9vben glob\u00e1lis recesszi\u00f3, hanem az, hogy mekkora.<br \/>\n    A Budapesti \u00c9rt\u00e9kt\u0151zsde r\u00e9szv\u00e9nyindexe, a BUX 79,81 pontos, 0,25 sz\u00e1zal\u00e9kos cs\u00f6kken\u00e9ssel, 31 985,33 ponton z\u00e1rt h\u00e9tf\u0151n. A r\u00e9szv\u00e9nypiac forgalma 8,8 milli\u00e1rd forint volt. A Mol 36 forinttal, 1,91 sz\u00e1zal\u00e9kkal 1849 forintra gyeng\u00fclt, 1,7 milli\u00e1rd forintos forgalomban. Az OTP-r\u00e9szv\u00e9nyek \u00e1ra 55 forinttal, 0,59 sz\u00e1zal\u00e9kkal 9335 forintra esett, forgalmuk 3,6 milli\u00e1rd forintot tett ki. A Magyar Telekom 7,50 forinttal, 2,14 sz\u00e1zal\u00e9kkal 358,50 forintra er\u0151s\u00f6d\u00f6tt, forgalma 183 milli\u00f3 forint volt. A Richter-pap\u00edrok \u00e1rfolyama 65 forinttal, 1,12 sz\u00e1zal\u00e9kkal 5865 forintra n\u0151tt, forgalmuk 2,2 milli\u00e1rd forintot \u00e9rt el.(MTI)<\/p>\n","protected":false},"excerpt":{"rendered":"<p>Emelked\u00e9sre sz\u00e1m\u00edtanak az elemz\u0151k a r\u00e9szv\u00e9nypiacon a keddi t\u0151zsdei keresked\u00e9sben.<\/p>\n","protected":false},"author":1001006,"featured_media":0,"comment_status":"closed","ping_status":"open","sticky":false,"template":"","format":"standard","meta":[],"categories":[7],"tags":[],"_links":{"self":[{"href":"https:\/\/gazdasagportal.hu\/index.php\/wp-json\/wp\/v2\/posts\/125236"}],"collection":[{"href":"https:\/\/gazdasagportal.hu\/index.php\/wp-json\/wp\/v2\/posts"}],"about":[{"href":"https:\/\/gazdasagportal.hu\/index.php\/wp-json\/wp\/v2\/types\/post"}],"author":[{"embeddable":true,"href":"https:\/\/gazdasagportal.hu\/index.php\/wp-json\/wp\/v2\/users\/1001006"}],"replies":[{"embeddable":true,"href":"https:\/\/gazdasagportal.hu\/index.php\/wp-json\/wp\/v2\/comments?post=125236"}],"version-history":[{"count":1,"href":"https:\/\/gazdasagportal.hu\/index.php\/wp-json\/wp\/v2\/posts\/125236\/revisions"}],"predecessor-version":[{"id":125237,"href":"https:\/\/gazdasagportal.hu\/index.php\/wp-json\/wp\/v2\/posts\/125236\/revisions\/125237"}],"wp:attachment":[{"href":"https:\/\/gazdasagportal.hu\/index.php\/wp-json\/wp\/v2\/media?parent=125236"}],"wp:term":[{"taxonomy":"category","embeddable":true,"href":"https:\/\/gazdasagportal.hu\/index.php\/wp-json\/wp\/v2\/categories?post=125236"},{"taxonomy":"post_tag","embeddable":true,"href":"https:\/\/gazdasagportal.hu\/index.php\/wp-json\/wp\/v2\/tags?post=125236"}],"curies":[{"name":"wp","href":"https:\/\/api.w.org\/{rel}","templated":true}]}}