{"id":125223,"date":"2020-03-30T16:32:13","date_gmt":"2020-03-30T14:32:13","guid":{"rendered":"http:\/\/gazdasagportal.hu\/?p=125223"},"modified":"2020-03-30T16:32:13","modified_gmt":"2020-03-30T14:32:13","slug":"felfuggeszti-a-termelest-a-polytec-komlo","status":"publish","type":"post","link":"https:\/\/gazdasagportal.hu\/index.php\/felfuggeszti-a-termelest-a-polytec-komlo\/","title":{"rendered":"Felf\u00fcggeszti a termel\u00e9st a POLYTEC Koml\u00f3"},"content":{"rendered":"<p><strong>A POLYTEC Csoport igazgat\u00f3s\u00e1ga a munkav\u00e1llal\u00f3k eg\u00e9szs\u00e9g\u00e9nek v\u00e9delm\u00e9ben, \u00e9s a gazdas\u00e1gi k\u00e1rok m\u00e9rs\u00e9kl\u00e9se \u00e9rdek\u00e9ben \u00fagy d\u00f6nt\u00f6tt, az eur\u00f3pai aut\u00f3gy\u00e1rakkal egy id\u0151ben, a gy\u00e1raiban ideiglenesen besz\u00fcnteti a termel\u00e9st. A v\u00e1llalat azonban egyetlen munkav\u00e1llal\u00f3j\u00e1t\u00f3l sem v\u00e1lik meg.<\/strong><!--more--><\/p>\n<div class=\"ads-in-post2\"><script async src=\"https:\/\/pagead2.googlesyndication.com\/pagead\/js\/adsbygoogle.js\"><\/script>\r\n<ins class=\"adsbygoogle\"\r\n     style=\"display:block\"\r\n     data-ad-format=\"fluid\"\r\n     data-ad-layout-key=\"-6t+ed+2i-1n-4w\"\r\n     data-ad-client=\"ca-pub-1959107119989764\"\r\n     data-ad-slot=\"4008251320\"><\/ins>\r\n<script>\r\n     (adsbygoogle = window.adsbygoogle || []).push({});\r\n<\/script><\/div>\n<p>A r\u00e9szleges le\u00e1ll\u00e1st az eur\u00f3pai \u00e9s magyarorsz\u00e1gi koronav\u00edrus helyzet, valamint az eur\u00f3pai aut\u00f3gy\u00e1rak t\u00f6bbs\u00e9g\u00e9nek bez\u00e1r\u00e1sa indokolja. A nemzetk\u00f6zi aut\u00f3gy\u00e1rakkal \u00f6sszhangban, a POLYTEC Koml\u00f3 Kft. \u00e1t\u00fctemezi a megrendel\u00e9sek sz\u00e1ll\u00edt\u00e1s\u00e1t. A napokban m\u00e9g folytatj\u00e1k a vev\u0151ik halaszthatatlan ig\u00e9nyeinek kiel\u00e9g\u00edt\u00e9s\u00e9t, majd fokozatosan le\u00e1llnak a termel\u00e9ssel.<\/p>\n<p>A korm\u00e1nyzati int\u00e9zked\u00e9sek \u00e9s szab\u00e1lyoz\u00e1sok alapj\u00e1n a v\u00e1llalat m\u00e1r eddig is megtette a sz\u00fcks\u00e9ges \u00f3vint\u00e9zked\u00e9seket \u2013 v\u00e9d\u0151eszk\u00f6z\u00f6k \u00e9s k\u00e9zfert\u0151tlen\u00edt\u0151k biztos\u00edt\u00e1s\u00e1val, fokozottan \u00fcgyelve a tisztas\u00e1gra \u2013 hogy a munkat\u00e1rsak k\u00f6z\u00f6tt megakad\u00e1lyozza a v\u00edrus lehets\u00e9ges terjed\u00e9s\u00e9t.<\/p><div id=\"gazda-2887074151\" class=\"gazda-tartalomban gazda-entity-placement\"><script async src=\"https:\/\/pagead2.googlesyndication.com\/pagead\/js\/adsbygoogle.js\"><\/script>\r\n<ins class=\"adsbygoogle\"\r\n     style=\"display:block\"\r\n     data-ad-format=\"fluid\"\r\n     data-ad-layout-key=\"-6t+ed+2i-1n-4w\"\r\n     data-ad-client=\"ca-pub-1959107119989764\"\r\n     data-ad-slot=\"4008251320\"><\/ins>\r\n<script>\r\n     (adsbygoogle = window.adsbygoogle || []).push({});\r\n<\/script><\/div>\n<p>\u201eA POLYTEC Koml\u00f3 Kft. sz\u00e1m\u00e1ra a munkat\u00e1rsak eg\u00e9szs\u00e9ge \u00e9s biztons\u00e1ga kiemelt fontoss\u00e1g\u00fa, ez\u00e9rt ebben az id\u0151szakban mindent megtesz\u00fcnk eg\u00e9szs\u00e9g\u00fck v\u00e9delm\u00e9nek \u00e9rdek\u00e9ben.\u201d \u2013 hangs\u00falyozta Plesz Istv\u00e1n, a POLYTEC Koml\u00f3 Kft. \u00fcgyvezet\u0151je.<\/p>\n<div class=\"ads-in-post1\"><div id=\"gazdasagportal.hu_fullbanner_wideboard\"><\/div>\r\n<\/div>\nAz adminisztrat\u00edv ter\u00fcleten dolgoz\u00f3 munkat\u00e1rsaknak a v\u00e1llalat m\u00e1r hetekkel ezel\u0151tt lehet\u0151s\u00e9get biztos\u00edtott az otthoni munkav\u00e9gz\u00e9sre, ehhez a c\u00e9gcsoport minden technikai felt\u00e9telt megteremtett. A le\u00e1ll\u00e1st k\u00f6vet\u0151en az els\u0151 h\u00e9ten fizetett szabads\u00e1got vehetnek ig\u00e9nybe a munkat\u00e1rsak, majd az azt k\u00f6vet\u0151 id\u0151szakra \u00e1ll\u00e1sid\u0151t fizet a v\u00e1llalat.<\/p>\n<p>Az ideiglenes le\u00e1ll\u00e1s v\u00e1rhat\u00f3an \u00e1prilis 14-ig tart, minden munkav\u00e1llal\u00f3jukat visszav\u00e1rj\u00e1k, a nemzetk\u00f6zi \u00e9s hazai helyzet f\u00fcggv\u00e9ny\u00e9ben azonban tov\u00e1bbi int\u00e9zked\u00e9seket hozhatnak az alkalmazottak v\u00e9delme \u00e9rdek\u00e9ben.<\/p>\n<p><strong>POLYTEC Koml\u00f3 Kft.<\/strong><\/p>\n<p>Az 1986-ban az ausztriai H\u00f6rschingben alap\u00edtott POLYTEC Group a kiv\u00e1l\u00f3 min\u0151s\u00e9g\u0171 m\u0171anyagipari megold\u00e1sok vezet\u0151 fejleszt\u0151je \u00e9s gy\u00e1rt\u00f3ja. A c\u00e9gcsoport jelenleg 4300 alkalmazottat foglalkoztat n\u00e9gy kontinensen, \u00f6sszesen 29 helyen m\u0171k\u00f6d\u0151 telephelyein.\u00a0 A csoport know-how-ja t\u00f6bb mint harminc \u00e9ves tapasztalaton alapul, mely mag\u00e1ban foglalja a m\u0171anyag fr\u00f6ccs\u00f6nt\u00e9st, speci\u00e1lis m\u0171anyag, poliuret\u00e1n, valamint sz\u00e1ler\u0151s\u00edtett m\u0171anyagok el\u0151\u00e1ll\u00edt\u00e1s\u00e1t.<\/p>\n<p>A koml\u00f3i telephelyen szint\u00e9n 30 \u00e9ve folyik a poliuret\u00e1n term\u00e9kek gy\u00e1rt\u00e1sa. A kor\u00e1bban magyar alap\u00edt\u00e1s\u00fa tagv\u00e1llalatot 2015-ben v\u00e1s\u00e1rolta meg 100%-ban a POLYTEC Csoport, mellyel egy er\u0151s h\u00e1tt\u00e9rrel rendelkez\u0151, eur\u00f3pai sz\u00ednvonal\u00fa gy\u00e1regys\u00e9g \u00e9s v\u00e1llalati kult\u00fara val\u00f3sult meg.<\/p>\n<p>A koml\u00f3i telephelyen k\u00e9sz\u00fclt term\u00e9kek a pr\u00e9mium kateg\u00f3ri\u00e1s aut\u00f3gy\u00e1rt\u00f3k sz\u00e1m\u00e1ra k\u00edn\u00e1lnak integr\u00e1lt akusztikai megold\u00e1sokat, valamint sz\u00e1mos tov\u00e1bbi aut\u00f3m\u00e1rka sz\u00e1m\u00e1ra funkcion\u00e1lis- \u00e9s design elemeket. A gy\u00e1rt\u00f3\u00fczemben egy\u00e9b, nem aut\u00f3ipari term\u00e9ket is el\u0151\u00e1ll\u00edtanak m\u00e1s felhaszn\u00e1l\u00e1si ter\u00fcletek sz\u00e1m\u00e1ra.<\/p>\n","protected":false},"excerpt":{"rendered":"<p>A POLYTEC Csoport igazgat\u00f3s\u00e1ga a munkav\u00e1llal\u00f3k eg\u00e9szs\u00e9g\u00e9nek v\u00e9delm\u00e9ben, \u00e9s a gazdas\u00e1gi k\u00e1rok m\u00e9rs\u00e9kl\u00e9se \u00e9rdek\u00e9ben \u00fagy d\u00f6nt\u00f6tt, az eur\u00f3pai aut\u00f3gy\u00e1rakkal egy id\u0151ben, a gy\u00e1raiban ideiglenesen besz\u00fcnteti a termel\u00e9st. A v\u00e1llalat azonban egyetlen munkav\u00e1llal\u00f3j\u00e1t\u00f3l sem v\u00e1lik meg.<\/p>\n","protected":false},"author":1001006,"featured_media":0,"comment_status":"closed","ping_status":"open","sticky":false,"template":"","format":"standard","meta":[],"categories":[19],"tags":[],"_links":{"self":[{"href":"https:\/\/gazdasagportal.hu\/index.php\/wp-json\/wp\/v2\/posts\/125223"}],"collection":[{"href":"https:\/\/gazdasagportal.hu\/index.php\/wp-json\/wp\/v2\/posts"}],"about":[{"href":"https:\/\/gazdasagportal.hu\/index.php\/wp-json\/wp\/v2\/types\/post"}],"author":[{"embeddable":true,"href":"https:\/\/gazdasagportal.hu\/index.php\/wp-json\/wp\/v2\/users\/1001006"}],"replies":[{"embeddable":true,"href":"https:\/\/gazdasagportal.hu\/index.php\/wp-json\/wp\/v2\/comments?post=125223"}],"version-history":[{"count":1,"href":"https:\/\/gazdasagportal.hu\/index.php\/wp-json\/wp\/v2\/posts\/125223\/revisions"}],"predecessor-version":[{"id":125224,"href":"https:\/\/gazdasagportal.hu\/index.php\/wp-json\/wp\/v2\/posts\/125223\/revisions\/125224"}],"wp:attachment":[{"href":"https:\/\/gazdasagportal.hu\/index.php\/wp-json\/wp\/v2\/media?parent=125223"}],"wp:term":[{"taxonomy":"category","embeddable":true,"href":"https:\/\/gazdasagportal.hu\/index.php\/wp-json\/wp\/v2\/categories?post=125223"},{"taxonomy":"post_tag","embeddable":true,"href":"https:\/\/gazdasagportal.hu\/index.php\/wp-json\/wp\/v2\/tags?post=125223"}],"curies":[{"name":"wp","href":"https:\/\/api.w.org\/{rel}","templated":true}]}}