{"id":125211,"date":"2020-03-30T12:40:48","date_gmt":"2020-03-30T10:40:48","guid":{"rendered":"http:\/\/gazdasagportal.hu\/?p=125211"},"modified":"2020-03-30T12:40:48","modified_gmt":"2020-03-30T10:40:48","slug":"orban-az-idei-koltsegvetes-radikalis-atalakitasara-van-szukseg","status":"publish","type":"post","link":"https:\/\/gazdasagportal.hu\/index.php\/orban-az-idei-koltsegvetes-radikalis-atalakitasara-van-szukseg\/","title":{"rendered":"Orb\u00e1n: az idei k\u00f6lts\u00e9gvet\u00e9s radik\u00e1lis \u00e1talak\u00edt\u00e1s\u00e1ra van sz\u00fcks\u00e9g"},"content":{"rendered":"<p><strong>A v\u00e1ls\u00e1gkezel\u00e9s \u00e9s a gazdas\u00e1g \u00fajraind\u00edt\u00e1sa \u00e9rdek\u00e9ben az idei k\u00f6lts\u00e9gvet\u00e9s radik\u00e1lis \u00e1talak\u00edt\u00e1s\u00e1ra van sz\u00fcks\u00e9g &#8211; jelentette ki a minisztereln\u00f6k h\u00e9tf\u0151n Budapesten.<\/strong><!--more--><\/p>\n<div class=\"ads-in-post2\"><script async src=\"https:\/\/pagead2.googlesyndication.com\/pagead\/js\/adsbygoogle.js\"><\/script>\r\n<ins class=\"adsbygoogle\"\r\n     style=\"display:block\"\r\n     data-ad-format=\"fluid\"\r\n     data-ad-layout-key=\"-6t+ed+2i-1n-4w\"\r\n     data-ad-client=\"ca-pub-1959107119989764\"\r\n     data-ad-slot=\"4008251320\"><\/ins>\r\n<script>\r\n     (adsbygoogle = window.adsbygoogle || []).push({});\r\n<\/script><\/div>\n<p>    Orb\u00e1n Viktor a korm\u00e1ny \u00e9s a gazdas\u00e1gi kamar\u00e1k vezet\u0151ivel tartott videokonferenci\u00e1n \u00fagy fogalmazott, hozz\u00e1 kell igaz\u00edtani az idei k\u00f6lts\u00e9gvet\u00e9st a jelenlegi helyzethez \u00e9s az \u00e9v v\u00e9g\u00e9ig el\u0151rejelzett v\u00e1ltoz\u00e1sokhoz.<br \/>\n    A korm\u00e1nyf\u0151 Palkovics L\u00e1szl\u00f3 innov\u00e1ci\u00f3s \u00e9s technol\u00f3giai miniszter t\u00e1rsas\u00e1g\u00e1ban a jegybank, a gazdas\u00e1gi kamar\u00e1k, valamint v\u00e1llalkoz\u00f3i \u00e9rdekk\u00e9pviseletek vezet\u0151inek kifejtette, jelenleg nincs \u00e9rtelme \u00faj k\u00f6lts\u00e9gvet\u00e9st k\u00e9sz\u00edteni, hiszen nem tudni, mi fog t\u00f6rt\u00e9nni a k\u00f6zelj\u00f6v\u0151ben, \u00e9s lehet, hogy k\u00e9t h\u00f3nap m\u00falva egy \u00fajabb b\u00fcdzs\u00e9t kellene \u00f6ssze\u00e1ll\u00edtani. Hozz\u00e1tette: a jogszab\u00e1lyok azonban lehet\u0151s\u00e9get adnak az elt\u00e9r\u00e9sre az elfogadott k\u00f6lts\u00e9gvet\u00e9st\u0151l.<br \/>\n    Nem lenne helyes l\u00e9p\u00e9s az egyes k\u00f6lts\u00e9gvet\u00e9si t\u00e9telek automatikus megv\u00e1g\u00e1sa &#8211; mutatott r\u00e1 Orb\u00e1n Viktor. Szavai szerint azoknak a forr\u00e1soknak kell megmaradniuk a miniszt\u00e9riumok k\u00f6lts\u00e9gvet\u00e9s\u00e9ben, melyekre ott felt\u00e9tlen\u00fcl sz\u00fcks\u00e9g van, a felszabad\u00edthat\u00f3 \u00f6sszegekb\u0151l pedig egy-egy alapot kell l\u00e9trehoznia v\u00e1ls\u00e1gkezel\u00e9sre, illetve a gazdas\u00e1g \u00fajraind\u00edt\u00e1sa \u00e9rdek\u00e9ben.<br \/>\n<div class=\"ads-in-post1\"><div id=\"gazdasagportal.hu_fullbanner_wideboard\"><\/div>\r\n<\/div>\n    A j\u00f6v\u0151 \u00e9vi b\u00fcdzs\u00e9 el\u0151k\u00e9sz\u00edt\u00e9se m\u00e1r folyik. 2021-re olyan &#8222;lecsupasz\u00edtott k\u00f6lts\u00e9gvet\u00e9st&#8221; kell k\u00e9sz\u00edteni, amely min\u00e9l nagyobb mozg\u00e1steret biztos\u00edt a v\u00e1ls\u00e1gkezel\u00e9sre \u00e9s a gazdas\u00e1g \u00fajraind\u00edt\u00e1s\u00e1ra &#8211; hangs\u00falyozta a minisztereln\u00f6k.<br \/>\n    Orb\u00e1n Viktor lesz\u00f6gezte, minden id\u0151k legnagyobb gazdas\u00e1g\u00e9l\u00e9nk\u00edt\u00e9si akci\u00f3terv\u00e9t kell elind\u00edtani, c\u00e9lul kit\u0171zve a n\u00f6veked\u00e9st, a munkahelyteremt\u00e9st, valamint a munkahelyek meg\u0151rz\u00e9s\u00e9t.<br \/>\n    A jegybankkal k\u00f6z\u00f6sen azt kell megtervezni, mik\u00e9nt lehet a monet\u00e1ris \u00e9s fisk\u00e1lis eszk\u00f6z\u00f6ket \u00fagy f\u00f6lhaszn\u00e1lni, hogy a lehet\u0151 legnagyobb l\u00f6k\u00e9st adjuk a magyar gazdas\u00e1gnak &#8211; hangs\u00falyozta a minisztereln\u00f6k.(MTI)<\/p>\n","protected":false},"excerpt":{"rendered":"<p>A v\u00e1ls\u00e1gkezel\u00e9s \u00e9s a gazdas\u00e1g \u00fajraind\u00edt\u00e1sa \u00e9rdek\u00e9ben az idei k\u00f6lts\u00e9gvet\u00e9s radik\u00e1lis \u00e1talak\u00edt\u00e1s\u00e1ra van sz\u00fcks\u00e9g &#8211; jelentette ki a minisztereln\u00f6k h\u00e9tf\u0151n Budapesten.<\/p>\n","protected":false},"author":1001006,"featured_media":0,"comment_status":"closed","ping_status":"open","sticky":false,"template":"","format":"standard","meta":[],"categories":[19],"tags":[],"_links":{"self":[{"href":"https:\/\/gazdasagportal.hu\/index.php\/wp-json\/wp\/v2\/posts\/125211"}],"collection":[{"href":"https:\/\/gazdasagportal.hu\/index.php\/wp-json\/wp\/v2\/posts"}],"about":[{"href":"https:\/\/gazdasagportal.hu\/index.php\/wp-json\/wp\/v2\/types\/post"}],"author":[{"embeddable":true,"href":"https:\/\/gazdasagportal.hu\/index.php\/wp-json\/wp\/v2\/users\/1001006"}],"replies":[{"embeddable":true,"href":"https:\/\/gazdasagportal.hu\/index.php\/wp-json\/wp\/v2\/comments?post=125211"}],"version-history":[{"count":1,"href":"https:\/\/gazdasagportal.hu\/index.php\/wp-json\/wp\/v2\/posts\/125211\/revisions"}],"predecessor-version":[{"id":125212,"href":"https:\/\/gazdasagportal.hu\/index.php\/wp-json\/wp\/v2\/posts\/125211\/revisions\/125212"}],"wp:attachment":[{"href":"https:\/\/gazdasagportal.hu\/index.php\/wp-json\/wp\/v2\/media?parent=125211"}],"wp:term":[{"taxonomy":"category","embeddable":true,"href":"https:\/\/gazdasagportal.hu\/index.php\/wp-json\/wp\/v2\/categories?post=125211"},{"taxonomy":"post_tag","embeddable":true,"href":"https:\/\/gazdasagportal.hu\/index.php\/wp-json\/wp\/v2\/tags?post=125211"}],"curies":[{"name":"wp","href":"https:\/\/api.w.org\/{rel}","templated":true}]}}