{"id":125142,"date":"2020-03-27T14:23:44","date_gmt":"2020-03-27T13:23:44","guid":{"rendered":"http:\/\/gazdasagportal.hu\/?p=125142"},"modified":"2020-03-27T14:23:44","modified_gmt":"2020-03-27T13:23:44","slug":"pozitiv-boris-johnson-brit-miniszterelnok-koronavirustesztje","status":"publish","type":"post","link":"https:\/\/gazdasagportal.hu\/index.php\/pozitiv-boris-johnson-brit-miniszterelnok-koronavirustesztje\/","title":{"rendered":"Pozit\u00edv Boris Johnson brit minisztereln\u00f6k koronav\u00edrustesztje"},"content":{"rendered":"<p><strong>Boris Johnson brit minisztereln\u00f6k szervezet\u00e9ben is kimutatt\u00e1k a Covid-19 megbeteged\u00e9st okoz\u00f3, SARS-CoV-2 nev\u0171 \u00faj koronav\u00edrust &#8211; jelentette be p\u00e9nteken a Downing Street. A londoni korm\u00e1nyf\u0151i hivatal sz\u00f3viv\u0151je szerint az 55 \u00e9ves Johnson t\u00fcnetei enyh\u00e9k.<\/strong><!--more--><\/p>\n<div class=\"ads-in-post1\"><div id=\"gazdasagportal.hu_fullbanner_wideboard\"><\/div>\r\n<\/div>\n<p>    N\u00e9h\u00e1ny perccel a hivatalos bejelent\u00e9s ut\u00e1n Johnson szem\u00e9lyesen is meger\u0151s\u00edtette a h\u00edrt. A Twitteren k\u00f6zz\u00e9tett video\u00fczenet\u00e9ben elmondta: \u00e9szlelte mag\u00e1n a koronav\u00edrus-fert\u0151z\u00e9s enyhe t\u00fcneteit: l\u00e1zas lett \u00e9s ezt makacs k\u00f6h\u00f6g\u00e9s k\u00eds\u00e9ri. Chris Whitty angliai tisztif\u0151orvos tan\u00e1cs\u00e1ra ezut\u00e1n sz\u0171r\u00e9snek vetette al\u00e1 mag\u00e1t \u00e9s a vizsg\u00e1lat eredm\u00e9nye pozit\u00edv lett.<br \/>\n    A brit korm\u00e1nyf\u0151 k\u00f6z\u00f6lte, hogy az ilyen esetekre el\u0151\u00edrt elj\u00e1r\u00e1snak megfelel\u0151en otthon\u00e1ban, vagyis a Downing Street-i minisztereln\u00f6ki rezidenci\u00e1n elk\u00fcl\u00f6n\u00edt\u00e9sbe vonult, de dolgozik, tov\u00e1bbra is \u0151 ir\u00e1ny\u00edtja a brit korm\u00e1ny j\u00e1rv\u00e1nyellenes tev\u00e9kenys\u00e9g\u00e9t \u00e9s &#8222;a modern technol\u00f3gia var\u00e1zslatos eszk\u00f6zeivel&#8221; folyamatos kapcsolatban \u00e1ll k\u00f6zvetlen st\u00e1bj\u00e1val.<br \/>\n    Johnson k\u00f6sz\u00f6netet mondott a brit \u00e1llami eg\u00e9szs\u00e9g\u00fcgyi szolg\u00e1lat (NHS) dolgoz\u00f3inak \u00e9s annak a 600 ezer \u00f6nk\u00e9ntesnek, aki a korm\u00e1ny minapi felh\u00edv\u00e1s\u00e1ra jelentkezett, hogy seg\u00edtsen a j\u00e1rv\u00e1nyellenes k\u00fczdelemben.<br \/>\n<div class=\"ads-in-post2\"><script async src=\"https:\/\/pagead2.googlesyndication.com\/pagead\/js\/adsbygoogle.js\"><\/script>\r\n<ins class=\"adsbygoogle\"\r\n     style=\"display:block\"\r\n     data-ad-format=\"fluid\"\r\n     data-ad-layout-key=\"-6t+ed+2i-1n-4w\"\r\n     data-ad-client=\"ca-pub-1959107119989764\"\r\n     data-ad-slot=\"4008251320\"><\/ins>\r\n<script>\r\n     (adsbygoogle = window.adsbygoogle || []).push({});\r\n<\/script><\/div>\n    A korm\u00e1ny a h\u00e9t elej\u00e9n eredetileg 250 ezer \u00f6nk\u00e9ntes jelentkez\u00e9s\u00e9t k\u00e9rte, de m\u00e1r a felh\u00edv\u00e1s ut\u00e1n els\u0151 nap t\u00f6bb mint f\u00e9lmilli\u00f3an jelentkeztek, \u00e9s sz\u00e1muk p\u00e9ntekre el\u00e9rte a 600 ezret.<br \/>\n    P\u00e9nteki video\u00fczenet\u00e9ben a brit minisztereln\u00f6k k\u00e9rte, hogy a lakoss\u00e1g tov\u00e1bbra is tartsa mag\u00e1t a j\u00e1rv\u00e1ny terjed\u00e9s\u00e9nek megf\u00e9kez\u00e9s\u00e9re elrendelt korl\u00e1toz\u00e1sokhoz, vagyis lehet\u0151s\u00e9g szerint mindenki maradjon otthon.<br \/>\n    Nemr\u00e9giben bejelentett\u00e9k, hogy gyermeket v\u00e1r Carrie Symonds, Johnson \u00e9lett\u00e1rsa, aki a korm\u00e1nyf\u0151vel egy\u00fctt a Downing Streeten lakik. A p\u00e9nteki t\u00e1j\u00e9koztat\u00e1s nem t\u00e9rt ki arra, hogy \u0151t is al\u00e1vetett\u00e9k-e sz\u0171r\u00e9snek.<br \/>\n    Johnson szerd\u00e1n r\u00e9szt vett a londoni als\u00f3h\u00e1zban a k\u00e9pvisel\u0151i k\u00e9rd\u00e9sek \u00e9s azonnali minisztereln\u00f6ki v\u00e1laszok szok\u00e1sos heti vitanapj\u00e1n, \u00e9s a hagyom\u00e1nyoknak megfelel\u0151en szemt\u0151l szemben \u00fclt Jeremy Corbynnal, a legnagyobb ellenz\u00e9ki er\u0151, a Munk\u00e1sp\u00e1rt 70 \u00e9ves vezet\u0151j\u00e9vel.<br \/>\n    Corbyn p\u00e9nteken a Twitter port\u00e1lon gyors fel\u00e9p\u00fcl\u00e9st k\u00edv\u00e1nt a korm\u00e1nyf\u0151nek, \u00e9s hangot adott rem\u00e9ny\u00e9nek, hogy Johnson csal\u00e1dja eg\u00e9szs\u00e9ges.<br \/>\n    A Munk\u00e1sp\u00e1rt hamarosan lek\u00f6sz\u00f6n\u0151 vezet\u0151je nem eml\u00edtette, hogy \u0151t is al\u00e1vetett\u00e9k-e koronav\u00edrustesztnek.<br \/>\n    A Buckingham-palota, II. Erzs\u00e9bet kir\u00e1lyn\u0151 londoni hivatala nem sokkal a minisztereln\u00f6k pozit\u00edv koronav\u00edrus-lelet\u00e9r\u0151l sz\u00f3l\u00f3 bejelent\u00e9s ut\u00e1n k\u00f6zlem\u00e9nyben tudatta, hogy a 94. \u00e9v\u00e9ben j\u00e1r\u00f3 uralkod\u00f3 j\u00f3 eg\u00e9szs\u00e9gnek \u00f6rvend. A komm\u00fcnik\u00e9ben nem szerepel, hogy az uralkod\u00f3t, aki 68 \u00e9ve \u00fcl az Egyes\u00fclt Kir\u00e1lys\u00e1g tr\u00f3nj\u00e1n, al\u00e1vetett\u00e9k-e koronav\u00edrus-sz\u0171r\u00e9snek.<br \/>\n    A palota t\u00e1j\u00e9koztat\u00e1sa szerint a kir\u00e1lyn\u0151 legut\u00f3bb m\u00e1rcius 11-\u00e9n tal\u00e1lkozott Boris Johnsonnal, \u00e9s minden vonatkoz\u00f3 eg\u00e9szs\u00e9g\u00fcgyi \u00fatmutat\u00e1st betart.<br \/>\n    K\u00e1roly tr\u00f3n\u00f6r\u00f6k\u00f6sr\u0151l, az uralkod\u00f3 els\u0151sz\u00fcl\u00f6tt fi\u00e1r\u00f3l a h\u00e9ten szint\u00e9n kider\u00fclt, hogy megfert\u0151z\u0151d\u00f6tt az \u00faj t\u00edpus\u00fa koronav\u00edrussal.<br \/>\n    A 71 esztend\u0151s walesi herceg feles\u00e9ge, Kamilla cornwalli hercegn\u0151 t\u00e1rsas\u00e1g\u00e1ban a kir\u00e1lyi csal\u00e1d sk\u00f3ciai rezidenci\u00e1j\u00e1n, Balmoral kast\u00e9ly\u00e1ban vonult elk\u00fcl\u00f6n\u00edt\u00e9sbe. Kamilla hercegn\u0151 koronav\u00edrustesztje negat\u00edv lett.<br \/>\n    K\u00e1roly az udvar t\u00e1j\u00e9koztat\u00e1sa szerint j\u00f3l van, dolgozik, a fert\u0151z\u00e9s egyelore csak enyhe t\u00fcneteket okozott n\u00e1la.(MTI)<\/p>\n","protected":false},"excerpt":{"rendered":"<p>Boris Johnson brit minisztereln\u00f6k szervezet\u00e9ben is kimutatt\u00e1k a Covid-19 megbeteged\u00e9st okoz\u00f3, SARS-CoV-2 nev\u0171 \u00faj koronav\u00edrust &#8211; jelentette be p\u00e9nteken a Downing Street. A londoni korm\u00e1nyf\u0151i hivatal sz\u00f3viv\u0151je szerint az 55 \u00e9ves Johnson t\u00fcnetei enyh\u00e9k.<\/p>\n","protected":false},"author":1001006,"featured_media":125143,"comment_status":"closed","ping_status":"open","sticky":false,"template":"","format":"standard","meta":[],"categories":[146,12,427,246],"tags":[428],"_links":{"self":[{"href":"https:\/\/gazdasagportal.hu\/index.php\/wp-json\/wp\/v2\/posts\/125142"}],"collection":[{"href":"https:\/\/gazdasagportal.hu\/index.php\/wp-json\/wp\/v2\/posts"}],"about":[{"href":"https:\/\/gazdasagportal.hu\/index.php\/wp-json\/wp\/v2\/types\/post"}],"author":[{"embeddable":true,"href":"https:\/\/gazdasagportal.hu\/index.php\/wp-json\/wp\/v2\/users\/1001006"}],"replies":[{"embeddable":true,"href":"https:\/\/gazdasagportal.hu\/index.php\/wp-json\/wp\/v2\/comments?post=125142"}],"version-history":[{"count":1,"href":"https:\/\/gazdasagportal.hu\/index.php\/wp-json\/wp\/v2\/posts\/125142\/revisions"}],"predecessor-version":[{"id":125144,"href":"https:\/\/gazdasagportal.hu\/index.php\/wp-json\/wp\/v2\/posts\/125142\/revisions\/125144"}],"wp:featuredmedia":[{"embeddable":true,"href":"https:\/\/gazdasagportal.hu\/index.php\/wp-json\/wp\/v2\/media\/125143"}],"wp:attachment":[{"href":"https:\/\/gazdasagportal.hu\/index.php\/wp-json\/wp\/v2\/media?parent=125142"}],"wp:term":[{"taxonomy":"category","embeddable":true,"href":"https:\/\/gazdasagportal.hu\/index.php\/wp-json\/wp\/v2\/categories?post=125142"},{"taxonomy":"post_tag","embeddable":true,"href":"https:\/\/gazdasagportal.hu\/index.php\/wp-json\/wp\/v2\/tags?post=125142"}],"curies":[{"name":"wp","href":"https:\/\/api.w.org\/{rel}","templated":true}]}}