{"id":125140,"date":"2020-03-27T13:50:11","date_gmt":"2020-03-27T12:50:11","guid":{"rendered":"http:\/\/gazdasagportal.hu\/?p=125140"},"modified":"2020-03-27T17:20:15","modified_gmt":"2020-03-27T16:20:15","slug":"kijarasi-korlatozas-biztonsagos-marad-az-aruellatas","status":"publish","type":"post","link":"https:\/\/gazdasagportal.hu\/index.php\/kijarasi-korlatozas-biztonsagos-marad-az-aruellatas\/","title":{"rendered":"Kij\u00e1r\u00e1si korl\u00e1toz\u00e1s \u2013 biztons\u00e1gos marad az \u00e1ruell\u00e1t\u00e1s"},"content":{"rendered":"<p style=\"font-weight: 400;\"><strong>Orb\u00e1n Viktor minisztereln\u00f6k a mai napon bejelentette, hogy m\u00e1rcius 28-t\u00f3l kij\u00e1r\u00e1si korl\u00e1toz\u00e1st vezetnek be, ami \u00e1prilis 11-\u00e9n hat\u00e1ly\u00e1t veszti.<\/strong><\/p>\n<p><!--more--><\/p>\n<div class=\"ads-in-post1\"><div id=\"gazdasagportal.hu_fullbanner_wideboard\"><\/div>\r\n<\/div>\n<p style=\"font-weight: 400;\"><strong><u>Ez a korl\u00e1toz\u00e1s semmilyen m\u00f3don nem \u00e9rinti az \u00e1ruell\u00e1t\u00e1s biztons\u00e1g\u00e1t.<\/u><\/strong><\/p>\n<p style=\"font-weight: 400;\">K\u00fcl\u00f6n is felh\u00edvjuk a figyelmet a k\u00f6vetkez\u0151kre, a 71\/2020. sz\u00e1m\u00fa korm\u00e1nyrendelet alapj\u00e1n a kij\u00e1r\u00e1si korl\u00e1toz\u00e1sr\u00f3l<\/p><div id=\"gazda-2289333872\" class=\"gazda-tartalomban gazda-entity-placement\"><script async src=\"https:\/\/pagead2.googlesyndication.com\/pagead\/js\/adsbygoogle.js\"><\/script>\r\n<ins class=\"adsbygoogle\"\r\n     style=\"display:block\"\r\n     data-ad-format=\"fluid\"\r\n     data-ad-layout-key=\"-6t+ed+2i-1n-4w\"\r\n     data-ad-client=\"ca-pub-1959107119989764\"\r\n     data-ad-slot=\"4008251320\"><\/ins>\r\n<script>\r\n     (adsbygoogle = window.adsbygoogle || []).push({});\r\n<\/script><\/div>\n<p style=\"font-weight: 400;\"><strong>\u00a0<\/strong><\/p>\n<p style=\"font-weight: 400;\">Mindenki k\u00f6teles m\u00e1s emberekkel a szoci\u00e1lis \u00e9rintkez\u00e9st \u2013 a k\u00f6z\u00f6s h\u00e1ztart\u00e1sban \u00e9l\u0151k kiv\u00e9tel\u00e9vel \u2013 a lehet\u0151 legkisebb<\/p>\n<p style=\"font-weight: 400;\">m\u00e9rt\u00e9k\u0171re korl\u00e1tozni, \u00e9s a m\u00e1sik embert\u0151l lehet\u0151s\u00e9g szerint legal\u00e1bb\u00a0<strong><u>1,5 m\u00e9ter<\/u><\/strong>\u00a0t\u00e1vols\u00e1got tartani.<\/p>\n<p style=\"font-weight: 400;\">A lak\u00f3hely, a tart\u00f3zkod\u00e1si hely, illetve a mag\u00e1nlak\u00e1s elhagy\u00e1s\u00e1ra az e rendeletben meghat\u00e1rozott alapos indokkal<\/p>\n<p style=\"font-weight: 400;\">ker\u00fclhet sor, egyebek mellett:<\/p>\n<p style=\"font-weight: 400;\">&#8211; a munkav\u00e9gz\u00e9s, a hivat\u00e1sbeli k\u00f6telezetts\u00e9g, a gazdas\u00e1gi, mez\u0151gazdas\u00e1gi \u00e9s erd\u00e9szeti tev\u00e9kenys\u00e9g, valamint<\/p>\n<p style=\"font-weight: 400;\">az ezek elv\u00e9gz\u00e9s\u00e9hez n\u00e9lk\u00fcl\u00f6zhetetlen anyagokat, valamint eszk\u00f6z\u00f6ket \u00e1rus\u00edt\u00f3 \u00fczletben (k\u00fcl\u00f6n\u00f6sen<\/p>\n<p style=\"font-weight: 400;\">a m\u0171szaki cikket, az \u00e9p\u00edt\u0151anyagot \u00e9s eszk\u00f6z\u00f6ket \u00e1rus\u00edt\u00f3 \u00fczletben) t\u00f6rt\u00e9n\u0151 v\u00e1s\u00e1rl\u00e1s,<\/p>\n<p style=\"font-weight: 400;\">&#8211;<strong>\u00a0a napi fogyaszt\u00e1si cikket \u00e9rt\u00e9kes\u00edt\u0151 \u00e9lelmiszer\u00fczletben (a tov\u00e1bbiakban: \u00e9lelmiszer\u00fczlet) t\u00f6rt\u00e9n\u0151 v\u00e1s\u00e1rl\u00e1s,<\/strong><\/p>\n<p style=\"font-weight: 400;\"><strong>\u00a0<\/strong><\/p>\n<p style=\"font-weight: 400;\"><strong>&#8211; a napi fogyaszt\u00e1si cikket \u00e9rt\u00e9kes\u00edt\u0151 egy\u00e9b (illatszert, a drog\u00e9riai term\u00e9ket, a h\u00e1ztart\u00e1si tiszt\u00edt\u00f3szert, a vegyi<\/strong><\/p>\n<p style=\"font-weight: 400;\"><strong>\u00e1rut \u00e9s a higi\u00e9niai pap\u00edrterm\u00e9ket \u00e1rus\u00edt\u00f3) \u00fczletben (a tov\u00e1bbiakban egy\u00fctt: drog\u00e9ria) t\u00f6rt\u00e9n\u0151 v\u00e1s\u00e1rl\u00e1s,<\/strong><\/p>\n<p style=\"font-weight: 400;\"><strong>\u00a0<\/strong><\/p>\n<p style=\"font-weight: 400;\"><strong>&#8211; az \u00e1llateledelt, takarm\u00e1nyt forgalmaz\u00f3 \u00fczletben t\u00f6rt\u00e9n\u0151 v\u00e1s\u00e1rl\u00e1s,<\/strong><\/p>\n<p style=\"font-weight: 400;\"><strong>\u00a0<\/strong><\/p>\n<p style=\"font-weight: 400;\"><strong>&#8211; a mez\u0151gazdas\u00e1gi \u00fczletben t\u00f6rt\u00e9n\u0151 v\u00e1s\u00e1rl\u00e1s, ide\u00e9rtve m\u0171tr\u00e1gy\u00e1t \u00e9rt\u00e9kes\u00edt\u0151 \u00fczletet \u00e9s v\u00e1g\u00f3hidat,<\/strong><\/p>\n<p style=\"font-weight: 400;\"><strong>\u00a0<\/strong><\/p>\n<p style=\"font-weight: 400;\"><strong>&#8211; a piacon, a helyi termel\u0151i piacon (a tov\u00e1bbiakban egy\u00fctt: piac) t\u00f6rt\u00e9n\u0151 v\u00e1s\u00e1rl\u00e1s,<\/strong><\/p>\n<p style=\"font-weight: 400;\"><strong>\u00a0<\/strong><\/p>\n<p style=\"font-weight: 400;\"><strong>&#8211; a gy\u00f3gyszert, a gy\u00f3gy\u00e1szati seg\u00e9deszk\u00f6zt forgalmaz\u00f3 \u00fczletben (a tov\u00e1bbiakban egy\u00fctt: gy\u00f3gyszert\u00e1r)<\/strong><\/p>\n<p style=\"font-weight: 400;\"><strong>t\u00f6rt\u00e9n\u0151 v\u00e1s\u00e1rl\u00e1s,<\/strong><\/p>\n<p style=\"font-weight: 400;\"><strong>\u00a0<\/strong><\/p>\n<p style=\"font-weight: 400;\"><strong>&#8211; az \u00fczemanyag-t\u00f6lt\u0151\u00e1llom\u00e1s felkeres\u00e9se,<\/strong><\/p>\n<p style=\"font-weight: 400;\"><strong>\u00a0<\/strong><\/p>\n<p style=\"font-weight: 400;\"><strong>&#8211; a doh\u00e1nyboltban t\u00f6rt\u00e9n\u0151 v\u00e1s\u00e1rl\u00e1s,<\/strong><\/p>\n<p style=\"font-weight: 400;\"><strong>\u00a0<\/strong><\/p>\n<p style=\"font-weight: 400;\"><strong>&#8211; a fodr\u00e1sz, a manik\u0171r\u00f6s szolg\u00e1ltat\u00e1sok ig\u00e9nybev\u00e9tele,<\/strong><\/p>\n<p style=\"font-weight: 400;\"><strong>\u00a0<\/strong><\/p>\n<p style=\"font-weight: 400;\"><strong>&#8211; a sz\u00e1ll\u00edt\u00e1si, tiszt\u00edt\u00e1si \u00e9s higi\u00e9ni\u00e1s szolg\u00e1ltat\u00e1sok ig\u00e9nybev\u00e9tele,<\/strong><\/p>\n<p style=\"font-weight: 400;\"><strong>\u00a0<\/strong><\/p>\n<p style=\"font-weight: 400;\"><strong>&#8211; a g\u00e9pj\u00e1rm\u0171- \u00e9s ker\u00e9kp\u00e1rszerviz, a mez\u0151gazdas\u00e1gi \u00e9s erd\u00e9szeti g\u00e9pek \u00e9s berendez\u00e9sek jav\u00edt\u00e1s\u00e1val kapcsolatos<\/strong><\/p>\n<p style=\"font-weight: 400;\"><strong>szolg\u00e1ltat\u00e1sok ig\u00e9nybev\u00e9tele,<\/strong><\/p>\n<p style=\"font-weight: 400;\">&#8211; a hullad\u00e9kgazd\u00e1lkod\u00e1ssal \u00f6sszef\u00fcgg\u0151 szolg\u00e1ltat\u00e1sok ig\u00e9nybev\u00e9tele,<\/p>\n<p style=\"font-weight: 400;\">&#8211; a legsz\u00fcks\u00e9gesebb esetben a szem\u00e9lyes megjelen\u00e9st ig\u00e9nyl\u0151 \u00fcgyint\u00e9z\u00e9s, \u00edgy hat\u00f3s\u00e1gi, banki, p\u00e9nz\u00fcgyi,<\/p>\n<p style=\"font-weight: 400;\">biztos\u00edt\u00e1si \u00e9s postai szolg\u00e1ltat\u00e1sok ig\u00e9nybev\u00e9tele,<\/p>\n<p style=\"font-weight: 400;\">&#8211; az \u00e1llatok ell\u00e1t\u00e1sa, h\u00e1zi\u00e1llat k\u00f6zter\u00fcleti s\u00e9t\u00e1ltat\u00e1sa, az \u00e1llatorvosi rendel\u0151 \u00e9s az \u00e1llatk\u00f3rh\u00e1z l\u00e1togat\u00e1sa,<\/p>\n<p style=\"font-weight: 400;\"><strong>Saj\u00e1t \u00e9s csal\u00e1dja \u00e9rdek\u00e9ben a 65. \u00e9let\u00e9v\u00e9t bet\u00f6lt\u00f6tt szem\u00e9ly az \u00e9lelmiszer\u00fczletet, drog\u00e9ri\u00e1t, piacot vagy<\/strong><\/p>\n<p style=\"font-weight: 400;\"><strong>gy\u00f3gyszert\u00e1rat 9.00 \u00f3ra \u00e9s 12.00 \u00f3ra k\u00f6z\u00f6tti id\u0151ben l\u00e1togathatja.<\/strong><\/p>\n<p style=\"font-weight: 400;\"><strong>\u00a0\u00a0\u00a0\u00a0\u00a0\u00a0\u00a0\u00a0\u00a0\u00a0\u00a0\u00a0\u00a0\u00a0\u00a0\u00a0\u00a0\u00a0\u00a0\u00a0\u00a0\u00a0\u00a0\u00a0\u00a0\u00a0\u00a0\u00a0\u00a0\u00a0\u00a0\u00a0\u00a0\u00a0\u00a0\u00a0\u00a0\u00a0\u00a0\u00a0\u00a0\u00a0\u00a0\u00a0\u00a0\u00a0\u00a0\u00a0\u00a0\u00a0\u00a0\u00a0\u00a0\u00a0\u00a0\u00a0\u00a0\u00a0\u00a0\u00a0\u00a0\u00a0\u00a0\u00a0\u00a0\u00a0\u00a0\u00a0\u00a0\u00a0\u00a0\u00a0\u00a0\u00a0\u00a0\u00a0\u00a0\u00a0<\/strong><\/p>\n<p style=\"font-weight: 400;\"><strong>Az \u00e9lelmiszer\u00fczletben, drog\u00e9ri\u00e1ban, piacon vagy gy\u00f3gyszert\u00e1rban 9.00 \u00f3ra \u00e9s 12.00 \u00f3ra k\u00f6z\u00f6tti id\u0151ben az ott<\/strong><\/p>\n<p style=\"font-weight: 400;\"><strong>foglalkoztatottak kiv\u00e9tel\u00e9vel kiz\u00e1r\u00f3lag 65 \u00e9v feletti szem\u00e9ly tart\u00f3zkodhat.<\/strong><\/p>\n<p style=\"font-weight: 400;\">Vend\u00e9gl\u00e1t\u00f3 \u00fczletben \u2013 az ott foglalkoztatottak kiv\u00e9tel\u00e9vel \u2013 tart\u00f3zkodni tilos. Kiv\u00e9telt k\u00e9pez az elvitelre alkalmas<\/p>\n<p style=\"font-weight: 400;\">\u00e9telek kiad\u00e1sa \u00e9s sz\u00e1ll\u00edt\u00e1sa.<\/p>\n","protected":false},"excerpt":{"rendered":"<p>Orb\u00e1n Viktor minisztereln\u00f6k a mai napon bejelentette, hogy m\u00e1rcius 28-t\u00f3l kij\u00e1r\u00e1si korl\u00e1toz\u00e1st vezetnek be, ami \u00e1prilis 11-\u00e9n hat\u00e1ly\u00e1t veszti.<\/p>\n","protected":false},"author":1001006,"featured_media":125153,"comment_status":"closed","ping_status":"open","sticky":false,"template":"","format":"standard","meta":[],"categories":[146,4,427],"tags":[428],"_links":{"self":[{"href":"https:\/\/gazdasagportal.hu\/index.php\/wp-json\/wp\/v2\/posts\/125140"}],"collection":[{"href":"https:\/\/gazdasagportal.hu\/index.php\/wp-json\/wp\/v2\/posts"}],"about":[{"href":"https:\/\/gazdasagportal.hu\/index.php\/wp-json\/wp\/v2\/types\/post"}],"author":[{"embeddable":true,"href":"https:\/\/gazdasagportal.hu\/index.php\/wp-json\/wp\/v2\/users\/1001006"}],"replies":[{"embeddable":true,"href":"https:\/\/gazdasagportal.hu\/index.php\/wp-json\/wp\/v2\/comments?post=125140"}],"version-history":[{"count":1,"href":"https:\/\/gazdasagportal.hu\/index.php\/wp-json\/wp\/v2\/posts\/125140\/revisions"}],"predecessor-version":[{"id":125141,"href":"https:\/\/gazdasagportal.hu\/index.php\/wp-json\/wp\/v2\/posts\/125140\/revisions\/125141"}],"wp:featuredmedia":[{"embeddable":true,"href":"https:\/\/gazdasagportal.hu\/index.php\/wp-json\/wp\/v2\/media\/125153"}],"wp:attachment":[{"href":"https:\/\/gazdasagportal.hu\/index.php\/wp-json\/wp\/v2\/media?parent=125140"}],"wp:term":[{"taxonomy":"category","embeddable":true,"href":"https:\/\/gazdasagportal.hu\/index.php\/wp-json\/wp\/v2\/categories?post=125140"},{"taxonomy":"post_tag","embeddable":true,"href":"https:\/\/gazdasagportal.hu\/index.php\/wp-json\/wp\/v2\/tags?post=125140"}],"curies":[{"name":"wp","href":"https:\/\/api.w.org\/{rel}","templated":true}]}}