{"id":125138,"date":"2020-03-27T13:25:24","date_gmt":"2020-03-27T12:25:24","guid":{"rendered":"http:\/\/gazdasagportal.hu\/?p=125138"},"modified":"2020-03-27T13:25:24","modified_gmt":"2020-03-27T12:25:24","slug":"az-emirates-kilenc-teherszallito-repulot-kuld-magyarorszagra-aprilis-kozepeig","status":"publish","type":"post","link":"https:\/\/gazdasagportal.hu\/index.php\/az-emirates-kilenc-teherszallito-repulot-kuld-magyarorszagra-aprilis-kozepeig\/","title":{"rendered":"Az Emirates kilenc tehersz\u00e1ll\u00edt\u00f3 rep\u00fcl\u0151t k\u00fcld Magyarorsz\u00e1gra \u00e1prilis k\u00f6zep\u00e9ig"},"content":{"rendered":"<p><strong>A l\u00e9gi tehersz\u00e1ll\u00edt\u00e1sra szakosodott Emirates SkyCargo minden eszk\u00f6zzel seg\u00edti a legfontosabb \u00e1ruk\u00e9szletek sz\u00e1ll\u00edt\u00e1s\u00e1t szerte a vil\u00e1gon. M\u00e1rciust\u00f3l \u00e1prilisig \u00f6sszesen 9 SkyCargo tehersz\u00e1ll\u00edt\u00f3 g\u00e9p \u00e9rkezik Magyarorsz\u00e1gra, amelyek f\u0151k\u00e9nt elektronikai felszerel\u00e9seket, illetve a j\u00e1rv\u00e1nyhelyzettel kapcsolatos rakom\u00e1nyt sz\u00e1ll\u00edtanak majd.<\/strong><!--more--><\/p>\n<div class=\"ads-in-post1\"><div id=\"gazdasagportal.hu_fullbanner_wideboard\"><\/div>\r\n<\/div>\n<p>A szem\u00e9lysz\u00e1ll\u00edt\u00e1sra vonatkoz\u00f3 l\u00e9giforgalmi korl\u00e1toz\u00e1sok kihatnak a tehersz\u00e1ll\u00edtm\u00e1nyokra is, hiszen a menetrendszerinti utassz\u00e1ll\u00edt\u00f3 g\u00e9pek jelent\u0151s teherrakom\u00e1nyt is sz\u00e1ll\u00edtottak. Az \u00e1ruforgalom biztons\u00e1gos folytat\u00e1sa \u00e9rdek\u00e9ben az Emirates SkyCargo rendk\u00edv\u00fcli int\u00e9zked\u00e9seket tett: k\u00fcl\u00f6n tehersz\u00e1ll\u00edt\u00f3 g\u00e9peket \u00e1ll\u00edtott forgalomba, a menetrendszerinti j\u00e1ratokon t\u00fal charter j\u00e1ratokat is \u00fczemeltet, illetve megszervezte a k\u00f6z\u00fati sz\u00e1ll\u00edt\u00e1st oda, ahol a l\u00e9gisz\u00e1ll\u00edt\u00e1s nem volt lehets\u00e9ges annak \u00e9rdek\u00e9ben, hogy az orvosi eszk\u00f6z\u00f6k, n\u00e9lk\u00fcl\u00f6zhetetlen alapanyagok, gy\u00f3gyszerek \u00e9s romland\u00f3 \u00e9lelmiszerek eljussanak a vil\u00e1g minden r\u00e9sz\u00e9be.<\/p>\n<ol start=\"2020\">\n<li>janu\u00e1r k\u00f6zep\u00e9t\u0151l m\u00e1rcius k\u00f6zep\u00e9ig az Emirates SkyCargo \u00f6sszesen t\u00f6bb mint 225 ezer tonna rakom\u00e1nyt sz\u00e1ll\u00edtott. Ebb\u0151l 55 ezer tonna \u00e9lelmiszer \u2013 bele\u00e9rtve gy\u00fcm\u00f6lcs, z\u00f6lds\u00e9g, h\u00fas \u00e9s half\u00e9l\u00e9k \u2013, t\u00f6bb mint 13 ezer tonna pedig gy\u00f3gyszeripari rakom\u00e1ny volt.<\/li>\n<\/ol>\n<div class=\"ads-in-post2\"><script async src=\"https:\/\/pagead2.googlesyndication.com\/pagead\/js\/adsbygoogle.js\"><\/script>\r\n<ins class=\"adsbygoogle\"\r\n     style=\"display:block\"\r\n     data-ad-format=\"fluid\"\r\n     data-ad-layout-key=\"-6t+ed+2i-1n-4w\"\r\n     data-ad-client=\"ca-pub-1959107119989764\"\r\n     data-ad-slot=\"4008251320\"><\/ins>\r\n<script>\r\n     (adsbygoogle = window.adsbygoogle || []).push({});\r\n<\/script><\/div>\n<strong>Az Emirates-r\u0151l <\/strong><\/p>\n<p>1985-\u00f6s megalap\u00edt\u00e1sa \u00f3ta t\u00f6bb mint 500 nemzetk\u00f6zi d\u00edjjal ismert\u00e9k el az Emirates Airline azon t\u00f6rekv\u00e9s\u00e9t, hogy p\u00e1ratlan min\u0151s\u00e9g\u0171 szolg\u00e1ltat\u00e1sokat ny\u00fajtson.<\/p><div id=\"gazda-1316628075\" class=\"gazda-tartalomban gazda-entity-placement\"><script async src=\"https:\/\/pagead2.googlesyndication.com\/pagead\/js\/adsbygoogle.js\"><\/script>\r\n<ins class=\"adsbygoogle\"\r\n     style=\"display:block\"\r\n     data-ad-format=\"fluid\"\r\n     data-ad-layout-key=\"-6t+ed+2i-1n-4w\"\r\n     data-ad-client=\"ca-pub-1959107119989764\"\r\n     data-ad-slot=\"4008251320\"><\/ins>\r\n<script>\r\n     (adsbygoogle = window.adsbygoogle || []).push({});\r\n<\/script><\/div>\n<p>A l\u00e9git\u00e1rsas\u00e1g gyorsan \u00e9s folyamatosan n\u00f6vekszik \u2013\u00a0\u00e1tlagosan \u00e9vi 20 sz\u00e1zal\u00e9kot meghalad\u00f3 \u00fctemben \u2013, \u00e9s az elm\u00falt 25 \u00e9vben folyamatosan nyeres\u00e9gesen m\u0171k\u00f6d\u00f6tt. P\u00e9nz\u00fcgyi szempontb\u00f3l \u00f6nfenntart\u00f3 \u00e9s f\u00fcggetlen. Az Emirates a 2018-2019-es p\u00e9nz\u00fcgyi \u00e9vben 58.6 milli\u00f3 utast sz\u00e1ll\u00edtott, \u00e9s 0.2 milli\u00e1rd doll\u00e1r ad\u00f3z\u00e1s ut\u00e1ni eredm\u00e9nyt \u00e9rt el.<\/p>\n<p>Az Emirates k\u00f6zpontja Dubajban m\u0171k\u00f6dik, a vil\u00e1g azon n\u00e9h\u00e1ny v\u00e1ros\u00e1nak egyik\u00e9ben, amely a \u201eNyitott \u00c9gbolt\u201d szab\u00e1lyoz\u00e1st k\u00f6veti, \u00e9s t\u00f6bb mint 120 l\u00e9git\u00e1rsas\u00e1gnak biztos\u00edtja a szabad \u00e9s tiszta versenyt.<\/p>\n<p>A 270, egyt\u0151l-egyig sz\u00e9les t\u00f6rzs\u0171 rep\u00fcl\u0151g\u00e9pb\u0151l, k\u00f6zt\u00fck 11 tehersz\u00e1ll\u00edt\u00f3 g\u00e9pb\u0151l \u00e1ll\u00f3 flott\u00e1ja a vil\u00e1g legfiatalabbjai k\u00f6z\u00e9 tartozik. Az Emirates 214 \u00faj rep\u00fcl\u0151g\u00e9p\u00e9nek lesz\u00e1ll\u00edt\u00e1sa folyamatban van.<\/p>\n<p>Az Emirates j\u00e1ratai 157 c\u00e9l\u00e1llom\u00e1sra rep\u00fclnek, a vil\u00e1g 83 orsz\u00e1g\u00e1ban; Eur\u00f3p\u00e1ban, \u00c9szak-Amerik\u00e1ban, D\u00e9l-Amerik\u00e1ban, a K\u00f6zel-Keleten, Afrik\u00e1ban, az indiai szubkontinensen \u00e9s az \u00c1zsia-Csendes-\u00f3ce\u00e1ni t\u00e9rs\u00e9gben.<\/p>\n<p>Az Emirates code-share meg\u00e1llapod\u00e1st k\u00f6t\u00f6tt a k\u00f6vetkez\u0151 l\u00e9git\u00e1rsas\u00e1gokkal: Air Malta, Air Mauritius, Alaska Airlines, Bangkok Airways, Copa Airlines, Flybe, flydubai, Japan Airlines, Jetblue Airways, Jetstar Airways, Jetstar Asia, Jetstar Pacific, Korean Air, LATAM Airlines Brazil, Malaysia Airlines, Qantas, Siberia Airlines, South African Airways, TAP Portugal, Thai Airways International, TGV Air (SNCF), WestJet, Linhas A\u00e9reas Inteligentes S. A. (GOL); valamint a Trenitalia vas\u00fatt\u00e1rsas\u00e1ggal.<\/p>\n<p>Az Emirates Airline r\u00e9sze az Emirates SkyCargo \u00e9s a Destination &amp; Leisure Management (D&amp;LM), amely a Wolgan Valley Resort &amp; Spa-t, az Emirates Holidays-t, az Arabian Adventures-t \u00e9s a Congress Solution International-t m\u0171k\u00f6dteti. A l\u00e9git\u00e1rsas\u00e1g az Emirates Csoport tagja, amely mag\u00e1ba foglalja a dnata, a Mercator, a Transguard \u00e9s az EmQuest t\u00e1rsv\u00e1llalatokat.<\/p>\n<p>Tov\u00e1bbi inform\u00e1ci\u00f3: www.emirates.com<\/p>\n","protected":false},"excerpt":{"rendered":"<p>A l\u00e9gi tehersz\u00e1ll\u00edt\u00e1sra szakosodott Emirates SkyCargo minden eszk\u00f6zzel seg\u00edti a legfontosabb \u00e1ruk\u00e9szletek sz\u00e1ll\u00edt\u00e1s\u00e1t szerte a vil\u00e1gon. M\u00e1rciust\u00f3l \u00e1prilisig \u00f6sszesen 9 SkyCargo tehersz\u00e1ll\u00edt\u00f3 g\u00e9p \u00e9rkezik Magyarorsz\u00e1gra, amelyek f\u0151k\u00e9nt elektronikai felszerel\u00e9seket, illetve a j\u00e1rv\u00e1nyhelyzettel kapcsolatos rakom\u00e1nyt sz\u00e1ll\u00edtanak majd.<\/p>\n","protected":false},"author":1001006,"featured_media":0,"comment_status":"closed","ping_status":"open","sticky":false,"template":"","format":"standard","meta":[],"categories":[4,19,427],"tags":[428],"_links":{"self":[{"href":"https:\/\/gazdasagportal.hu\/index.php\/wp-json\/wp\/v2\/posts\/125138"}],"collection":[{"href":"https:\/\/gazdasagportal.hu\/index.php\/wp-json\/wp\/v2\/posts"}],"about":[{"href":"https:\/\/gazdasagportal.hu\/index.php\/wp-json\/wp\/v2\/types\/post"}],"author":[{"embeddable":true,"href":"https:\/\/gazdasagportal.hu\/index.php\/wp-json\/wp\/v2\/users\/1001006"}],"replies":[{"embeddable":true,"href":"https:\/\/gazdasagportal.hu\/index.php\/wp-json\/wp\/v2\/comments?post=125138"}],"version-history":[{"count":1,"href":"https:\/\/gazdasagportal.hu\/index.php\/wp-json\/wp\/v2\/posts\/125138\/revisions"}],"predecessor-version":[{"id":125139,"href":"https:\/\/gazdasagportal.hu\/index.php\/wp-json\/wp\/v2\/posts\/125138\/revisions\/125139"}],"wp:attachment":[{"href":"https:\/\/gazdasagportal.hu\/index.php\/wp-json\/wp\/v2\/media?parent=125138"}],"wp:term":[{"taxonomy":"category","embeddable":true,"href":"https:\/\/gazdasagportal.hu\/index.php\/wp-json\/wp\/v2\/categories?post=125138"},{"taxonomy":"post_tag","embeddable":true,"href":"https:\/\/gazdasagportal.hu\/index.php\/wp-json\/wp\/v2\/tags?post=125138"}],"curies":[{"name":"wp","href":"https:\/\/api.w.org\/{rel}","templated":true}]}}