{"id":125136,"date":"2020-03-27T12:15:35","date_gmt":"2020-03-27T11:15:35","guid":{"rendered":"http:\/\/gazdasagportal.hu\/?p=125136"},"modified":"2020-03-27T12:15:35","modified_gmt":"2020-03-27T11:15:35","slug":"a-legnagyobb-magyar-opel-kereskedessel-bovul-az-autowallis-csoport","status":"publish","type":"post","link":"https:\/\/gazdasagportal.hu\/index.php\/a-legnagyobb-magyar-opel-kereskedessel-bovul-az-autowallis-csoport\/","title":{"rendered":"A legnagyobb magyar OPEL-keresked\u00e9ssel b\u0151v\u00fcl az AutoWallis csoport"},"content":{"rendered":"<p><strong>Tavaly meghirdetett strat\u00e9gi\u00e1ja r\u00e9szek\u00e9nt jelent\u0151s akviz\u00edci\u00f3r\u00f3l hat\u00e1rozott az AutoWallis Nyrt. Igazgat\u00f3s\u00e1ga, \u00edgy a t\u00e1rsas\u00e1g tulajdon\u00e1ba ker\u00fcl a legnagyobb magyar OPEL \u00e9s a harmadik legnagyobb KIA keresked\u00e9st \u00fczemeltet\u0151 Wallis Kerepesi Kft., valamint az annak helyet ad\u00f3 ingatlant birtokl\u00f3 K85 Kft. A 2019-ben 8,7 milli\u00e1rd forintos forgalmat bonyol\u00edt\u00f3 Wallis Kerepesi akviz\u00edci\u00f3ja t\u00f6bb mint tized\u00e9vel n\u00f6velheti a t\u0151zsde aut\u00f3s v\u00e1llalat\u00e1nak idei \u00e1rbev\u00e9tel\u00e9t.<\/strong><!--more--><\/p>\n<div class=\"ads-in-post1\"><div id=\"gazdasagportal.hu_fullbanner_wideboard\"><\/div>\r\n<\/div>\n<p>&nbsp;<\/p>\n<p>Az AutoWallis Igazgat\u00f3s\u00e1ga t\u00f6bb h\u00f3napos el\u0151k\u00e9sz\u00fclet ut\u00e1n az OPEL \u00e9s KIA g\u00e9pj\u00e1rm\u0171veket forgalmaz\u00f3 Wallis Kerepesi Kft., valamint az annak helyet ad\u00f3 ingatlant birtokl\u00f3 K85 Kft. felv\u00e1s\u00e1rl\u00e1s\u00e1r\u00f3l hat\u00e1rozott, miut\u00e1n azok tulajdonosai \u00edr\u00e1sos sz\u00e1nd\u00e9knyilatkozatott tettek a k\u00e9t v\u00e1llalat apport\u00e1l\u00e1s\u00e1r\u00f3l. A hat\u00e1rozat \u00e9rtelm\u00e9ben az AutoWallis kiz\u00e1r\u00f3lag saj\u00e1t r\u00e9szv\u00e9nyekkel fizeti ki az 1,02 milli\u00e1rd forintos v\u00e9tel\u00e1rat, melyet f\u00fcggetlen \u00e9rt\u00e9kbecsl\u00e9s alapj\u00e1n hat\u00e1rozott meg. Az \u00fajonnan kibocs\u00e1tand\u00f3 13.511.723 darab r\u00e9szv\u00e9ny \u00e1rfolyama a t\u00e1rsas\u00e1g r\u00e9szv\u00e9nyeseinek kor\u00e1bbi felhatalmaz\u00e1sa alapj\u00e1n az elm\u00falt 30 nap t\u0151zsdei \u00e1tlag\u00e1rfolyama, 75,49 forint. A tranzakci\u00f3 z\u00e1r\u00e1s\u00e1hoz m\u00e9g t\u00f6bb l\u00e9p\u00e9s v\u00e9grehajt\u00e1sa, t\u00f6bbek k\u00f6z\u00f6tt az \u00faj r\u00e9szv\u00e9nyek kibocs\u00e1t\u00e1s\u00e1hoz t\u00e1j\u00e9koztat\u00f3 k\u00e9sz\u00edt\u00e9se sz\u00fcks\u00e9ges. Az apport\u00e1land\u00f3 t\u00e1rsas\u00e1gok jelenleg 60 sz\u00e1zal\u00e9kban a Wallis Asset Management Zrt., m\u00edg 40 sz\u00e1zal\u00e9kban a Wallis Kerepesi menedzsment tagjai \u00e1ltal birtokolt TT Automobil Kft. tulajdon\u00e1ban vannak. A tranzakci\u00f3t k\u00f6vet\u0151en a Wallis Kerepesi menedzsmentj\u00e9nek tagjai AutoWallis r\u00e9szv\u00e9nyesek (1,9%) lesznek, \u00edgy tov\u00e1bbra is a teljes csoport n\u00f6veked\u00e9s\u00e9ben \u00e9rdekeltek, a tov\u00e1bbiakban annak r\u00e9szek\u00e9nt v\u00e9gzik munk\u00e1jukat. Az AutoWallis t\u00f6bbs\u00e9gi tulajdonos\u00e1nak, a Wallis Asset Management-nek a jelenlegi 72,47 sz\u00e1zal\u00e9kr\u00f3l 71,78 sz\u00e1zal\u00e9kra v\u00e1ltozik a tulajdoni h\u00e1nyada. Ormosy G\u00e1bor, az AutoWallis vez\u00e9rigazgat\u00f3ja a Wallis Kerepesi akviz\u00edci\u00f3ja kapcs\u00e1n elmondta, hogy az j\u00f3l illeszkedik a tavaly meghirdetett \u00f6t\u00e9ves strat\u00e9gi\u00e1ba, mely a 2018-as, 65,5 milli\u00e1rdos \u00e1rbev\u00e9tel dupl\u00e1z\u00e1s\u00e1val sz\u00e1mol 2024-re. A Wallis Kerepesi menedzsmentj\u00e9nek csatlakoz\u00e1sa tov\u00e1bb er\u0151s\u00edti az AutoWallis csoport szakmai h\u00e1tter\u00e9t, mely hozz\u00e1j\u00e1rulhat ahhoz, hogy a v\u00e1llalat a k\u00f6z\u00e9p-kelet-eur\u00f3pai r\u00e9gi\u00f3 meghat\u00e1roz\u00f3 mobilit\u00e1si szolg\u00e1ltat\u00f3ja legyen.<\/p><div id=\"gazda-956054095\" class=\"gazda-tartalomban gazda-entity-placement\"><script async src=\"https:\/\/pagead2.googlesyndication.com\/pagead\/js\/adsbygoogle.js\"><\/script>\r\n<ins class=\"adsbygoogle\"\r\n     style=\"display:block\"\r\n     data-ad-format=\"fluid\"\r\n     data-ad-layout-key=\"-6t+ed+2i-1n-4w\"\r\n     data-ad-client=\"ca-pub-1959107119989764\"\r\n     data-ad-slot=\"4008251320\"><\/ins>\r\n<script>\r\n     (adsbygoogle = window.adsbygoogle || []).push({});\r\n<\/script><\/div>\n<div class=\"ads-in-post2\"><script async src=\"https:\/\/pagead2.googlesyndication.com\/pagead\/js\/adsbygoogle.js\"><\/script>\r\n<ins class=\"adsbygoogle\"\r\n     style=\"display:block\"\r\n     data-ad-format=\"fluid\"\r\n     data-ad-layout-key=\"-6t+ed+2i-1n-4w\"\r\n     data-ad-client=\"ca-pub-1959107119989764\"\r\n     data-ad-slot=\"4008251320\"><\/ins>\r\n<script>\r\n     (adsbygoogle = window.adsbygoogle || []).push({});\r\n<\/script><\/div>\nA Wallis Kerepesi 1990 \u00f3ta OPEL, majd 2015-t\u0151l KIA m\u00e1rk\u00e1kat is forgalmaz \u00e9s szervizel. Az elm\u00falt 5-10 \u00e9v adatai alapj\u00e1n a magyar piac egyik legsikeresebb m\u00e1rkakeresked\u0151je: 2019-ben az OPEL-ek tekintet\u00e9ben a 903 darab \u00e9rt\u00e9kes\u00edtett \u00faj aut\u00f3val, 6-7 sz\u00e1zal\u00e9kos piaci r\u00e9szesed\u00e9ssel az els\u0151, a KIA m\u00e1rka eset\u00e9ben a 762 darab \u00e9rt\u00e9kes\u00edtett \u00faj aut\u00f3val, 10-12 sz\u00e1zal\u00e9kos piaci r\u00e9szesed\u00e9ssel a harmadik legnagyobb szerepl\u0151. Az \u00e1tlagosan 65 f\u0151t foglalkoztat\u00f3 Wallis Kerepesi az \u00faj aut\u00f3 \u00e9rt\u00e9kes\u00edt\u00e9s mellett 2019-ben 541 haszn\u00e1lt aut\u00f3t \u00e9rt\u00e9kes\u00edtett, emellett f\u00fcggetlen OPEL, KIA \u00e9s ISUZU m\u00e1rkaszerv\u00edzk\u00e9nt is tev\u00e9kenykedik. A Wallis Kerepesi 2016-2018 k\u00f6z\u00f6tt 6-8 milli\u00e1rd forint k\u00f6z\u00f6tti \u00e1rbev\u00e9telt \u00e9rt el, m\u00edg 2019-ben, az el\u0151zetes adatok alapj\u00e1n 8,7 milli\u00e1rd forintot. A forgalom n\u00f6veked\u00e9se az eredm\u00e9nyess\u00e9g javul\u00e1s\u00e1val j\u00e1rt egy\u00fctt: a t\u00e1rsas\u00e1g ad\u00f3z\u00e1s el\u0151tti eredm\u00e9nye 2019-re 162 sz\u00e1zal\u00e9kkal 156,4 milli\u00f3 forintra, m\u00edg EBITDA-ja 110 sz\u00e1zal\u00e9kkal 184,7 milli\u00f3 forintra emelkedett a 2018-as \u00e9vhez k\u00e9pest (el\u0151zetes adatok, magyar sz\u00e1mviteli t\u00f6rv\u00e9ny szerint). Az akviz\u00edci\u00f3 r\u00e9sze a Wallis Kerepesi-nek helyet ad\u00f3 k\u00f6zel 7000 n\u00e9gyzetm\u00e9teres telek \u00e9s az azon helyet foglal\u00f3 3000 n\u00e9gyzetm\u00e9teres ingatlan is (K85 Kft.), mely Budapest egyik legpatin\u00e1sabb, legjobban ismert, \u201ebej\u00e1ratott\u201d aut\u00f3s \u00e9rt\u00e9kes\u00edt\u00e9si pontja. A szalon mellett az ingatlanon egy 13 \u00e1ll\u00e1sos szerviz tal\u00e1lhat\u00f3 1 vizsgasorral, tov\u00e1bb\u00e1 egy karossz\u00e9ria\u00fczem 6 karossz\u00e9ria- \u00e9s 4 f\u00e9nyez\u0151 \u00e1ll\u00e1ssal, valamint 1 f\u00e9nyez\u0151 kabinnal.<\/p>\n<p>&nbsp;<\/p>\n<p>&nbsp;<\/p>\n<p><strong>Az AutoWallis Nyrt.<\/strong><\/p>\n<p>A Budapesti \u00c9rt\u00e9kt\u0151zsde Pr\u00e9mium kateg\u00f3ri\u00e1j\u00e1ban, valamint a BUX \u00e9s BUMIX indexekben jegyzett AutoWallis Nyrt. c\u00e9lja, hogy 2029-re a k\u00f6z\u00e9p-kelet-eur\u00f3pai r\u00e9gi\u00f3 meghat\u00e1roz\u00f3 mobilit\u00e1si szolg\u00e1ltat\u00f3ja legyen. A v\u00e1llalat 2018-as, nemzetk\u00f6zi p\u00e9nz\u00fcgyi besz\u00e1mol\u00e1si standardok (IFRS) alapj\u00e1n sz\u00e1m\u00edtott konszolid\u00e1lt 65,5 milli\u00e1rdos \u00e1rbev\u00e9tel\u00e9nek dupl\u00e1z\u00e1s\u00e1t tervezi 2024-re, melyet el\u0151sorban organikus \u00faton akar el\u00e9rni. A v\u00e1llalat c\u00e9lja emellett, hogy az aut\u00f3ipari befektet\u00e9sekre f\u00f3kusz\u00e1l\u00f3 befektet\u00e9si portf\u00f3li\u00f3j\u00e1nak folyamatos, akviz\u00edci\u00f3s \u00faton t\u00f6rt\u00e9n\u0151 sz\u00e9les\u00edt\u00e9s\u00e9vel klasszikus, konzervat\u00edv \u00fczletpolitik\u00e1t k\u00e9pvisel\u0151 vagyonkezel\u0151k\u00e9nt m\u0171k\u00f6dj\u00f6n. Az AutoWallis csoport a k\u00f6z\u00e9p-kelet-eur\u00f3pai r\u00e9gi\u00f3 14 orsz\u00e1g\u00e1ban (Alb\u00e1nia, Bosznia-Hercegovina, Csehorsz\u00e1g, Bulg\u00e1ria, Horv\u00e1torsz\u00e1g, Koszov\u00f3, Lengyelorsz\u00e1g, Rom\u00e1nia, Szerbia, Szlov\u00e1kia, Szlov\u00e9nia, Maced\u00f3nia, Magyarorsz\u00e1g, Montenegr\u00f3) g\u00e9pj\u00e1rm\u0171- \u00e9s alkatr\u00e9sz kis- \u00e9s nagykereskedelemmel, szerviz szolg\u00e1ltat\u00e1sokkal, r\u00f6vid- \u00e9s hossz\u00fa t\u00e1v\u00fa g\u00e9pj\u00e1rm\u0171-k\u00f6lcs\u00f6nz\u00e9ssel van jelen. A csoport tagjai k\u00f6z\u00e9 tartozik a Wallis Automotive Europe, a Wallis Motor Pest, a Wallis Motor Duna, valamint a Wallis Aut\u00f3k\u00f6lcs\u00f6nz\u0151. A csoport \u00e1ltal k\u00e9pviselt m\u00e1rk\u00e1k k\u00f6z\u00e9 tartoznak a BMW szem\u00e9lyaut\u00f3k \u00e9s motorker\u00e9kp\u00e1rok, a MINI, az Isuzu, a Jaguar, a Land Rover, a Maserati, a Ssangyong, a Saab alkatr\u00e9szek ut\u00e1np\u00f3tl\u00e1sa \u00e9s a Sixt rent-a-car, melyek k\u00f6z\u00fcl a BMW a pr\u00e9mium aut\u00f3piacon, m\u00edg a Sixt az aut\u00f3k\u00f6lcs\u00f6nz\u0151 piacon foglal el domin\u00e1ns poz\u00edci\u00f3t. <a href=\"http:\/\/www.autowallis.hu\" target=\"_blank\" rel=\"noopener\">www.autowallis.hu<\/a><\/p>\n","protected":false},"excerpt":{"rendered":"<p>Tavaly meghirdetett strat\u00e9gi\u00e1ja r\u00e9szek\u00e9nt jelent\u0151s akviz\u00edci\u00f3r\u00f3l hat\u00e1rozott az AutoWallis Nyrt. Igazgat\u00f3s\u00e1ga, \u00edgy a t\u00e1rsas\u00e1g tulajdon\u00e1ba ker\u00fcl a legnagyobb magyar OPEL \u00e9s a harmadik legnagyobb KIA keresked\u00e9st \u00fczemeltet\u0151 Wallis Kerepesi Kft., valamint az annak helyet ad\u00f3 ingatlant birtokl\u00f3 K85 Kft. A 2019-ben 8,7 milli\u00e1rd forintos forgalmat bonyol\u00edt\u00f3 Wallis Kerepesi akviz\u00edci\u00f3ja t\u00f6bb mint tized\u00e9vel n\u00f6velheti a t\u0151zsde &#8230;<\/p>\n","protected":false},"author":1001006,"featured_media":0,"comment_status":"closed","ping_status":"open","sticky":false,"template":"","format":"standard","meta":[],"categories":[7],"tags":[],"_links":{"self":[{"href":"https:\/\/gazdasagportal.hu\/index.php\/wp-json\/wp\/v2\/posts\/125136"}],"collection":[{"href":"https:\/\/gazdasagportal.hu\/index.php\/wp-json\/wp\/v2\/posts"}],"about":[{"href":"https:\/\/gazdasagportal.hu\/index.php\/wp-json\/wp\/v2\/types\/post"}],"author":[{"embeddable":true,"href":"https:\/\/gazdasagportal.hu\/index.php\/wp-json\/wp\/v2\/users\/1001006"}],"replies":[{"embeddable":true,"href":"https:\/\/gazdasagportal.hu\/index.php\/wp-json\/wp\/v2\/comments?post=125136"}],"version-history":[{"count":1,"href":"https:\/\/gazdasagportal.hu\/index.php\/wp-json\/wp\/v2\/posts\/125136\/revisions"}],"predecessor-version":[{"id":125137,"href":"https:\/\/gazdasagportal.hu\/index.php\/wp-json\/wp\/v2\/posts\/125136\/revisions\/125137"}],"wp:attachment":[{"href":"https:\/\/gazdasagportal.hu\/index.php\/wp-json\/wp\/v2\/media?parent=125136"}],"wp:term":[{"taxonomy":"category","embeddable":true,"href":"https:\/\/gazdasagportal.hu\/index.php\/wp-json\/wp\/v2\/categories?post=125136"},{"taxonomy":"post_tag","embeddable":true,"href":"https:\/\/gazdasagportal.hu\/index.php\/wp-json\/wp\/v2\/tags?post=125136"}],"curies":[{"name":"wp","href":"https:\/\/api.w.org\/{rel}","templated":true}]}}