{"id":125117,"date":"2020-03-26T19:51:50","date_gmt":"2020-03-26T18:51:50","guid":{"rendered":"http:\/\/gazdasagportal.hu\/?p=125117"},"modified":"2020-03-26T19:51:50","modified_gmt":"2020-03-26T18:51:50","slug":"a-total-azonnali-cselekvesi-tervet-jelentett-be-az-olajarak-hirtelen-csokkenese-kapcsan","status":"publish","type":"post","link":"https:\/\/gazdasagportal.hu\/index.php\/a-total-azonnali-cselekvesi-tervet-jelentett-be-az-olajarak-hirtelen-csokkenese-kapcsan\/","title":{"rendered":"A Total azonnali cselekv\u00e9si tervet jelentett be az olaj\u00e1rak hirtelen cs\u00f6kken\u00e9se kapcs\u00e1n"},"content":{"rendered":"<p><strong>Patrick Pouyann\u00e9, a Total eln\u00f6ke \u00e9s vez\u00e9rigazgat\u00f3ja, m\u00e1rcius 19-\u00e9n megsz\u00f3l\u00edtotta a csoport alkalmazottjait, hogy mozg\u00f3s\u00edtj\u00e1k \u0151ket az el\u0151tt\u00fck \u00e1ll\u00f3 kih\u00edv\u00e1sokban. Felh\u00edvta a figyelmet a csoport \u00e1ltal 2015-2016-os olajv\u00e1ls\u00e1g sor\u00e1n demonstr\u00e1lt ellen\u00e1ll\u00f3k\u00e9pess\u00e9gre, valamint a csoport strat\u00e9gi\u00e1j\u00e1nak k\u00e9t pill\u00e9r\u00e9re, amelyek a kevesebb, mint 25 doll\u00e1r\/nap organikus el\u0151osztal\u00e9k kifizet\u00e9se \u00e9s az alacsony elad\u00f3sodotts\u00e1g, annak \u00e9rdek\u00e9ben, hogy szemben\u00e9zzenek a nagym\u00e9rt\u00e9k\u0171 v\u00e1ltoz\u00e9konys\u00e1ggal.<\/strong><!--more--><\/p>\n<div class=\"ads-in-post1\"><div id=\"gazdasagportal.hu_fullbanner_wideboard\"><\/div>\r\n<\/div>\n<p>&nbsp;<\/p>\n<p>A hord\u00f3nk\u00e9nti 30 doll\u00e1ros olaj\u00e1r kapcs\u00e1n bejelentett egy cselekv\u00e9si tervet, amelyet halad\u00e9ktalanul v\u00e9gre kell hajtani a k\u00f6vetkez\u0151 3 szempont szerint:<\/p><div id=\"gazda-2998287854\" class=\"gazda-tartalomban gazda-entity-placement\"><script async src=\"https:\/\/pagead2.googlesyndication.com\/pagead\/js\/adsbygoogle.js\"><\/script>\r\n<ins class=\"adsbygoogle\"\r\n     style=\"display:block\"\r\n     data-ad-format=\"fluid\"\r\n     data-ad-layout-key=\"-6t+ed+2i-1n-4w\"\r\n     data-ad-client=\"ca-pub-1959107119989764\"\r\n     data-ad-slot=\"4008251320\"><\/ins>\r\n<script>\r\n     (adsbygoogle = window.adsbygoogle || []).push({});\r\n<\/script><\/div>\n<ul>\n<li>Az organikus Capex t\u00f6bb mint 3 milli\u00e1rd doll\u00e1ros, azaz 20%-os cs\u00f6kken\u00e9se, a 2020-as \u00e9v nett\u00f3 beruh\u00e1z\u00e1sait 15 milli\u00e1rd doll\u00e1r al\u00e1 m\u00e9rs\u00e9kelte. Ezek a megtakar\u00edt\u00e1sok els\u0151sorban egy r\u00f6vid ciklus\u00fa, rugalmas Capex form\u00e1j\u00e1ban jelentkeznek, amelyekr\u0151l nagyon r\u00f6vid id\u0151szakon bel\u00fcl szerz\u0151d\u00e9sszer\u0171en kell d\u00f6nt\u00e9st hozni.<\/li>\n<li>2020-ban 800 milli\u00f3 doll\u00e1ros megtakar\u00edt\u00e1s a m\u0171k\u00f6d\u00e9si k\u00f6lts\u00e9gekre vonatkoz\u00f3lag 2019-hez k\u00e9peset, a kor\u00e1bban bejelentett 300 milli\u00f3 doll\u00e1r helyett.<\/li>\n<li>A visszav\u00e1s\u00e1rl\u00e1si program felf\u00fcggeszt\u00e9se \u2013 a v\u00e1llalat 2 milli\u00e1rd doll\u00e1ros visszav\u00e1s\u00e1rl\u00e1st jelentett be 2020-ra 60 doll\u00e1r\/nap-os k\u00f6r\u00fclm\u00e9nyek k\u00f6z\u00f6tt; az els\u0151 k\u00e9t h\u00f3napban m\u00e1r 550 milli\u00f3 doll\u00e1r \u00e9rt\u00e9kben v\u00e1s\u00e1rolt vissza.<\/li>\n<\/ul>\n<p>&nbsp;<\/p>\n<div class=\"ads-in-post2\"><script async src=\"https:\/\/pagead2.googlesyndication.com\/pagead\/js\/adsbygoogle.js\"><\/script>\r\n<ins class=\"adsbygoogle\"\r\n     style=\"display:block\"\r\n     data-ad-format=\"fluid\"\r\n     data-ad-layout-key=\"-6t+ed+2i-1n-4w\"\r\n     data-ad-client=\"ca-pub-1959107119989764\"\r\n     data-ad-slot=\"4008251320\"><\/ins>\r\n<script>\r\n     (adsbygoogle = window.adsbygoogle || []).push({});\r\n<\/script><\/div>\nA mell\u00e9kelt link hozz\u00e1f\u00e9r\u00e9st biztos\u00edt a Patric Pouyann\u00e9 c\u00e9gcsoport alkalmazottjaihoz int\u00e9zett \u00fczenet\u00e9hez, valamint a cselekv\u00e9si terv bemutat\u00f3j\u00e1hoz:<\/p>\n<ul>\n<li><a href=\"https:\/\/www.total.com\/en\/media\/video\/message-from-patrick-pouyanne-march-2020\" target=\"_blank\" rel=\"noopener\">\u00dczenet Patric Pouyan\u00e9t\u0151l az alkalmazottakhoz<\/a><\/li>\n<\/ul>\n<p>&nbsp;<\/p>\n<p><strong>A Totalr\u00f3l<\/strong><\/p>\n<p>A Total kiemelked\u0151 szerepl\u0151je az energia piacnak, \u00fczemanyagok, f\u00f6ldg\u00e1z \u00e9s alacsony sz\u00e9n-dioxid kibocs\u00e1t\u00e1s\u00fa villamosenergia termel\u00e9s\u00e9vel \u00e9s forgalmaz\u00e1s\u00e1val foglalkozik. A 100 000 alkalmazottunk elk\u00f6telezett a jobb energia ir\u00e1nt, amely biztons\u00e1gosabb, megfizethet\u0151bb, tiszt\u00e1bb \u00e9s a lehet\u0151 legt\u00f6bb ember sz\u00e1m\u00e1ra el\u00e9rhet\u0151. T\u00f6bb mint 130 orsz\u00e1gban akt\u00edvan, arra t\u00f6reksz\u00fcnk, hogy felel\u0151ss\u00e9gteljes energiam\u00e9rn\u00f6k\u00f6kk\u00e9 v\u00e1ljunk.<\/p>\n<p>&nbsp;<\/p>\n","protected":false},"excerpt":{"rendered":"<p>Patrick Pouyann\u00e9, a Total eln\u00f6ke \u00e9s vez\u00e9rigazgat\u00f3ja, m\u00e1rcius 19-\u00e9n megsz\u00f3l\u00edtotta a csoport alkalmazottjait, hogy mozg\u00f3s\u00edtj\u00e1k \u0151ket az el\u0151tt\u00fck \u00e1ll\u00f3 kih\u00edv\u00e1sokban. Felh\u00edvta a figyelmet a csoport \u00e1ltal 2015-2016-os olajv\u00e1ls\u00e1g sor\u00e1n demonstr\u00e1lt ellen\u00e1ll\u00f3k\u00e9pess\u00e9gre, valamint a csoport strat\u00e9gi\u00e1j\u00e1nak k\u00e9t pill\u00e9r\u00e9re, amelyek a kevesebb, mint 25 doll\u00e1r\/nap organikus el\u0151osztal\u00e9k kifizet\u00e9se \u00e9s az alacsony elad\u00f3sodotts\u00e1g, annak \u00e9rdek\u00e9ben, hogy szemben\u00e9zzenek a &#8230;<\/p>\n","protected":false},"author":1001006,"featured_media":0,"comment_status":"closed","ping_status":"open","sticky":false,"template":"","format":"standard","meta":[],"categories":[19],"tags":[],"_links":{"self":[{"href":"https:\/\/gazdasagportal.hu\/index.php\/wp-json\/wp\/v2\/posts\/125117"}],"collection":[{"href":"https:\/\/gazdasagportal.hu\/index.php\/wp-json\/wp\/v2\/posts"}],"about":[{"href":"https:\/\/gazdasagportal.hu\/index.php\/wp-json\/wp\/v2\/types\/post"}],"author":[{"embeddable":true,"href":"https:\/\/gazdasagportal.hu\/index.php\/wp-json\/wp\/v2\/users\/1001006"}],"replies":[{"embeddable":true,"href":"https:\/\/gazdasagportal.hu\/index.php\/wp-json\/wp\/v2\/comments?post=125117"}],"version-history":[{"count":1,"href":"https:\/\/gazdasagportal.hu\/index.php\/wp-json\/wp\/v2\/posts\/125117\/revisions"}],"predecessor-version":[{"id":125118,"href":"https:\/\/gazdasagportal.hu\/index.php\/wp-json\/wp\/v2\/posts\/125117\/revisions\/125118"}],"wp:attachment":[{"href":"https:\/\/gazdasagportal.hu\/index.php\/wp-json\/wp\/v2\/media?parent=125117"}],"wp:term":[{"taxonomy":"category","embeddable":true,"href":"https:\/\/gazdasagportal.hu\/index.php\/wp-json\/wp\/v2\/categories?post=125117"},{"taxonomy":"post_tag","embeddable":true,"href":"https:\/\/gazdasagportal.hu\/index.php\/wp-json\/wp\/v2\/tags?post=125117"}],"curies":[{"name":"wp","href":"https:\/\/api.w.org\/{rel}","templated":true}]}}