{"id":125113,"date":"2020-03-26T17:07:24","date_gmt":"2020-03-26T16:07:24","guid":{"rendered":"http:\/\/gazdasagportal.hu\/?p=125113"},"modified":"2020-03-26T17:07:24","modified_gmt":"2020-03-26T16:07:24","slug":"mersekelt-utemben-nott-az-amerikai-gazdasag-a-tavalyi-utolso-negyedevben","status":"publish","type":"post","link":"https:\/\/gazdasagportal.hu\/index.php\/mersekelt-utemben-nott-az-amerikai-gazdasag-a-tavalyi-utolso-negyedevben\/","title":{"rendered":"M\u00e9rs\u00e9kelt \u00fctemben n\u0151tt az amerikai gazdas\u00e1g a tavalyi utols\u00f3 negyed\u00e9vben"},"content":{"rendered":"<p><strong>M\u00e9rs\u00e9kelt \u00fctemben b\u0151v\u00fclt az amerikai gazdas\u00e1g a tavalyi negyedik negyed\u00e9vben: a kereskedelmi miniszt\u00e9rium statisztikai int\u00e9zete \u00e1ltal cs\u00fct\u00f6rt\u00f6k\u00f6n k\u00f6zz\u00e9tett harmadik, v\u00e9gleges becsl\u00e9s szerint a brutt\u00f3 hazai term\u00e9k (GDP) \u00e9ves\u00edtve 2,1 sz\u00e1zal\u00e9kkal b\u0151v\u00fclt okt\u00f3ber-decemberben.<\/strong><!--more--><\/p>\n<div class=\"ads-in-post1\"><div id=\"gazdasagportal.hu_fullbanner_wideboard\"><\/div>\r\n<\/div>\n<p>    Az adat nem v\u00e1ltozott az els\u0151, illetve a m\u00e1sodik becsl\u00e9shez k\u00e9pest, \u00f6sszhangban az elemz\u0151i v\u00e1rakoz\u00e1sokkal.<br \/>\n    A harmadik negyed\u00e9vben ugyancsak 2,1 sz\u00e1zal\u00e9kos, a m\u00e1sodik negyed\u00e9vben 2,0 sz\u00e1zal\u00e9kos, az els\u0151 negyed\u00e9vben pedig 3,1 sz\u00e1zal\u00e9kos volt a n\u00f6veked\u00e9s \u00e9ves\u00edtett \u00fcteme.<br \/>\n    Tavaly okt\u00f3ber-decemberben a re\u00e1l GDP n\u00f6veked\u00e9s\u00e9t a h\u00e1ztart\u00e1sok \u00e9s a sz\u00f6vets\u00e9gi korm\u00e1ny kiad\u00e1sai, az export, a lak\u00e1s\u00e9p\u00edt\u00e9si beruh\u00e1z\u00e1sok, valamint az \u00e1llami \u00e9s a helyi korm\u00e1nyzati kiad\u00e1sok h\u00fazt\u00e1k, aminek kedvez\u0151 hat\u00e1s\u00e1t r\u00e9szben kioltotta a mag\u00e1nszektor k\u00e9szletbefektet\u00e9seinek \u00e9s a v\u00e1llalatok \u00e1ll\u00f3eszk\u00f6z-befektet\u00e9seinek cs\u00f6kken\u00e9se.<br \/>\n    A GDP foly\u00f3 \u00e1ron sz\u00e1molt \u00e9rt\u00e9ke a negyedik negyed\u00e9vben 3,5 sz\u00e1zal\u00e9kkal, 186,6 milli\u00e1rd doll\u00e1rral, m\u00edg a harmadik negyed\u00e9vben 3,8 sz\u00e1zal\u00e9kkal, 202,2 milli\u00e1rd doll\u00e1rral b\u0151v\u00fclt.<br \/>\n<div class=\"ads-in-post2\"><script async src=\"https:\/\/pagead2.googlesyndication.com\/pagead\/js\/adsbygoogle.js\"><\/script>\r\n<ins class=\"adsbygoogle\"\r\n     style=\"display:block\"\r\n     data-ad-format=\"fluid\"\r\n     data-ad-layout-key=\"-6t+ed+2i-1n-4w\"\r\n     data-ad-client=\"ca-pub-1959107119989764\"\r\n     data-ad-slot=\"4008251320\"><\/ins>\r\n<script>\r\n     (adsbygoogle = window.adsbygoogle || []).push({});\r\n<\/script><\/div>\n    A tavalyi eg\u00e9sz \u00e9vet tekintve az amerikai gazdas\u00e1g 2,3 sz\u00e1zal\u00e9kkal n\u00f6vekedett. Az el\u0151z\u0151 \u00e9vben, 2018-ban 2,9 sz\u00e1zal\u00e9kkal, 2017-ben pedig 2,4 sz\u00e1zal\u00e9kkal b\u0151v\u00fclt az amerikai GDP.<br \/>\n    A szem\u00e9lyes fogyaszt\u00e1sok, amelyek a GDP 70 sz\u00e1zal\u00e9k\u00e1t teszik ki, \u00e9ves\u00edtve 1,8 sz\u00e1zal\u00e9kkal n\u0151ttek a negyedik negyed\u00e9vben, m\u00edg a harmadikban 3,2 sz\u00e1zal\u00e9kkal, a m\u00e1sodikban 4,6 sz\u00e1zal\u00e9kkal, az els\u0151ben pedig 1,1 sz\u00e1zal\u00e9kkal. A v\u00e9gleges becsl\u00e9s 0,1 sz\u00e1zal\u00e9kponttal magasabb a m\u00e1sodikn\u00e1l.<br \/>\n    Az export 2,1 sz\u00e1zal\u00e9kkal n\u0151tt, az import viszont 8,4 sz\u00e1zal\u00e9kkal cs\u00f6kkent a negyedik negyed\u00e9vben.<br \/>\n    A szem\u00e9lyes fogyaszt\u00e1sok \u00e1rindexe 1,4 sz\u00e1zal\u00e9k volt a negyedik negyed\u00e9vben, az \u00e9lelmiszer- \u00e9s energia\u00e1rakt\u00f3l megtiszt\u00edtott index pedig 1,3 sz\u00e1zal\u00e9kra r\u00fagott okt\u00f3ber-decemberben.(MTI)<\/p>\n","protected":false},"excerpt":{"rendered":"<p>M\u00e9rs\u00e9kelt \u00fctemben b\u0151v\u00fclt az amerikai gazdas\u00e1g a tavalyi negyedik negyed\u00e9vben: a kereskedelmi miniszt\u00e9rium statisztikai int\u00e9zete \u00e1ltal cs\u00fct\u00f6rt\u00f6k\u00f6n k\u00f6zz\u00e9tett harmadik, v\u00e9gleges becsl\u00e9s szerint a brutt\u00f3 hazai term\u00e9k (GDP) \u00e9ves\u00edtve 2,1 sz\u00e1zal\u00e9kkal b\u0151v\u00fclt okt\u00f3ber-decemberben.<\/p>\n","protected":false},"author":1001006,"featured_media":0,"comment_status":"closed","ping_status":"open","sticky":false,"template":"","format":"standard","meta":[],"categories":[13,246],"tags":[],"_links":{"self":[{"href":"https:\/\/gazdasagportal.hu\/index.php\/wp-json\/wp\/v2\/posts\/125113"}],"collection":[{"href":"https:\/\/gazdasagportal.hu\/index.php\/wp-json\/wp\/v2\/posts"}],"about":[{"href":"https:\/\/gazdasagportal.hu\/index.php\/wp-json\/wp\/v2\/types\/post"}],"author":[{"embeddable":true,"href":"https:\/\/gazdasagportal.hu\/index.php\/wp-json\/wp\/v2\/users\/1001006"}],"replies":[{"embeddable":true,"href":"https:\/\/gazdasagportal.hu\/index.php\/wp-json\/wp\/v2\/comments?post=125113"}],"version-history":[{"count":1,"href":"https:\/\/gazdasagportal.hu\/index.php\/wp-json\/wp\/v2\/posts\/125113\/revisions"}],"predecessor-version":[{"id":125114,"href":"https:\/\/gazdasagportal.hu\/index.php\/wp-json\/wp\/v2\/posts\/125113\/revisions\/125114"}],"wp:attachment":[{"href":"https:\/\/gazdasagportal.hu\/index.php\/wp-json\/wp\/v2\/media?parent=125113"}],"wp:term":[{"taxonomy":"category","embeddable":true,"href":"https:\/\/gazdasagportal.hu\/index.php\/wp-json\/wp\/v2\/categories?post=125113"},{"taxonomy":"post_tag","embeddable":true,"href":"https:\/\/gazdasagportal.hu\/index.php\/wp-json\/wp\/v2\/tags?post=125113"}],"curies":[{"name":"wp","href":"https:\/\/api.w.org\/{rel}","templated":true}]}}