{"id":125105,"date":"2020-03-26T14:24:54","date_gmt":"2020-03-26T13:24:54","guid":{"rendered":"http:\/\/gazdasagportal.hu\/?p=125105"},"modified":"2020-03-26T14:24:54","modified_gmt":"2020-03-26T13:24:54","slug":"hitelbiztosito-a-jarvany-miatt-dramaian-visszaesik-a-vilaggazdasag","status":"publish","type":"post","link":"https:\/\/gazdasagportal.hu\/index.php\/hitelbiztosito-a-jarvany-miatt-dramaian-visszaesik-a-vilaggazdasag\/","title":{"rendered":"Hitelbiztos\u00edt\u00f3: a j\u00e1rv\u00e1ny miatt dr\u00e1maian visszaesik a vil\u00e1ggazdas\u00e1g"},"content":{"rendered":"<p><i><b>Ak\u00e1r m\u00ednusz f\u00e9l-egy sz\u00e1zal\u00e9kra is eshet a glob\u00e1lis GDP az id\u00e9n, a koronav\u00edrus-j\u00e1rv\u00e1ny k\u00f6vetkezt\u00e9ben, ez az Atradius hitelbiztos\u00edt\u00f3 elemz\u00e9s\u00e9ben. A tanulm\u00e1ny szerint a j\u00e1rv\u00e1ny els\u0151sorban a k\u00ednai \u00e9s a fejl\u0151d\u0151 \u00e1zsiai gazdas\u00e1gokat s\u00fajtja, de a sokk minden kontinenst s\u00falyosan \u00e9rint majd. Az elemz\u0151k \u00fagy l\u00e1tj\u00e1k, hogy a magyar gazdas\u00e1g egyes szektorai gyakorlatilag le\u00e1llnak.\u00a0\u00a0\u00a0<\/b><\/i><!--more--><\/p>\n<div class=\"ads-in-post1\"><div id=\"gazdasagportal.hu_fullbanner_wideboard\"><\/div>\r\n<\/div>\n<p><b><u><\/u><i>\u00a0<\/i><u><\/u><\/b><\/p>\n<p><i>Az Atradius hitelbiztos\u00edt\u00f3 elemz\u00e9se szerint a lehet\u0151 legrosszabbkor \u00e9rkezett a koronav\u00edrus-j\u00e1rv\u00e1ny, mivel az idei \u00e9v a vil\u00e1ggazdas\u00e1gban eleve a leggyeng\u00e9bbnek \u00edg\u00e9rkezett a p\u00e9nz\u00fcgyi v\u00e1ls\u00e1g \u00f3ta. A j\u00e1rv\u00e1ny el\u0151tt a glob\u00e1lis gazdas\u00e1gi b\u0151v\u00fcl\u00e9st 2,5 sz\u00e1zal\u00e9kra becs\u00fclt\u00e9k, ami a legalacsonyabb GDP-n\u00f6veked\u00e9s lett volna 2008 \u00f3ta, \u00e9s ez az, ami helyett most recesszi\u00f3ra lehet sz\u00e1m\u00edtani.<\/i><\/p>\n<p><u><\/u><i>\u00a0<\/i><u><\/u><\/p>\n<p><i>Vanek Bal\u00e1zs, az Atradius orsz\u00e1gigazgat\u00f3ja szerint a legpesszimist\u00e1bb forgat\u00f3k\u00f6nyvek abb\u00f3l indulnak ki, hogy nem siker\u00fcl megf\u00e9kezni\u00fck a j\u00e1rv\u00e1nyt a ny\u00e1r elej\u00e9ig. &#8211; \u201eB\u00e1r biztat\u00f3ak a k\u00ednai adatok a betegs\u00e9g terjed\u00e9s\u00e9vel kapcsolatban, m\u00e9g K\u00edna is messze van att\u00f3l, hogy kijelenthesse: minden vissza\u00e1llt a r\u00e9gi ker\u00e9kv\u00e1g\u00e1sba. K\u00edna a vil\u00e1g els\u0151 sz\u00e1m\u00fa gy\u00e1rt\u00f3helye, \u00e9s ha cs\u00f6kkennek a k\u00ednai ig\u00e9nyek a termel\u00e9shez, azt az eg\u00e9sz vil\u00e1g meg\u00e9rzi. P\u00e9ld\u00e1ul tavaly K\u00edna haszn\u00e1lta fel a vil\u00e1g r\u00e9z-kitermel\u00e9s\u00e9nek 55 sz\u00e1zal\u00e9k\u00e1t, vagy a vas\u00e9rc 70 sz\u00e1zal\u00e9k\u00e1t, de a j\u00e1rv\u00e1ny miatt jelent\u0151sen visszaesett az import. Ez\u00e9rt a nyersanyag\u00e1rak m\u00e1ris estek, a r\u00e9z\u00e9 18 sz\u00e1zal\u00e9kkal, a vas\u00e9rc\u00e9 10 sz\u00e1zal\u00e9kkal janu\u00e1r \u00f3ta\u201d \u2013 mondta az orsz\u00e1gigazgat\u00f3, aki szerint a negat\u00edv hat\u00e1sok a k\u00ednai sz\u00e1ll\u00edt\u00f3k oldal\u00e1r\u00f3l is jelentkeznek. A gy\u00e1rbez\u00e1r\u00e1sok nyom\u00e1n cs\u00f6kkent a termel\u00e9s, \u00edgy K\u00edna kevesebb k\u00e9szterm\u00e9ket \u00e9s f\u00e9lk\u00e9sz-term\u00e9ket sz\u00e1ll\u00edt a partnereinek, ahol emiatt hi\u00e1ny keletkezik.\u00a0\u00a0<\/i><br \/>\n<div class=\"ads-in-post2\"><script async src=\"https:\/\/pagead2.googlesyndication.com\/pagead\/js\/adsbygoogle.js\"><\/script>\r\n<ins class=\"adsbygoogle\"\r\n     style=\"display:block\"\r\n     data-ad-format=\"fluid\"\r\n     data-ad-layout-key=\"-6t+ed+2i-1n-4w\"\r\n     data-ad-client=\"ca-pub-1959107119989764\"\r\n     data-ad-slot=\"4008251320\"><\/ins>\r\n<script>\r\n     (adsbygoogle = window.adsbygoogle || []).push({});\r\n<\/script><\/div>\n<p><u><\/u><i>\u00a0<\/i><u><\/u><\/p>\n<p><i>A hitelbiztos\u00edt\u00f3 elemz\u0151i azt v\u00e1rj\u00e1k, hogy a koronav\u00edrus-j\u00e1rv\u00e1ny miatt az id\u00e9n dr\u00e1maian megn\u0151 a cs\u0151d\u00f6k sz\u00e1ma a vil\u00e1ggazdas\u00e1gban. A j\u00e1rv\u00e1ny el\u0151tt 2,3 sz\u00e1zal\u00e9kra becs\u00fclt\u00e9k a glob\u00e1lis cs\u0151d\u00f6l\u00e9si r\u00e1t\u00e1t 2020-ra, de ezt m\u00e1r 3,2 sz\u00e1zal\u00e9kra kellett m\u00f3dos\u00edtani. A legt\u00f6bb cs\u0151dre K\u00edn\u00e1ban (4,5 sz\u00e1zal\u00e9k) \u00e9s \u00c1zsi\u00e1ban (3,3 sz\u00e1zal\u00e9k) kell sz\u00e1m\u00edtani, Az eur\u00f3z\u00f3n\u00e1ban v\u00e1rhat\u00f3an 2 sz\u00e1zal\u00e9k lesz a bed\u0151l\u00e9sek ar\u00e1nya, az Egyes\u00fclt \u00c1llamokban pedig 1,8 sz\u00e1zal\u00e9k. A sokk f\u0151leg az aut\u00f3ipart, az elektronikai ipart \u00e9rinti, de a turizmus, a rep\u00fcl\u00e9s \u00e9s a bankszektor is megs\u00ednyli a j\u00e1rv\u00e1nyt.\u00a0<\/i><\/p>\n<p><i>Az Atradius elemz\u0151i szerint a magyar GDP is cs\u00f6kken majd. \u2013 \u201eSajnos nem az a k\u00e9rd\u00e9s, lesz-e recesszi\u00f3, hanem az, hogy mennyivel esik vissza a hazai gazdas\u00e1g. Az emberek v\u00e1s\u00e1rl\u00e1si szok\u00e1sai r\u00f6vid alatt gy\u00f6keresen megv\u00e1ltoztak \u00e9s elhalasztj\u00e1k a nagyobb v\u00e1s\u00e1rl\u00e1saikat. K\u00edn\u00e1ban pl. febru\u00e1rban 80 sz\u00e1zal\u00e9kkal kevesebb aut\u00f3t adtak el, mint janu\u00e1rban. Egyes \u00e1gazatok nem jutnak alapanyaghoz vagy alkatr\u00e9szhez. A v\u00e1llalatok a kisebb bev\u00e9telek miatt egyre nehezebben fizetik ki a dolgoz\u00f3ikat, a besz\u00e1ll\u00edt\u00f3ikat \u00e9s a bankokat. A korm\u00e1ny 5+6-os koronav\u00edrus-csomagja fontos, hiszen sz\u00fcks\u00e9g van a v\u00e9d\u0151h\u00e1l\u00f3ra, de m\u00e9g v\u00e1rjuk a sz\u00e9lesebb k\u00f6r\u0171 gazdas\u00e1g\u00f6szt\u00f6nz\u0151 int\u00e9zked\u00e9seket\u201d \u2013 h\u00fazta al\u00e1 Vanek Bal\u00e1zs.<\/i><\/p>\n<p><i>Az orsz\u00e1gigazgat\u00f3 hozz\u00e1tette, hogy azok a magyar v\u00e1llalatok biztons\u00e1gban vannak, amelyeknek van hitelbiztos\u00edt\u00e1suk, mert ebben az esetben a legt\u00f6bb kibocs\u00e1tott sz\u00e1mla m\u00f6g\u00f6tt ott \u00e1ll a biztos\u00edt\u00f3. \u2013\u201eEz egy nagyon neh\u00e9z helyzet, ami nagy terhet r\u00f3 a v\u00e1llalkoz\u00e1sokra. Ilyenkor a k\u00f6vetel\u00e9sek kezel\u00e9se \u00f6nmag\u00e1ban sem k\u00f6nny\u0171. Nagy k\u00e9rd\u00e9s, hogy a korm\u00e1ny milyen tov\u00e1bbi megold\u00e1sokat tal\u00e1l a megingott p\u00e9nz\u00fcgyi helyzet\u0171 v\u00e1llalatok t\u00fal\u00e9l\u00e9s\u00e9nek megseg\u00edt\u00e9s\u00e9re\u201d \u2013 mondta Vanek Bal\u00e1zs<\/i><\/p>\n","protected":false},"excerpt":{"rendered":"<p>Ak\u00e1r m\u00ednusz f\u00e9l-egy sz\u00e1zal\u00e9kra is eshet a glob\u00e1lis GDP az id\u00e9n, a koronav\u00edrus-j\u00e1rv\u00e1ny k\u00f6vetkezt\u00e9ben, ez az Atradius hitelbiztos\u00edt\u00f3 elemz\u00e9s\u00e9ben. A tanulm\u00e1ny szerint a j\u00e1rv\u00e1ny els\u0151sorban a k\u00ednai \u00e9s a fejl\u0151d\u0151 \u00e1zsiai gazdas\u00e1gokat s\u00fajtja, de a sokk minden kontinenst s\u00falyosan \u00e9rint majd. Az elemz\u0151k \u00fagy l\u00e1tj\u00e1k, hogy a magyar gazdas\u00e1g egyes szektorai gyakorlatilag le\u00e1llnak.\u00a0\u00a0\u00a0<\/p>\n","protected":false},"author":1001006,"featured_media":0,"comment_status":"closed","ping_status":"open","sticky":false,"template":"","format":"standard","meta":[],"categories":[19],"tags":[],"_links":{"self":[{"href":"https:\/\/gazdasagportal.hu\/index.php\/wp-json\/wp\/v2\/posts\/125105"}],"collection":[{"href":"https:\/\/gazdasagportal.hu\/index.php\/wp-json\/wp\/v2\/posts"}],"about":[{"href":"https:\/\/gazdasagportal.hu\/index.php\/wp-json\/wp\/v2\/types\/post"}],"author":[{"embeddable":true,"href":"https:\/\/gazdasagportal.hu\/index.php\/wp-json\/wp\/v2\/users\/1001006"}],"replies":[{"embeddable":true,"href":"https:\/\/gazdasagportal.hu\/index.php\/wp-json\/wp\/v2\/comments?post=125105"}],"version-history":[{"count":1,"href":"https:\/\/gazdasagportal.hu\/index.php\/wp-json\/wp\/v2\/posts\/125105\/revisions"}],"predecessor-version":[{"id":125106,"href":"https:\/\/gazdasagportal.hu\/index.php\/wp-json\/wp\/v2\/posts\/125105\/revisions\/125106"}],"wp:attachment":[{"href":"https:\/\/gazdasagportal.hu\/index.php\/wp-json\/wp\/v2\/media?parent=125105"}],"wp:term":[{"taxonomy":"category","embeddable":true,"href":"https:\/\/gazdasagportal.hu\/index.php\/wp-json\/wp\/v2\/categories?post=125105"},{"taxonomy":"post_tag","embeddable":true,"href":"https:\/\/gazdasagportal.hu\/index.php\/wp-json\/wp\/v2\/tags?post=125105"}],"curies":[{"name":"wp","href":"https:\/\/api.w.org\/{rel}","templated":true}]}}