{"id":125103,"date":"2020-03-26T11:16:28","date_gmt":"2020-03-26T10:16:28","guid":{"rendered":"http:\/\/gazdasagportal.hu\/?p=125103"},"modified":"2020-03-26T11:16:28","modified_gmt":"2020-03-26T10:16:28","slug":"mkb-csoport-374-milliard-forint-adozas-utani-eredmeny-2019-ben","status":"publish","type":"post","link":"https:\/\/gazdasagportal.hu\/index.php\/mkb-csoport-374-milliard-forint-adozas-utani-eredmeny-2019-ben\/","title":{"rendered":"MKB csoport: 37,4 milli\u00e1rd forint ad\u00f3z\u00e1s ut\u00e1ni eredm\u00e9ny 2019-ben"},"content":{"rendered":"<p><strong>Az MKB csoport tavaly kiemelked\u0151, 37,4 milli\u00e1rd forint korrig\u00e1lt ad\u00f3z\u00e1s ut\u00e1ni eredm\u00e9nyt \u00e9rt el, ami az el\u0151z\u0151 \u00e9vhez viszony\u00edtva 5,6 sz\u00e1zal\u00e9kos emelked\u00e9st jelent &#8211; k\u00f6z\u00f6lte a p\u00e9nzint\u00e9zeti csoport cs\u00fct\u00f6rt\u00f6k\u00f6n az MTI-vel.<\/strong><!--more--><\/p>\n<div class=\"ads-in-post1\"><div id=\"gazdasagportal.hu_fullbanner_wideboard\"><\/div>\r\n<\/div>\n<p>    A tavalyi utols\u00f3 negyed\u00e9v eredm\u00e9nye 3,7 milli\u00e1rd volt, ez az el\u0151z\u0151 negyed\u00e9v kiemelked\u0151 \u00e9rt\u00e9k\u00e9hez k\u00e9pest 82,8 sz\u00e1zal\u00e9kos cs\u00f6kken\u00e9st jelent a bev\u00e9telek cs\u00f6kken\u00e9se \u00e9s az \u00e1tmenetileg megn\u00f6vekedett k\u00f6lts\u00e9gek miatt.<br \/>\n    Az ad\u00f3zott eredm\u00e9nyre a kiemelked\u0151 brutt\u00f3 bev\u00e9telen k\u00edv\u00fcl pozit\u00edvan hatott a t\u00e1rsas\u00e1gi ad\u00f3 \u00f6sszege is: a minimumad\u00f3 \u00e9s a halasztott ad\u00f3 elsz\u00e1mol\u00e1sa k\u00f6zel 0,8 milli\u00e1rd forint ad\u00f3hat\u00e1st eredm\u00e9nyezett.<br \/>\n    A nemzetk\u00f6zi p\u00e9nz\u00fcgyi szabv\u00e1nyok (IFRS) szerinti konszolid\u00e1lt m\u00e9rlegf\u0151\u00f6sszeg \u00e9v v\u00e9g\u00e9n 1759,8 milli\u00e1rd forintot tett ki, ami 5,3 sz\u00e1zal\u00e9kos cs\u00f6kken\u00e9st jelent az egy \u00e9vvel kor\u00e1bbihoz k\u00e9pest.<br \/>\n    Az \u00fcgyf\u00e9lbet\u00e9t \u00e1llom\u00e1ny 1226,5 milli\u00e1rd forint, az \u00fcgyf\u00e9lhitel-\u00e1llom\u00e1ny 976,7 milli\u00e1rd forint volt, el\u0151bbi 10,6 sz\u00e1zal\u00e9kkal cs\u00f6kkent, ut\u00f3bbi 1,2 sz\u00e1zal\u00e9kkal n\u0151tt.<br \/>\n<div class=\"ads-in-post2\"><script async src=\"https:\/\/pagead2.googlesyndication.com\/pagead\/js\/adsbygoogle.js\"><\/script>\r\n<ins class=\"adsbygoogle\"\r\n     style=\"display:block\"\r\n     data-ad-format=\"fluid\"\r\n     data-ad-layout-key=\"-6t+ed+2i-1n-4w\"\r\n     data-ad-client=\"ca-pub-1959107119989764\"\r\n     data-ad-slot=\"4008251320\"><\/ins>\r\n<script>\r\n     (adsbygoogle = window.adsbygoogle || []).push({});\r\n<\/script><\/div>\n    Fenyvesi Csaba G\u00e1bor, az MKB Bank p\u00e9nz\u00fcgyi \u00e9s oper\u00e1ci\u00f3s vez\u00e9rigazgat\u00f3-helyettese a banki besz\u00e1mol\u00f3t k\u00f6vet\u0151 konferencia-besz\u00e9lget\u00e9sen &#8222;kit\u0171n\u0151nek&#8221; nevezte az el\u00e9rt eredm\u00e9nyeket, mert mint mondta a bank \u00fczleti marzsa stabil, k\u00f6lts\u00e9ghat\u00e9konys\u00e1ga pedig tov\u00e1bb javult. Hozz\u00e1tette: a stabil \u00fcgyf\u00e9lk\u00f6r kulcsszerepet j\u00e1tszott az \u00fczleti bev\u00e9tel \u00e9s a likvidit\u00e1s magas szintj\u00e9nek fenntart\u00e1s\u00e1ban. Javult a nett\u00f3 jutal\u00e9keredm\u00e9ny: a teljes \u00e9ves jutal\u00e9keredm\u00e9ny 27,3 milli\u00e1rd forint volt, 5,4 sz\u00e1zal\u00e9kkal n\u0151tt. Az \u00e9ves kamatbev\u00e9telek 3,8 sz\u00e1zal\u00e9kos n\u00f6veked\u00e9ssel 59,1 milli\u00e1rd forintot tettek ki.<br \/>\n    Besz\u00e1molt arr\u00f3l is, hogy sz\u00e1mos informatikai fejleszt\u00e9st hajtottak v\u00e9gre, a fejleszt\u00e9si kapacit\u00e1sok t\u00f6bbs\u00e9g\u00e9t a t\u00f6rv\u00e9nyi megfelel\u00e9si projektek k\u00f6t\u00f6tt\u00e9k le. Az azonnali fizet\u00e9s bevezet\u00e9se sikerrel indult.<br \/>\n(MTI)<\/p>\n","protected":false},"excerpt":{"rendered":"<p>Az MKB csoport tavaly kiemelked\u0151, 37,4 milli\u00e1rd forint korrig\u00e1lt ad\u00f3z\u00e1s ut\u00e1ni eredm\u00e9nyt \u00e9rt el, ami az el\u0151z\u0151 \u00e9vhez viszony\u00edtva 5,6 sz\u00e1zal\u00e9kos emelked\u00e9st jelent &#8211; k\u00f6z\u00f6lte a p\u00e9nzint\u00e9zeti csoport cs\u00fct\u00f6rt\u00f6k\u00f6n az MTI-vel.<\/p>\n","protected":false},"author":1001006,"featured_media":0,"comment_status":"closed","ping_status":"open","sticky":false,"template":"","format":"standard","meta":[],"categories":[19],"tags":[],"_links":{"self":[{"href":"https:\/\/gazdasagportal.hu\/index.php\/wp-json\/wp\/v2\/posts\/125103"}],"collection":[{"href":"https:\/\/gazdasagportal.hu\/index.php\/wp-json\/wp\/v2\/posts"}],"about":[{"href":"https:\/\/gazdasagportal.hu\/index.php\/wp-json\/wp\/v2\/types\/post"}],"author":[{"embeddable":true,"href":"https:\/\/gazdasagportal.hu\/index.php\/wp-json\/wp\/v2\/users\/1001006"}],"replies":[{"embeddable":true,"href":"https:\/\/gazdasagportal.hu\/index.php\/wp-json\/wp\/v2\/comments?post=125103"}],"version-history":[{"count":1,"href":"https:\/\/gazdasagportal.hu\/index.php\/wp-json\/wp\/v2\/posts\/125103\/revisions"}],"predecessor-version":[{"id":125104,"href":"https:\/\/gazdasagportal.hu\/index.php\/wp-json\/wp\/v2\/posts\/125103\/revisions\/125104"}],"wp:attachment":[{"href":"https:\/\/gazdasagportal.hu\/index.php\/wp-json\/wp\/v2\/media?parent=125103"}],"wp:term":[{"taxonomy":"category","embeddable":true,"href":"https:\/\/gazdasagportal.hu\/index.php\/wp-json\/wp\/v2\/categories?post=125103"},{"taxonomy":"post_tag","embeddable":true,"href":"https:\/\/gazdasagportal.hu\/index.php\/wp-json\/wp\/v2\/tags?post=125103"}],"curies":[{"name":"wp","href":"https:\/\/api.w.org\/{rel}","templated":true}]}}