{"id":125101,"date":"2020-03-26T10:43:03","date_gmt":"2020-03-26T09:43:03","guid":{"rendered":"http:\/\/gazdasagportal.hu\/?p=125101"},"modified":"2020-03-26T10:43:03","modified_gmt":"2020-03-26T09:43:03","slug":"koronavirus-bkk-a-csokkeno-utasszamhoz-igazodo-menetrend-lep-eletbe-aprilis-1-jetol","status":"publish","type":"post","link":"https:\/\/gazdasagportal.hu\/index.php\/koronavirus-bkk-a-csokkeno-utasszamhoz-igazodo-menetrend-lep-eletbe-aprilis-1-jetol\/","title":{"rendered":"Koronav\u00edrus &#8211; BKK: a cs\u00f6kken\u0151 utassz\u00e1mhoz igazod\u00f3 menetrend l\u00e9p \u00e9letbe \u00e1prilis 1-j\u00e9t\u0151l"},"content":{"rendered":"<p><strong>\u00c1prilis elsej\u00e9t\u0151l szombati menetrenden alapul\u00f3, de sz\u00e1mos frekvent\u00e1lt vonalon ann\u00e1l s\u0171r\u0171bb k\u00f6zleked\u00e9st biztos\u00edt\u00f3 menetrendet vezetnek be munkanapokra a f\u0151v\u00e1rosi k\u00f6z\u00f6ss\u00e9gi k\u00f6zleked\u00e9sben a koronav\u00edrus-j\u00e1rv\u00e1ny miatt lecs\u00f6kkent utassz\u00e1mhoz igazodva &#8211; k\u00f6z\u00f6lte a Budapesti K\u00f6zleked\u00e9si K\u00f6zpont (BKK) cs\u00fct\u00f6rt\u00f6k\u00f6n az MTI-vel.<\/strong><!--more--><\/p>\n<div class=\"ads-in-post1\"><div id=\"gazdasagportal.hu_fullbanner_wideboard\"><\/div>\r\n<\/div>\n<p>    A BKK k\u00f6zlem\u00e9nye szerint a 80-90 sz\u00e1zal\u00e9kkal visszaesett utassz\u00e1m nem indokolja a tansz\u00fcneti k\u00f6zleked\u00e9si rend tov\u00e1bbi fenntart\u00e1s\u00e1t, ugyanakkor cs\u00facsid\u0151ben a metr\u00f3-, valamint a nagyobb forgalmat bonyol\u00edt\u00f3 villamos- \u00e9s buszvonalakon tov\u00e1bbra is a forgalomhoz m\u00e9rten s\u0171r\u0171 j\u00e1ratindul\u00e1sra lehet sz\u00e1m\u00edtani.<br \/>\n    Az iskol\u00e1k bez\u00e1r\u00e1sa, a f\u0151v\u00e1rosi c\u00e9gek jelent\u0151s r\u00e9sz\u00e9n\u00e9l elrendelt otthoni munkav\u00e9gz\u00e9s miatt egy-egy t\u00f6megk\u00f6zleked\u00e9si j\u00e1rm\u0171v\u00f6n \u00e1ltal\u00e1ban 4-6 ember, vagy m\u00e9g kevesebb utazik &#8211; \u00edrt\u00e1k.<br \/>\n    A BKK k\u00f6z\u00f6lte: az \u00faj menetrend bevezet\u00e9s\u00e9vel tov\u00e1bbra is biztos\u00edtja, hogy a j\u00e1rm\u0171veken ne legyen 30 sz\u00e1zal\u00e9k feletti kihaszn\u00e1lts\u00e1g. Ezt a maxim\u00e1lis \u00e9rt\u00e9ket alkalmazz\u00e1k a nemzetk\u00f6zi gyakorlatban is a j\u00e1rv\u00e1ny terjed\u00e9s\u00e9nek megakad\u00e1lyoz\u00e1s\u00e1ra.<br \/>\n    Az \u00e1prilis 1-t\u0151l, j\u00f6v\u0151 szerd\u00e1t\u00f3l \u00e9letbe l\u00e9p\u0151 menetrend alkalmaz\u00e1s\u00e1val cs\u00facsid\u0151ben a 2-es, a 3-as \u00e9s a 4-es metr\u00f3, az 1-es villamos, a kisk\u00f6r\u00fati villamosok 5 percenk\u00e9nt, a metr\u00f3p\u00f3tl\u00f3 busz 1-2 percenk\u00e9nt, a nagyk\u00f6r\u00fati villamosok 3-4 percenk\u00e9nt, a Th\u00f6k\u00f6ly \u00fati buszj\u00e1ratok 2-3 percenk\u00e9nt j\u00e1rnak majd.<br \/>\n    A k\u00f6z\u00f6ss\u00e9gi k\u00f6zleked\u00e9si j\u00e1ratok a szombati menetrendj\u00fck szerint indulnak, amely a cs\u00facsidei j\u00e1rats\u0171r\u0171s\u00e9get a tansz\u00fcneti menetrendhez k\u00e9pest tov\u00e1bbi 25-30 sz\u00e1zal\u00e9kkal m\u00e9rs\u00e9keli.<br \/>\n<div class=\"ads-in-post2\"><script async src=\"https:\/\/pagead2.googlesyndication.com\/pagead\/js\/adsbygoogle.js\"><\/script>\r\n<ins class=\"adsbygoogle\"\r\n     style=\"display:block\"\r\n     data-ad-format=\"fluid\"\r\n     data-ad-layout-key=\"-6t+ed+2i-1n-4w\"\r\n     data-ad-client=\"ca-pub-1959107119989764\"\r\n     data-ad-slot=\"4008251320\"><\/ins>\r\n<script>\r\n     (adsbygoogle = window.adsbygoogle || []).push({});\r\n<\/script><\/div>\n    A szombati menetrendn\u00e9l s\u0171r\u0171bb j\u00e1ratk\u00f6vet\u00e9st biztos\u00edtanak cs\u00facsid\u0151ben t\u00f6bb frekvent\u00e1lt vonalon: gyakrabban indul majd az 1-es villamos, az \u00fajpalotai gyorsj\u00e1ratok vonal\u00e1n a 7E, a r\u00e1koskereszt\u00fari nyomvonalon a 97E busz, a k\u0151b\u00e1nyai lak\u00f3telepre tart\u00f3 85-\u00f6s j\u00e1rat, a K\u00e1poszt\u00e1smegyerre k\u00f6zleked\u0151 20E gyorsj\u00e1rat, valamint k\u00f6zlekedik a F\u00fcredi \u00fati lak\u00f3telep fel\u00e9 a 80-as mellett a 81-es trolibusz is.<br \/>\n    A 3-as metr\u00f3 p\u00f3tl\u00e1s\u00e1t seg\u00edt\u0151, alternat\u00edv \u00fatir\u00e1nyokat biztos\u00edt\u00f3 194M, 223M \u00e9s 254M busz tov\u00e1bbra is k\u00f6zlekedik.<br \/>\n    Az \u00faj menetrend szerint munkanapokon tov\u00e1bbra is j\u00e1r a szombaton egy\u00e9bk\u00e9nt nem k\u00f6zleked\u0151 csepeli 179-es, az Albertirsai utat kiszolg\u00e1l\u00f3 10-es busz, tov\u00e1bb\u00e1 a r\u00e1koskereszt\u00fari vas\u00fati kapcsolatot is biztos\u00edt\u00f3 269-es, 297-es \u00e9s 298-as Telebusz.     K\u00f6z\u00f6lt\u00e9k azt is, az utasok biztons\u00e1ga \u00e9rdek\u00e9ben, hogy megfelel\u0151 t\u00e1vols\u00e1got tarthassanak egym\u00e1st\u00f3l, a megszokottn\u00e1l nagyobb befogad\u00f3k\u00e9pess\u00e9g\u0171 csukl\u00f3s j\u00e1rm\u0171vek k\u00f6zlekednek az \u00d6rs vez\u00e9r terei 31-es, 161-es, 168E, a zugl\u00f3i 77-es, 82-es, 130-as, a k\u0151b\u00e1nyai 95-\u00f6s, 202E, a budai 33-as \u00e9s 109-es, a d\u00e9l-pesti 36-os, 123-as, 148-as vonalon, a 14-es villamos pedig h\u00e1romkocsis szerelv\u00e9nyekkel indul.<br \/>\n    A 100E rept\u00e9ri gyorsj\u00e1rat k\u00f6zleked\u00e9s\u00e9t ideiglenesen sz\u00fcneteltetik, de Liszt Ferenc nemzetk\u00f6zi rep\u00fcl\u0151t\u00e9r azonban tov\u00e1bbra is megk\u00f6zel\u00edthet\u0151 marad a Nagyv\u00e1rad t\u00e9rr\u0151l indul\u00f3 200E busszal. Mint \u00edrt\u00e1k, a rep\u00fcl\u0151t\u00e9r forgalma csaknem teljesen le\u00e1llt, \u00e9s ezzel p\u00e1rhuzamosan a rept\u00e9ri buszj\u00e1ratokat szinte senki nem haszn\u00e1lta.<br \/>\n    A h\u00e9tv\u00e9g\u00e9n tov\u00e1bbra is a szombati, illetve a vas\u00e1rnapi menetrendet kell figyelni &#8211; olvashat\u00f3 a BKK k\u00f6zlem\u00e9ny\u00e9ben.(MTI)<\/p>\n","protected":false},"excerpt":{"rendered":"<p>\u00c1prilis elsej\u00e9t\u0151l szombati menetrenden alapul\u00f3, de sz\u00e1mos frekvent\u00e1lt vonalon ann\u00e1l s\u0171r\u0171bb k\u00f6zleked\u00e9st biztos\u00edt\u00f3 menetrendet vezetnek be munkanapokra a f\u0151v\u00e1rosi k\u00f6z\u00f6ss\u00e9gi k\u00f6zleked\u00e9sben a koronav\u00edrus-j\u00e1rv\u00e1ny miatt lecs\u00f6kkent utassz\u00e1mhoz igazodva &#8211; k\u00f6z\u00f6lte a Budapesti K\u00f6zleked\u00e9si K\u00f6zpont (BKK) cs\u00fct\u00f6rt\u00f6k\u00f6n az MTI-vel.<\/p>\n","protected":false},"author":1001006,"featured_media":0,"comment_status":"closed","ping_status":"open","sticky":false,"template":"","format":"standard","meta":[],"categories":[4,427],"tags":[428],"_links":{"self":[{"href":"https:\/\/gazdasagportal.hu\/index.php\/wp-json\/wp\/v2\/posts\/125101"}],"collection":[{"href":"https:\/\/gazdasagportal.hu\/index.php\/wp-json\/wp\/v2\/posts"}],"about":[{"href":"https:\/\/gazdasagportal.hu\/index.php\/wp-json\/wp\/v2\/types\/post"}],"author":[{"embeddable":true,"href":"https:\/\/gazdasagportal.hu\/index.php\/wp-json\/wp\/v2\/users\/1001006"}],"replies":[{"embeddable":true,"href":"https:\/\/gazdasagportal.hu\/index.php\/wp-json\/wp\/v2\/comments?post=125101"}],"version-history":[{"count":1,"href":"https:\/\/gazdasagportal.hu\/index.php\/wp-json\/wp\/v2\/posts\/125101\/revisions"}],"predecessor-version":[{"id":125102,"href":"https:\/\/gazdasagportal.hu\/index.php\/wp-json\/wp\/v2\/posts\/125101\/revisions\/125102"}],"wp:attachment":[{"href":"https:\/\/gazdasagportal.hu\/index.php\/wp-json\/wp\/v2\/media?parent=125101"}],"wp:term":[{"taxonomy":"category","embeddable":true,"href":"https:\/\/gazdasagportal.hu\/index.php\/wp-json\/wp\/v2\/categories?post=125101"},{"taxonomy":"post_tag","embeddable":true,"href":"https:\/\/gazdasagportal.hu\/index.php\/wp-json\/wp\/v2\/tags?post=125101"}],"curies":[{"name":"wp","href":"https:\/\/api.w.org\/{rel}","templated":true}]}}