{"id":125068,"date":"2020-03-25T11:25:07","date_gmt":"2020-03-25T10:25:07","guid":{"rendered":"http:\/\/gazdasagportal.hu\/?p=125068"},"modified":"2020-03-25T11:25:07","modified_gmt":"2020-03-25T10:25:07","slug":"koronavirus-valsagkezelo-holding-letrehozasat-javasolja-a-bkik","status":"publish","type":"post","link":"https:\/\/gazdasagportal.hu\/index.php\/koronavirus-valsagkezelo-holding-letrehozasat-javasolja-a-bkik\/","title":{"rendered":"Koronav\u00edrus &#8211; V\u00e1ls\u00e1gkezel\u0151 holding l\u00e9trehoz\u00e1s\u00e1t javasolja a BKIK"},"content":{"rendered":"<p><strong>\u00c1llami tulajdonban l\u00e9v\u0151 v\u00e1ls\u00e1gkezel\u0151 holding l\u00e9trehoz\u00e1s\u00e1t javasolta a korm\u00e1nynak Nagy Elek, a Budapesti Kereskedelmi \u00e9s Iparkamara (BKIK) eln\u00f6ke &#8211; k\u00f6z\u00f6lte a budapesti k\u00f6ztest\u00fclet szerd\u00e1n az MTI-vel.<\/strong><!--more--><\/p>\n<div class=\"ads-in-post1\"><div id=\"gazdasagportal.hu_fullbanner_wideboard\"><\/div>\r\n<\/div>\n<p>    A BKIK kiemelte, a kis- \u00e9s k\u00f6z\u00e9pv\u00e1llalkoz\u00f3k k\u00f6zvetlen visszajelz\u00e9sei alapj\u00e1n \u00e1ll\u00edtott\u00e1k \u00f6ssze a koronav\u00edrus-j\u00e1rv\u00e1ny negat\u00edv p\u00e9nz\u00fcgyi \u00e9s gazdas\u00e1gi hat\u00e1sait ellens\u00falyoz\u00f3, 6 pontb\u00f3l \u00e1ll\u00f3 p\u00e9nz\u00fcgyi int\u00e9zked\u00e9scsomagot, amelyet eljuttattak a korm\u00e1nynak.<br \/>\n    A kamara javaslata szerint min\u00e9l hamarabb l\u00e9tre kellene hozni a 100 sz\u00e1zal\u00e9kos \u00e1llami tulajdonban l\u00e9v\u0151 Nemzeti V\u00e1ls\u00e1gkezel\u0151 Holding Zrt.-t, amely \u00e1llami kezess\u00e9gv\u00e1llal\u00e1s mellett bocs\u00e1tana ki 1000 milli\u00e1rd forint k\u00f6tv\u00e9nyt, 0 sz\u00e1zal\u00e9kos kamattal, amelyet a Magyar Nemzeti Bank v\u00e1s\u00e1rolna meg.<br \/>\n    A javaslatban szerepel, hogy a holding szakos\u00edtott v\u00e1ls\u00e1gkezel\u0151 le\u00e1nyv\u00e1llalatokat, vagy div\u00edzi\u00f3kat hoz l\u00e9tre &#8211; ez lehet megl\u00e9v\u0151 \u00e1llami c\u00e9gek \u00e1tszervez\u00e9s\u00e9vel is, &#8211; amelyeket a k\u00f6tv\u00e9nykibocs\u00e1t\u00e1sb\u00f3l befoly\u00f3 \u00f6sszegb\u0151l felt\u0151k\u00e9s\u00edt. Az egyes szakos\u00edtott v\u00e1ls\u00e1gkezel\u0151 le\u00e1nyv\u00e1llalatok, vagy a div\u00edzi\u00f3k a kutat\u00e1sban azonos\u00edtott probl\u00e9macsoportokra f\u00f3kusz\u00e1lnak majd.<br \/>\n<div class=\"ads-in-post2\"><script async src=\"https:\/\/pagead2.googlesyndication.com\/pagead\/js\/adsbygoogle.js\"><\/script>\r\n<ins class=\"adsbygoogle\"\r\n     style=\"display:block\"\r\n     data-ad-format=\"fluid\"\r\n     data-ad-layout-key=\"-6t+ed+2i-1n-4w\"\r\n     data-ad-client=\"ca-pub-1959107119989764\"\r\n     data-ad-slot=\"4008251320\"><\/ins>\r\n<script>\r\n     (adsbygoogle = window.adsbygoogle || []).push({});\r\n<\/script><\/div>\n    A BKIK t\u00f6bb javaslatot dolgozott ki a l\u00e9trehozand\u00f3 t\u00e1rsas\u00e1gok, vagy div\u00edzi\u00f3k funkci\u00f3j\u00e1ra &#8211; \u00edrt\u00e1k a k\u00f6zlem\u00e9nyben -, t\u00f6bbek k\u00f6z\u00f6tt v\u00e1ls\u00e1gkezel\u0151 kock\u00e1zati t\u0151kebefektet\u0151, eszk\u00f6zkezel\u0151 \u00e9s k\u00f6vetel\u00e9skezel\u0151 c\u00e9g is szerepel a javaslatban.<br \/>\n    A k\u00f6tv\u00e9nykibocs\u00e1t\u00e1sb\u00f3l befoly\u00f3 \u00f6sszegb\u0151l  a holding m\u00e1r megl\u00e9v\u0151 \u00e1llami c\u00e9geket \u00e9s programokat is t\u0151k\u00e9hez juttatna, p\u00e9ld\u00e1ul a Magyar Export-Import Bank Zrt.-t \u00e9s a SZ\u00c9P K\u00e1rtya Programot.<br \/>\n    Amennyiben elfogy az els\u0151 k\u00f6r\u00f6s k\u00f6tv\u00e9nykibocs\u00e1t\u00e1sb\u00f3l befolyt 1000 milli\u00e1rd forint, akkor egy \u00fajabb k\u00f6r k\u00f6tv\u00e9nykibocs\u00e1t\u00e1s javasolt, am\u00edg sz\u00fcks\u00e9ges az \u00e1llami beavatkoz\u00e1s, \u00e9s az Eur\u00f3pai K\u00f6zponti Bank m\u00falt szerd\u00e1n meghirdetett k\u00f6tv\u00e9nyv\u00e1s\u00e1rl\u00e1si politik\u00e1ja nem v\u00e1ltozik &#8211; \u00edrta a BKIK a k\u00f6zlem\u00e9ny\u00e9ben.(MTI)<\/p>\n","protected":false},"excerpt":{"rendered":"<p>\u00c1llami tulajdonban l\u00e9v\u0151 v\u00e1ls\u00e1gkezel\u0151 holding l\u00e9trehoz\u00e1s\u00e1t javasolta a korm\u00e1nynak Nagy Elek, a Budapesti Kereskedelmi \u00e9s Iparkamara (BKIK) eln\u00f6ke &#8211; k\u00f6z\u00f6lte a budapesti k\u00f6ztest\u00fclet szerd\u00e1n az MTI-vel.<\/p>\n","protected":false},"author":1001006,"featured_media":0,"comment_status":"closed","ping_status":"open","sticky":false,"template":"","format":"standard","meta":[],"categories":[19],"tags":[],"_links":{"self":[{"href":"https:\/\/gazdasagportal.hu\/index.php\/wp-json\/wp\/v2\/posts\/125068"}],"collection":[{"href":"https:\/\/gazdasagportal.hu\/index.php\/wp-json\/wp\/v2\/posts"}],"about":[{"href":"https:\/\/gazdasagportal.hu\/index.php\/wp-json\/wp\/v2\/types\/post"}],"author":[{"embeddable":true,"href":"https:\/\/gazdasagportal.hu\/index.php\/wp-json\/wp\/v2\/users\/1001006"}],"replies":[{"embeddable":true,"href":"https:\/\/gazdasagportal.hu\/index.php\/wp-json\/wp\/v2\/comments?post=125068"}],"version-history":[{"count":1,"href":"https:\/\/gazdasagportal.hu\/index.php\/wp-json\/wp\/v2\/posts\/125068\/revisions"}],"predecessor-version":[{"id":125069,"href":"https:\/\/gazdasagportal.hu\/index.php\/wp-json\/wp\/v2\/posts\/125068\/revisions\/125069"}],"wp:attachment":[{"href":"https:\/\/gazdasagportal.hu\/index.php\/wp-json\/wp\/v2\/media?parent=125068"}],"wp:term":[{"taxonomy":"category","embeddable":true,"href":"https:\/\/gazdasagportal.hu\/index.php\/wp-json\/wp\/v2\/categories?post=125068"},{"taxonomy":"post_tag","embeddable":true,"href":"https:\/\/gazdasagportal.hu\/index.php\/wp-json\/wp\/v2\/tags?post=125068"}],"curies":[{"name":"wp","href":"https:\/\/api.w.org\/{rel}","templated":true}]}}