{"id":125057,"date":"2020-03-25T07:22:29","date_gmt":"2020-03-25T06:22:29","guid":{"rendered":"http:\/\/gazdasagportal.hu\/?p=125057"},"modified":"2020-03-25T07:22:29","modified_gmt":"2020-03-25T06:22:29","slug":"koronavirus-meghalt-egy-brit-beteg-magyarorszagon-tizre-nott-az-elhunytak-szama","status":"publish","type":"post","link":"https:\/\/gazdasagportal.hu\/index.php\/koronavirus-meghalt-egy-brit-beteg-magyarorszagon-tizre-nott-az-elhunytak-szama\/","title":{"rendered":"Koronav\u00edrus &#8211; Meghalt egy brit beteg Magyarorsz\u00e1gon, t\u00edzre n\u0151tt az elhunytak sz\u00e1ma"},"content":{"rendered":"<p><strong>Meghalt egy koronav\u00edrus-fert\u0151z\u00f6tt brit beteg Magyarorsz\u00e1gon &#8211; \u00edrta a koronavirus.gov.hu szerda reggel. Ezzel t\u00edzre n\u0151tt a koronav\u00edrusban meghaltak sz\u00e1ma.<\/strong><!--more--><\/p>\n<div class=\"ads-in-post1\"><div id=\"gazdasagportal.hu_fullbanner_wideboard\"><\/div>\r\n<\/div>\n<p>    Azt is \u00edrt\u00e1k, hogy \u00fajabb magyar \u00e1llampolg\u00e1rokn\u00e1l mutatt\u00e1k ki az \u00faj koronav\u00edrus-fert\u0151z\u00e9st, ezzel 226-ra n\u0151tt a beazonos\u00edtott fert\u0151z\u00f6ttek sz\u00e1ma.<br \/>\n    \u00d6sszes\u00edt\u00e9s\u00fck szerint a Magyarorsz\u00e1gon beazonos\u00edtott \u00faj koronav\u00edrus-fert\u0151z\u00f6ttek k\u00f6z\u00fcl 10 ir\u00e1ni, 2 brit, 1 kazah, 1 vietn\u00e1mi \u00e9s 212 magyar \u00e1llampolg\u00e1r.<br \/>\n<div class=\"ads-in-post2\"><script async src=\"https:\/\/pagead2.googlesyndication.com\/pagead\/js\/adsbygoogle.js\"><\/script>\r\n<ins class=\"adsbygoogle\"\r\n     style=\"display:block\"\r\n     data-ad-format=\"fluid\"\r\n     data-ad-layout-key=\"-6t+ed+2i-1n-4w\"\r\n     data-ad-client=\"ca-pub-1959107119989764\"\r\n     data-ad-slot=\"4008251320\"><\/ins>\r\n<script>\r\n     (adsbygoogle = window.adsbygoogle || []).push({});\r\n<\/script><\/div>\n    Kiemelt\u00e9k: a csoportos megbeteged\u00e9sek szakasz\u00e1ban vagyunk, amikor k\u00f6z\u00f6ss\u00e9gben, szem\u00e9lyes \u00e9rintkez\u00e9sek \u00fatj\u00e1n terjed a fert\u0151z\u00e9s. Magyarorsz\u00e1gon is m\u00e1r b\u00e1rhol \u00e9s b\u00e1rkiben jelen lehet a v\u00edrus. A beazonos\u00edtott koronav\u00edrus-fert\u0151z\u00f6ttekn\u00e9l j\u00f3val nagyobb a t\u00e9nyleges v\u00edrushordoz\u00f3k sz\u00e1ma, akik fert\u0151zhetnek. A t\u00f6meges fert\u0151z\u00e9s lelass\u00edt\u00e1s\u00e1hoz nagyon fontos, hogy az id\u0151sek, a di\u00e1kok, a k\u00fclf\u00f6ldr\u0151l hazat\u00e9r\u0151k, \u00e9s aki teheti, az maradjon otthon, tov\u00e1bb\u00e1 mindenki tartsa be a szab\u00e1lyokat \u00e9s az aj\u00e1nl\u00e1sokat &#8211; sz\u00f6gezt\u00e9k le.(MTI)<\/p>\n","protected":false},"excerpt":{"rendered":"<p>Meghalt egy koronav\u00edrus-fert\u0151z\u00f6tt brit beteg Magyarorsz\u00e1gon &#8211; \u00edrta a koronavirus.gov.hu szerda reggel. Ezzel t\u00edzre n\u0151tt a koronav\u00edrusban meghaltak sz\u00e1ma.<\/p>\n","protected":false},"author":1001006,"featured_media":0,"comment_status":"closed","ping_status":"open","sticky":false,"template":"","format":"standard","meta":[],"categories":[4,427],"tags":[428],"_links":{"self":[{"href":"https:\/\/gazdasagportal.hu\/index.php\/wp-json\/wp\/v2\/posts\/125057"}],"collection":[{"href":"https:\/\/gazdasagportal.hu\/index.php\/wp-json\/wp\/v2\/posts"}],"about":[{"href":"https:\/\/gazdasagportal.hu\/index.php\/wp-json\/wp\/v2\/types\/post"}],"author":[{"embeddable":true,"href":"https:\/\/gazdasagportal.hu\/index.php\/wp-json\/wp\/v2\/users\/1001006"}],"replies":[{"embeddable":true,"href":"https:\/\/gazdasagportal.hu\/index.php\/wp-json\/wp\/v2\/comments?post=125057"}],"version-history":[{"count":1,"href":"https:\/\/gazdasagportal.hu\/index.php\/wp-json\/wp\/v2\/posts\/125057\/revisions"}],"predecessor-version":[{"id":125058,"href":"https:\/\/gazdasagportal.hu\/index.php\/wp-json\/wp\/v2\/posts\/125057\/revisions\/125058"}],"wp:attachment":[{"href":"https:\/\/gazdasagportal.hu\/index.php\/wp-json\/wp\/v2\/media?parent=125057"}],"wp:term":[{"taxonomy":"category","embeddable":true,"href":"https:\/\/gazdasagportal.hu\/index.php\/wp-json\/wp\/v2\/categories?post=125057"},{"taxonomy":"post_tag","embeddable":true,"href":"https:\/\/gazdasagportal.hu\/index.php\/wp-json\/wp\/v2\/tags?post=125057"}],"curies":[{"name":"wp","href":"https:\/\/api.w.org\/{rel}","templated":true}]}}