{"id":125050,"date":"2020-03-24T17:32:58","date_gmt":"2020-03-24T16:32:58","guid":{"rendered":"http:\/\/gazdasagportal.hu\/?p=125050"},"modified":"2020-03-24T17:32:58","modified_gmt":"2020-03-24T16:32:58","slug":"az-emirates-bejelentese-a-covid-19-jarvany-kapcsan","status":"publish","type":"post","link":"https:\/\/gazdasagportal.hu\/index.php\/az-emirates-bejelentese-a-covid-19-jarvany-kapcsan\/","title":{"rendered":"Az Emirates bejelent\u00e9se a Covid-19 j\u00e1rv\u00e1ny kapcs\u00e1n"},"content":{"rendered":"<p><strong>A COVID-19 j\u00e1rv\u00e1ny kit\u00f6r\u00e9se \u00f3ta az Emirates Airline a hat\u00f3s\u00e1gi korl\u00e1toz\u00e1sokhoz \u00e9s a utaz\u00e1si ig\u00e9nyekhez igaz\u00edtja m\u0171k\u00f6d\u00e9s\u00e9t. A l\u00e9git\u00e1rsas\u00e1g mindaddig m\u0171k\u00f6dteti a j\u00e1ratait, am\u00edg utasai biztons\u00e1ggal haza\u00e9rnek, mik\u00f6zben egyre t\u00f6bb orsz\u00e1g alkalmaz utaz\u00e1si szigor\u00edt\u00e1sokat, vagy ak\u00e1r teljes z\u00e1rlatot. Az Emirates fenntartja a nemzetk\u00f6zi tehersz\u00e1ll\u00edt\u00f3 kapacit\u00e1s\u00e1t, \u00e9s Boeing 777-es flott\u00e1j\u00e1t a l\u00e9tfontoss\u00e1g\u00fa \u00e1ruk, k\u00f6zt\u00fck orvosi felszerel\u00e9sek sz\u00e1ll\u00edt\u00e1s\u00e1ra \u00e1ll\u00edtja szolg\u00e1latba. <\/strong><\/p>\n<p><strong>Ahmed bin Saeed Al Maktoum, az Emirates Csoport eln\u00f6k-vez\u00e9rigazgat\u00f3ja bejelentette<\/strong>: <em>&#8222;Glob\u00e1lis l\u00e9git\u00e1rsas\u00e1gk\u00e9nt abban a helyzetben tal\u00e1ltuk magunkat, hogy nem tudunk szem\u00e9lysz\u00e1ll\u00edt\u00e1st v\u00e9gezni mindaddig, am\u00edg az orsz\u00e1gok \u00fajranyitj\u00e1k hat\u00e1raikat \u00e9s visszat\u00e9r az utaz\u00e1sok ir\u00e1nti bizalom. Ez\u00e9rt \u00fagy d\u00f6nt\u00f6tt\u00fcnk, hogy m\u00e1rcius 25-t\u0151l \u00e1tmenetileg felf\u00fcggesztj\u00fck utassz\u00e1ll\u00edt\u00f3 j\u00e1rataink t\u00f6bbs\u00e9g\u00e9t, de tehersz\u00e1ll\u00edt\u00e1st tov\u00e1bbra is v\u00e9gz\u00fcnk. Folyamatosan figyelj\u00fck az esem\u00e9nyeket, \u00e9s amint lehet, \u00fajraind\u00edtjuk szolg\u00e1ltat\u00e1sainkat.&#8221;<\/em><!--more--><\/p>\n<div class=\"ads-in-post1\"><div id=\"gazdasagportal.hu_fullbanner_wideboard\"><\/div>\r\n<\/div>\n<p>A nemzeti korm\u00e1nyokkal folytatott konzult\u00e1ci\u00f3kat k\u00f6vet\u0151en az Emirates seg\u00edts\u00e9get ny\u00fajt az al\u00e1bbi orsz\u00e1gok polg\u00e1rainak a hazat\u00e9r\u00e9sben, \u00edgy ezekbe az orsz\u00e1gokba tov\u00e1bbra is m\u0171k\u00f6dtet j\u00e1ratokat: Egyes\u00fclt Kir\u00e1lys\u00e1g, Sv\u00e1jc, Hong Kong, Thaif\u00f6ld, Malajzia, F\u00fcl\u00f6p-szigetek, Jap\u00e1n, Szingap\u00far, D\u00e9l-Korea, Ausztr\u00e1lia, D\u00e9l-Afrika, Egyes\u00fclt \u00c1llamok \u00e9s Kanada. Mivel a helyzet folyamatosan v\u00e1ltozik, ez\u00e9rt az utasoknak \u00e9rdemes ellen\u0151rizni a j\u00e1ratok st\u00e1tusz\u00e1t az emirates.com weboldalon.<\/p><div id=\"gazda-2099182330\" class=\"gazda-tartalomban gazda-entity-placement\"><script async src=\"https:\/\/pagead2.googlesyndication.com\/pagead\/js\/adsbygoogle.js\"><\/script>\r\n<ins class=\"adsbygoogle\"\r\n     style=\"display:block\"\r\n     data-ad-format=\"fluid\"\r\n     data-ad-layout-key=\"-6t+ed+2i-1n-4w\"\r\n     data-ad-client=\"ca-pub-1959107119989764\"\r\n     data-ad-slot=\"4008251320\"><\/ins>\r\n<script>\r\n     (adsbygoogle = window.adsbygoogle || []).push({});\r\n<\/script><\/div>\n<p><em>&#8222;Az Emiraes Csoport p\u00e9nz\u00fcgyileg er\u0151s, cash-flow likvidit\u00e1sa magas, \u00edgy felk\u00e9sz\u00fclt a hosszabb ideig tart\u00f3, cs\u00f6kkentett \u00fczemm\u00f3dra is.<\/em>&#8221; \u2013 nyilatkozta az eln\u00f6k-vez\u00e9rigazgat\u00f3.<\/p>\n<div class=\"ads-in-post2\"><script async src=\"https:\/\/pagead2.googlesyndication.com\/pagead\/js\/adsbygoogle.js\"><\/script>\r\n<ins class=\"adsbygoogle\"\r\n     style=\"display:block\"\r\n     data-ad-format=\"fluid\"\r\n     data-ad-layout-key=\"-6t+ed+2i-1n-4w\"\r\n     data-ad-client=\"ca-pub-1959107119989764\"\r\n     data-ad-slot=\"4008251320\"><\/ins>\r\n<script>\r\n     (adsbygoogle = window.adsbygoogle || []).push({});\r\n<\/script><\/div>\n&nbsp;<\/p>\n<p><strong>K\u00f6lts\u00e9gcs\u00f6kkent\u0151 int\u00e9zked\u00e9sek<\/strong><\/p>\n<p>Az Emirates Csoport a k\u00f6vetkez\u0151 int\u00e9zked\u00e9seket hozta, hogy cs\u00f6kkentse a k\u00f6lts\u00e9geket v\u00e1laszul a gyenge r\u00f6vid \u00e9s k\u00f6z\u00e9pt\u00e1v\u00fa piaci keresleti kil\u00e1t\u00e1sokra:<\/p>\n<ul>\n<li>A nem l\u00e9tfontoss\u00e1g\u00fa munkaer\u0151 toborz\u00e1s \u00e9s tan\u00e1csad\u00f3 szerz\u0151d\u00e9sek befagyaszt\u00e1sa<\/li>\n<li>Egyeztet\u00e9sek a besz\u00e1ll\u00edt\u00f3kkal a k\u00f6lts\u00e9gek cs\u00f6kkent\u00e9se \u00e9s a hat\u00e9konys\u00e1g jav\u00edt\u00e1sa \u00e9rdek\u00e9ben<\/li>\n<li>Munkav\u00e1llal\u00f3k \u00f6szt\u00f6nz\u00e9se, hogy fizetett vagy nem fizetett szabads\u00e1got vegyenek ki<\/li>\n<li>25 \u00e9s 50 sz\u00e1zal\u00e9k k\u00f6z\u00f6tti \u00e1ltal\u00e1nos fizet\u00e9scs\u00f6kkent\u00e9s h\u00e1rom h\u00f3napra az Emirates Csoport alkalmazottainak t\u00f6bbs\u00e9ge sz\u00e1m\u00e1ra. Ez al\u00f3l kiv\u00e9telt jelentenek a legalacsonyabb fizet\u00e9si kateg\u00f3ri\u00e1ba tartoz\u00f3 alkalmazottak, az \u0151 fizet\u00e9s\u00fck nem cs\u00f6kken. Emellett a munkav\u00e1llal\u00f3k tov\u00e1bbra is megkapj\u00e1k nem b\u00e9rjelleg\u0171 juttat\u00e1saikat.<\/li>\n<li>Az Emirates \u00e9s a dnata eln\u00f6kei \u2013 Sir Tim Clark \u00e9s Gary Chapman \u2013 h\u00e1rom h\u00f3napig nem veszik fel fizet\u00e9s\u00fcket.<\/li>\n<\/ul>\n<p><em>&#8222;Elbocs\u00e1t\u00e1sok helyett ink\u00e1bb az \u00e1tmeneti fizet\u00e9scs\u00f6kkent\u00e9st v\u00e1lasztottuk, mert szeretn\u00e9nk megv\u00e9deni \u00e9s megtartani szakembereinket. \u00cdgy majd ha ism\u00e9t beindul a turizmus, gyorsan \u00fajraind\u00edthatjuk szolg\u00e1ltat\u00e1sainkat.&#8221;<\/em> \u2013 jelentette ki az Emirates vezet\u0151je.<\/p>\n<p>&nbsp;<\/p>\n<p><strong>Utasaink \u00e9s munkat\u00e1rsaink v\u00e9delm\u00e9ben<\/strong><\/p>\n<p>Az Emirates folyamatosan figyeli az esem\u00e9nyeket \u00e9s egyeztet a hat\u00f3s\u00e1gokkal, hogy k\u00f6vesse a szab\u00e1lyokat az utasai \u00e9s munkat\u00e1rsai eg\u00e9szs\u00e9ge \u00e9s biztons\u00e1ga \u00e9rdek\u00e9ben. Ahol lehetett, otthoni munk\u00e1t vezetett be munkat\u00e1rsai sz\u00e1m\u00e1ra, a rep\u00fcl\u0151g\u00e9peken pedig szigor\u00fa takar\u00edt\u00e1si \u00e9s fert\u0151tlen\u00edt\u00e9si elj\u00e1r\u00e1sokat alkalmaz a v\u00e1llalat. A l\u00e9git\u00e1rsas\u00e1g irod\u00e1iban ellen\u0151rzik a munkav\u00e1llal\u00f3k testh\u0151m\u00e9rs\u00e9klet\u00e9t, \u00e9s felvil\u00e1gos\u00edt\u00e1st v\u00e9geztek k\u00e9zmos\u00e1si \u00e9s egy\u00e9b, v\u00edrusellenes higi\u00e9niai szab\u00e1lyok tekintet\u00e9ben. A rep\u00fcl\u0151g\u00e9peken szolg\u00e1latot teljes\u00edt\u0151 szem\u00e9lyzet tagjai arcmaszkokat \u00e9s k\u00e9zfert\u0151tlent\u0151ket kaptak.<\/p>\n<p>&nbsp;<\/p>\n<p><strong>Az Emirates-r\u0151l <\/strong><\/p>\n<p>1985-\u00f6s megalap\u00edt\u00e1sa \u00f3ta t\u00f6bb mint 500 nemzetk\u00f6zi d\u00edjjal ismert\u00e9k el az Emirates Airline azon t\u00f6rekv\u00e9s\u00e9t, hogy p\u00e1ratlan min\u0151s\u00e9g\u0171 szolg\u00e1ltat\u00e1sokat ny\u00fajtson.<\/p>\n<p>A l\u00e9git\u00e1rsas\u00e1g gyorsan \u00e9s folyamatosan n\u00f6vekszik \u2013\u00a0\u00e1tlagosan \u00e9vi 20 sz\u00e1zal\u00e9kot meghalad\u00f3 \u00fctemben \u2013, \u00e9s az elm\u00falt 25 \u00e9vben folyamatosan nyeres\u00e9gesen m\u0171k\u00f6d\u00f6tt. P\u00e9nz\u00fcgyi szempontb\u00f3l \u00f6nfenntart\u00f3 \u00e9s f\u00fcggetlen. Az Emirates a 2018-2019-es p\u00e9nz\u00fcgyi \u00e9vben 58.6 milli\u00f3 utast sz\u00e1ll\u00edtott, \u00e9s 0.2 milli\u00e1rd doll\u00e1r ad\u00f3z\u00e1s ut\u00e1ni eredm\u00e9nyt \u00e9rt el.<\/p>\n<p>Az Emirates k\u00f6zpontja Dubajban m\u0171k\u00f6dik, a vil\u00e1g azon n\u00e9h\u00e1ny v\u00e1ros\u00e1nak egyik\u00e9ben, amely a \u201eNyitott \u00c9gbolt\u201d szab\u00e1lyoz\u00e1st k\u00f6veti, \u00e9s t\u00f6bb mint 120 l\u00e9git\u00e1rsas\u00e1gnak biztos\u00edtja a szabad \u00e9s tiszta versenyt.<\/p>\n<p>A 270, egyt\u0151l-egyig sz\u00e9les t\u00f6rzs\u0171 rep\u00fcl\u0151g\u00e9pb\u0151l, k\u00f6zt\u00fck 11 tehersz\u00e1ll\u00edt\u00f3 g\u00e9pb\u0151l \u00e1ll\u00f3 flott\u00e1ja a vil\u00e1g legfiatalabbjai k\u00f6z\u00e9 tartozik. Az Emirates 214 \u00faj rep\u00fcl\u0151g\u00e9p\u00e9nek lesz\u00e1ll\u00edt\u00e1sa folyamatban van.<\/p>\n<p>Az Emirates j\u00e1ratai 157 c\u00e9l\u00e1llom\u00e1sra rep\u00fclnek, a vil\u00e1g 83 orsz\u00e1g\u00e1ban; Eur\u00f3p\u00e1ban, \u00c9szak-Amerik\u00e1ban, D\u00e9l-Amerik\u00e1ban, a K\u00f6zel-Keleten, Afrik\u00e1ban, az indiai szubkontinensen \u00e9s az \u00c1zsia-Csendes-\u00f3ce\u00e1ni t\u00e9rs\u00e9gben.<\/p>\n<p>Az Emirates code-share meg\u00e1llapod\u00e1st k\u00f6t\u00f6tt a k\u00f6vetkez\u0151 l\u00e9git\u00e1rsas\u00e1gokkal: Air Malta, Air Mauritius, Alaska Airlines, Bangkok Airways, Copa Airlines, Flybe, flydubai, Japan Airlines, Jetblue Airways, Jetstar Airways, Jetstar Asia, Jetstar Pacific, Korean Air, LATAM Airlines Brazil, Malaysia Airlines, Qantas, Siberia Airlines, South African Airways, TAP Portugal, Thai Airways International, TGV Air (SNCF), WestJet, Linhas A\u00e9reas Inteligentes S. A. (GOL); valamint a Trenitalia vas\u00fatt\u00e1rsas\u00e1ggal.<\/p>\n<p>Az Emirates Airline r\u00e9sze az Emirates SkyCargo \u00e9s a Destination &amp; Leisure Management (D&amp;LM), amely a Wolgan Valley Resort &amp; Spa-t, az Emirates Holidays-t, az Arabian Adventures-t \u00e9s a Congress Solution International-t m\u0171k\u00f6dteti. A l\u00e9git\u00e1rsas\u00e1g az Emirates Csoport tagja, amely mag\u00e1ba foglalja a dnata, a Mercator, a Transguard \u00e9s az EmQuest t\u00e1rsv\u00e1llalatokat.<\/p>\n","protected":false},"excerpt":{"rendered":"<p>A COVID-19 j\u00e1rv\u00e1ny kit\u00f6r\u00e9se \u00f3ta az Emirates Airline a hat\u00f3s\u00e1gi korl\u00e1toz\u00e1sokhoz \u00e9s a utaz\u00e1si ig\u00e9nyekhez igaz\u00edtja m\u0171k\u00f6d\u00e9s\u00e9t. A l\u00e9git\u00e1rsas\u00e1g mindaddig m\u0171k\u00f6dteti a j\u00e1ratait, am\u00edg utasai biztons\u00e1ggal haza\u00e9rnek, mik\u00f6zben egyre t\u00f6bb orsz\u00e1g alkalmaz utaz\u00e1si szigor\u00edt\u00e1sokat, vagy ak\u00e1r teljes z\u00e1rlatot. Az Emirates fenntartja a nemzetk\u00f6zi tehersz\u00e1ll\u00edt\u00f3 kapacit\u00e1s\u00e1t, \u00e9s Boeing 777-es flott\u00e1j\u00e1t a l\u00e9tfontoss\u00e1g\u00fa \u00e1ruk, k\u00f6zt\u00fck orvosi felszerel\u00e9sek &#8230;<\/p>\n","protected":false},"author":1001006,"featured_media":0,"comment_status":"closed","ping_status":"open","sticky":false,"template":"","format":"standard","meta":[],"categories":[8,246],"tags":[],"_links":{"self":[{"href":"https:\/\/gazdasagportal.hu\/index.php\/wp-json\/wp\/v2\/posts\/125050"}],"collection":[{"href":"https:\/\/gazdasagportal.hu\/index.php\/wp-json\/wp\/v2\/posts"}],"about":[{"href":"https:\/\/gazdasagportal.hu\/index.php\/wp-json\/wp\/v2\/types\/post"}],"author":[{"embeddable":true,"href":"https:\/\/gazdasagportal.hu\/index.php\/wp-json\/wp\/v2\/users\/1001006"}],"replies":[{"embeddable":true,"href":"https:\/\/gazdasagportal.hu\/index.php\/wp-json\/wp\/v2\/comments?post=125050"}],"version-history":[{"count":1,"href":"https:\/\/gazdasagportal.hu\/index.php\/wp-json\/wp\/v2\/posts\/125050\/revisions"}],"predecessor-version":[{"id":125051,"href":"https:\/\/gazdasagportal.hu\/index.php\/wp-json\/wp\/v2\/posts\/125050\/revisions\/125051"}],"wp:attachment":[{"href":"https:\/\/gazdasagportal.hu\/index.php\/wp-json\/wp\/v2\/media?parent=125050"}],"wp:term":[{"taxonomy":"category","embeddable":true,"href":"https:\/\/gazdasagportal.hu\/index.php\/wp-json\/wp\/v2\/categories?post=125050"},{"taxonomy":"post_tag","embeddable":true,"href":"https:\/\/gazdasagportal.hu\/index.php\/wp-json\/wp\/v2\/tags?post=125050"}],"curies":[{"name":"wp","href":"https:\/\/api.w.org\/{rel}","templated":true}]}}