{"id":125026,"date":"2020-03-24T08:54:49","date_gmt":"2020-03-24T07:54:49","guid":{"rendered":"http:\/\/gazdasagportal.hu\/?p=125026"},"modified":"2020-03-24T08:54:49","modified_gmt":"2020-03-24T07:54:49","slug":"tozsdenyitas-elott-emelkedesre-szamitanak-az-elemzok-16","status":"publish","type":"post","link":"https:\/\/gazdasagportal.hu\/index.php\/tozsdenyitas-elott-emelkedesre-szamitanak-az-elemzok-16\/","title":{"rendered":"T\u0151zsdenyit\u00e1s el\u0151tt &#8211; Emelked\u00e9sre sz\u00e1m\u00edtanak az elemz\u0151k"},"content":{"rendered":"<p><strong>Emelked\u00e9sre sz\u00e1m\u00edtanak az elemz\u0151k a r\u00e9szv\u00e9nypiacon a keddi t\u0151zsdei keresked\u00e9sben.<\/strong><!--more--><\/p>\n<div class=\"ads-in-post1\"><div id=\"gazdasagportal.hu_fullbanner_wideboard\"><\/div>\r\n<\/div>\n<p>    J\u00f3zsa Bence, az Equilor Befektet\u00e9si Zrt. junior elemz\u0151je az MTI-nek kedden k\u00fcld\u00f6tt el\u0151rejelz\u00e9s\u00e9ben kiemelte, hogy a koronav\u00edrus-j\u00e1rv\u00e1ny gyors terjed\u00e9se \u00e9s emiatt egyre roml\u00f3 gazdas\u00e1gi kil\u00e1t\u00e1sok komoly pesszimista reakci\u00f3t v\u00e1ltottak ki a t\u0151zsd\u00e9ken, ugyanakkor a korm\u00e1nyok \u00e9s a jegybankok egyre akt\u00edvabb l\u00e9p\u00e9seket tesznek, hogy f\u00e9kezz\u00e9k a j\u00e1rv\u00e1nyt \u00e9s annak recesszi\u00f3t gener\u00e1l\u00f3 hat\u00e1sait.<br \/>\n    Az OTP \u00e1rfolyama \u00e1t tudta t\u00f6rni a 9000 forintos ellen\u00e1ll\u00e1si szintet, a h\u00e9tf\u0151i keresked\u00e9sben m\u00e9g alatta z\u00e1rt, \u00edgy kedden ism\u00e9t ezzel az ellen\u00e1ll\u00e1si szinttel k\u00fczdhet a jegyz\u00e9s, t\u00e1masz a 8200 forintos szinten tal\u00e1lhat\u00f3. Tov\u00e1bb emelkedhet a Mol jegyz\u00e9se, miut\u00e1n az olaj \u00e1rfolyama ism\u00e9t felfele indult, 2000 forintn\u00e1l tal\u00e1lhat\u00f3 az ellen\u00e1ll\u00e1s. A Richter \u00e1rfolyam\u00e1ban 5200 forintn\u00e1l tal\u00e1lhat\u00f3 a t\u00e1masz, \u00e9s 6000 forintn\u00e1l az ellen\u00e1ll\u00e1si szint. A Magyar Telekom jegyz\u00e9se napok \u00f3ta oldalaz\u00e1st mutat, ebben nem  v\u00e1rhat\u00f3 v\u00e1ltoz\u00e1s, a 340-360 forintos tartom\u00e1nyban mozoghat a jegyz\u00e9se.<br \/>\n<div class=\"ads-in-post2\"><script async src=\"https:\/\/pagead2.googlesyndication.com\/pagead\/js\/adsbygoogle.js\"><\/script>\r\n<ins class=\"adsbygoogle\"\r\n     style=\"display:block\"\r\n     data-ad-format=\"fluid\"\r\n     data-ad-layout-key=\"-6t+ed+2i-1n-4w\"\r\n     data-ad-client=\"ca-pub-1959107119989764\"\r\n     data-ad-slot=\"4008251320\"><\/ins>\r\n<script>\r\n     (adsbygoogle = window.adsbygoogle || []).push({});\r\n<\/script><\/div>\n    Er\u0151s\u00f6dhet a forint, a h\u00e9tf\u0151i keresked\u00e9s sor\u00e1n kisebb korrekci\u00f3 mutatkozott a forint \u00e1rfolyam\u00e1ban, az eur\u00f3-forint jegyz\u00e9se visszat\u00e9rt a 350-es szint k\u00f6zel\u00e9be. Amennyiben kitart kedden a pozit\u00edv nemzetk\u00f6zi hangulat, akkor tov\u00e1bb er\u0151s\u00f6dhet a forint \u00e9s a 350-es szint alatt maradhat a jegyz\u00e9s, fontos ellen\u00e1ll\u00e1si szint 360 k\u00f6zel\u00e9ben h\u00faz\u00f3dik &#8211; \u00edrja J\u00f3zsa Bence.<br \/>\n    Saj\u00e1t r\u00e9szv\u00e9ny v\u00e1s\u00e1rl\u00e1sba kezd az Opus. A t\u00e1rsas\u00e1g megb\u00edz\u00e1st adott legfeljebb 3 milli\u00f3 darab saj\u00e1t r\u00e9szv\u00e9ny v\u00e1s\u00e1rl\u00e1s\u00e1ra, melyet \u00e1prilist\u00f3l kezdve h\u00e1rom h\u00f3napon kereszt\u00fcl tervez lebonyol\u00edtani. A kor\u00e1bbi \u00e9ves id\u0151szak forgalmi adatai alapj\u00e1n kalkul\u00e1lt napi keresked\u00e9s 10 sz\u00e1zal\u00e9k\u00e1ban maximaliz\u00e1lta a megszerezhet\u0151 r\u00e9szv\u00e9nyek ar\u00e1ny\u00e1t &#8211; olvashat\u00f3 az Equilor junior elemz\u0151j\u00e9nek \u00f6sszefoglal\u00f3j\u00e1ban.<br \/>\n    A CIB elemz\u00e9se kiemelte, hogy a Fed \u00fajabb l\u00e9p\u00e9sekkel igyekszik biztos\u00edtani a piaci likvidit\u00e1st, megakad\u00e1lyozni a hitelez\u00e9s lefagy\u00e1s\u00e1t, \u00e9s jelezte, m\u00e9g van mun\u00edci\u00f3ja, ha sz\u00fcks\u00e9ges. A Fed-l\u00e9p\u00e9sek a glob\u00e1lis piacon a hangulatot h\u00e9tf\u0151n m\u00e9g nem, de kedden \u00c1zsi\u00e1ban m\u00e1r jav\u00edtott\u00e1k. A napon bel\u00fcli kileng\u00e9sek h\u00e9tf\u0151n kiss\u00e9 m\u00e9rs\u00e9kl\u0151dtek, de az idegess\u00e9g tov\u00e1bbra is megmaradt a piacon.<br \/>\n    A hazai piacon a Magyar Nemzeti Bank kamatd\u00f6nt\u00e9s\u00e9re figyelnek a befektet\u0151k, a piac nem v\u00e1r kamatv\u00e1ltoztat\u00e1st, ugyanakkor k\u00e9rd\u00e9s, hogy a likvidit\u00e1si int\u00e9zked\u00e9seken t\u00fal lesznek-e \u00fajabb l\u00e9p\u00e9sek &#8211; \u00edrja a CIB.<br \/>\n    A Budapesti \u00c9rt\u00e9kt\u0151zsde r\u00e9szv\u00e9nyindexe, a BUX 111,38 pontos, 0,36 sz\u00e1zal\u00e9kos cs\u00f6kken\u00e9ssel, 30 848,56 ponton z\u00e1rt h\u00e9tf\u0151n. A r\u00e9szv\u00e9nypiac forgalma 15,5 milli\u00e1rd forint volt, a vezet\u0151 r\u00e9szv\u00e9nyek \u00e1ra vegyesen v\u00e1ltozott a p\u00e9nteki z\u00e1r\u00e1shoz k\u00e9pest. A Mol 29 forinttal, 1,57 sz\u00e1zal\u00e9kkal 1871 forintra er\u0151s\u00f6d\u00f6tt, 2,2 milli\u00e1rd forintos forgalomban. Az OTP-r\u00e9szv\u00e9nyek \u00e1ra 120 forinttal, 1,35 sz\u00e1zal\u00e9kkal 8985 forintra n\u0151tt, forgalmuk 10,6 milli\u00e1rd forintot tett ki. A Magyar Telekom 8,50 forinttal, 2,43 sz\u00e1zal\u00e9kkal 341,50 forintra gyeng\u00fclt, forgalma 295,3 milli\u00f3 forint volt. A Richter-pap\u00edrok \u00e1rfolyama 220 forinttal, 3,90 sz\u00e1zal\u00e9kkal 5420 forintra esett, a r\u00e9szv\u00e9nyek forgalmuk 1,7 milli\u00e1rd forintot \u00e9rt el.(MTI)<\/p>\n","protected":false},"excerpt":{"rendered":"<p>Emelked\u00e9sre sz\u00e1m\u00edtanak az elemz\u0151k a r\u00e9szv\u00e9nypiacon a keddi t\u0151zsdei keresked\u00e9sben.<\/p>\n","protected":false},"author":1001003,"featured_media":0,"comment_status":"closed","ping_status":"open","sticky":false,"template":"","format":"standard","meta":[],"categories":[7],"tags":[],"_links":{"self":[{"href":"https:\/\/gazdasagportal.hu\/index.php\/wp-json\/wp\/v2\/posts\/125026"}],"collection":[{"href":"https:\/\/gazdasagportal.hu\/index.php\/wp-json\/wp\/v2\/posts"}],"about":[{"href":"https:\/\/gazdasagportal.hu\/index.php\/wp-json\/wp\/v2\/types\/post"}],"author":[{"embeddable":true,"href":"https:\/\/gazdasagportal.hu\/index.php\/wp-json\/wp\/v2\/users\/1001003"}],"replies":[{"embeddable":true,"href":"https:\/\/gazdasagportal.hu\/index.php\/wp-json\/wp\/v2\/comments?post=125026"}],"version-history":[{"count":1,"href":"https:\/\/gazdasagportal.hu\/index.php\/wp-json\/wp\/v2\/posts\/125026\/revisions"}],"predecessor-version":[{"id":125027,"href":"https:\/\/gazdasagportal.hu\/index.php\/wp-json\/wp\/v2\/posts\/125026\/revisions\/125027"}],"wp:attachment":[{"href":"https:\/\/gazdasagportal.hu\/index.php\/wp-json\/wp\/v2\/media?parent=125026"}],"wp:term":[{"taxonomy":"category","embeddable":true,"href":"https:\/\/gazdasagportal.hu\/index.php\/wp-json\/wp\/v2\/categories?post=125026"},{"taxonomy":"post_tag","embeddable":true,"href":"https:\/\/gazdasagportal.hu\/index.php\/wp-json\/wp\/v2\/tags?post=125026"}],"curies":[{"name":"wp","href":"https:\/\/api.w.org\/{rel}","templated":true}]}}