{"id":12498,"date":"2013-07-26T10:20:44","date_gmt":"2013-07-26T08:20:44","guid":{"rendered":"http:\/\/stockportal.hu\/?p=12498"},"modified":"2013-07-26T10:20:44","modified_gmt":"2013-07-26T08:20:44","slug":"japan-csapasmero-kepessegekhez-juttatna-hadsereget","status":"publish","type":"post","link":"https:\/\/gazdasagportal.hu\/index.php\/japan-csapasmero-kepessegekhez-juttatna-hadsereget\/","title":{"rendered":"Jap\u00e1n csap\u00e1sm\u00e9r\u0151 k\u00e9pess\u00e9gekhez juttatn\u00e1 hadsereg\u00e9t"},"content":{"rendered":"<p><strong>Jap\u00e1nnak fontol\u00f3ra kell vennie az ellens\u00e9ges k\u00fclf\u00f6ldi t\u00e1maszpontok megt\u00e1mad\u00e1s\u00e1hoz sz\u00fcks\u00e9ges katonai k\u00e9pess\u00e9gek fejleszt\u00e9s\u00e9t, \u00e9s akt\u00edvabb v\u00e9delmi politik\u00e1t kell folytatnia K\u00edna t\u00falzott magabiztoss\u00e1ga \u00e9s az \u00e9szak-koreai fenyeget\u00e9s miatt egy p\u00e9nteken k\u00f6zz\u00e9tett korm\u00e1nyzati jelent\u00e9s szerint.<!--more--><\/strong><\/p>\n<p>A dokumentumban aj\u00e1nl\u00e1sainak megval\u00f3s\u00edt\u00e1sa az orsz\u00e1g b\u00e9kealkotm\u00e1ny\u00e1ban foglalt katonai korl\u00e1toz\u00e1sok minden eddigin\u00e9l radik\u00e1lisabb \u00e9s kiterjeszt\u0151bb \u00fajra\u00e9rtelmez\u00e9s\u00e9t jelenten\u00e9, egy\u00fattal pedig v\u00e9lhet\u0151en tov\u00e1bb fokozn\u00e1 a fesz\u00fclts\u00e9get Toki\u00f3 \u00e9s Peking k\u00f6z\u00f6tt.<br \/>\nA jelent\u00e9s el\u0151ir\u00e1nyozza a Jap\u00e1n \u00d6nv\u00e9delmi Er\u0151 (fegyveres er\u0151k) haditenger\u00e9szeti k\u00e9pess\u00e9geinek meger\u0151s\u00edt\u00e9s\u00e9t, az orsz\u00e1g n\u00e9gy f\u0151 sziget\u00e9t\u0151l t\u00e1vol es\u0151 ter\u00fcletek &#8211; k\u00f6zt\u00fck a K\u00edna \u00e1ltal vitatott hovatartoz\u00e1s\u00fa kelet-k\u00ednai-tengeri f\u00f6lddarabok &#8211; ellen\u0151rz\u00e9s\u00e9nek er\u0151s\u00edt\u00e9s\u00e9t, valamint a fegyverexport-embarg\u00f3 fel\u00fclvizsg\u00e1lat\u00e1t is.<br \/>\nA jelent\u00e9s az Abe Sindz\u00f3 korm\u00e1nyf\u0151 \u00e1ltal kezdem\u00e9nyezett v\u00e9delmi politikai fel\u00fclvizsg\u00e1lat r\u00e9sze. A fel\u00fclvizsg\u00e1lat a tervek szerint az \u00e9v v\u00e9g\u00e9re fejez\u0151dik be, akkorra v\u00e1rhat\u00f3 d\u00f6nt\u00e9s a mostani dokumentumban foglalt javaslatokr\u00f3l is.<br \/>\nA nacionalist\u00e1nak tartott Abe egyik f\u0151 politikai c\u00e9lja a jap\u00e1n &#8222;b\u00e9kealkotm\u00e1ny&#8221; m\u00f3dos\u00edt\u00e1sa, valamint az alapt\u00f6rv\u00e9ny \u00e1ltal s\u00falyosan korl\u00e1tozott felhatalmaz\u00e1ssal \u00e9s k\u00e9pess\u00e9gekkel rendelkez\u0151 \u00f6nv\u00e9delmi er\u0151 &#8222;rendes&#8221; hadseregg\u00e9 val\u00f3 fejleszt\u00e9se.<br \/>\nA jelent\u00e9s szerint a Jap\u00e1nra leselked\u0151 vesz\u00e9lyek f\u00e9ny\u00e9ben elker\u00fclhetetlen az orsz\u00e1g elrettent\u0151 k\u00e9pess\u00e9g\u00e9nek er\u0151s\u00edt\u00e9se, ugyanakkor biztons\u00e1gpolitikai szak\u00e9rt\u0151k \u00e9s v\u00e9delmi hivatalnokok azt hangs\u00falyozz\u00e1k, hogy Toki\u00f3 l\u00e9p\u00e9sei alapvet\u0151en v\u00e9delmi, nem pedig t\u00e1mad\u00f3 jelleg\u0171ek.<br \/>\n&#8222;Nem v\u00e1ltozik a v\u00e9delmi politik\u00e1nk kiz\u00e1r\u00f3lag defenz\u00edv jellege. A k\u00fclf\u00f6ldi c\u00e9lpontokra val\u00f3 csap\u00e1sm\u00e9r\u00e9s k\u00e9pess\u00e9ge az azzal kapcsolatos diskurzus r\u00e9sze, hogy hogyan reag\u00e1ljunk, ha egyszerre t\u00f6bb t\u00e1mad\u00e1s \u00e9ri az orsz\u00e1got&#8221; &#8211; k\u00f6z\u00f6lte Onodera Incunori v\u00e9delmi miniszter.<br \/>\nHab\u00e1r v\u00e9delmi hivatalnokok szerint egyel\u0151re csup\u00e1n arr\u00f3l van sz\u00f3, hogy Jap\u00e1n visszav\u00e1gna, ha megt\u00e1madj\u00e1k, az ehhez sz\u00fcks\u00e9ges k\u00e9pess\u00e9gek megszerz\u00e9se alapjaiban rengetn\u00e9 meg az alkotm\u00e1ny kilencedik cikk\u00e9nek \u00e9rtelmez\u00e9s\u00e9t. A cikk azt mondja ki, hogy Jap\u00e1n \u00f6r\u00f6kre lemond a h\u00e1bor\u00far\u00f3l, \u00e9s nem tart fent hadsereget. Az Abe \u00e1ltal vezetett Liber\u00e1lis Demokrata P\u00e1rt tavaly kiadott alkotm\u00e1nytervezet\u00e9ben ez ut\u00f3bbi kit\u00e9telt egy\u00e9bk\u00e9nt elt\u00f6r\u00f6ln\u00e9.<br \/>\nHab\u00e1r az alkotm\u00e1ny sz\u00f6vege ellen\u00e9re a jap\u00e1n hadsereg \u00c1zsia technol\u00f3giailag legfejlettebb hadereje, a kilencedik cikk jelenleg \u00e9rv\u00e9nyes, kiterjeszt\u0151 \u00e9rtelmez\u00e9se szerint az csak sz\u0171ken vett v\u00e9delmi feladatokat l\u00e1that el, t\u00e1mad\u00f3 k\u00e9pess\u00e9gekkel nem rendelkezhet, \u00e9s nem vehet r\u00e9szt hadm\u0171veletekben az orsz\u00e1g ter\u00fclet\u00e9n k\u00edv\u00fcl.<br \/>\nEgyes jap\u00e1n elemz\u0151k szerint a megtorl\u00f3 \u00e9s megel\u0151z\u0151 csap\u00e1sok defenz\u00edv jelleg\u0171 m\u0171veleteknek sz\u00e1m\u00edtanak, ez\u00e9rt nem \u00fctk\u00f6zn\u00e9nek az alkotm\u00e1nyba. Ugyanakkor e k\u00e9pess\u00e9gek megszerz\u00e9se sz\u00fcks\u00e9ges lenne ahhoz, hogy Jap\u00e1n komolyan vehet\u0151 elrettent\u0151 er\u0151t k\u00e9pviseljen a rohamtemp\u00f3ban fegyverkez\u0151 K\u00edn\u00e1val \u00e9s \u00c9szak-Kore\u00e1val szemben.<br \/>\nA jelent\u00e9s kiad\u00e1s\u00e1ra egy nappal azut\u00e1n ker\u00fclt sor, hogy Abe nyugtalan\u00edt\u00f3nak nevezte, hogy k\u00ednai harci g\u00e9pek repkednek Jap\u00e1n k\u00f6r\u00fcl, s Peking egyre komolyabb er\u0151ket vonultat fel a k\u00e9t orsz\u00e1got elhat\u00e1rol\u00f3 Kelet-k\u00ednai-tengeren.<br \/>\nUgyanakkor a Jap\u00e1nnal egyre fesz\u00fcltebb viszonyt \u00e1pol\u00f3, D\u00e9lkelet-\u00c1zsi\u00e1ban is egyre agressz\u00edvabban fell\u00e9p\u0151 K\u00edna v\u00e9lhet\u0151en nem fogja sz\u00f3 n\u00e9lk\u00fcl hagyni a szerinte militarista m\u00faltj\u00e1val szemben\u00e9zni k\u00e9ptelen Toki\u00f3 l\u00e9p\u00e9seit.(MTI)<\/p>\n","protected":false},"excerpt":{"rendered":"<p>Jap\u00e1nnak fontol\u00f3ra kell vennie az ellens\u00e9ges k\u00fclf\u00f6ldi t\u00e1maszpontok megt\u00e1mad\u00e1s\u00e1hoz sz\u00fcks\u00e9ges katonai k\u00e9pess\u00e9gek fejleszt\u00e9s\u00e9t, \u00e9s akt\u00edvabb v\u00e9delmi politik\u00e1t kell folytatnia K\u00edna t\u00falzott magabiztoss\u00e1ga \u00e9s az \u00e9szak-koreai fenyeget\u00e9s miatt egy p\u00e9nteken k\u00f6zz\u00e9tett korm\u00e1nyzati jelent\u00e9s szerint.<\/p>\n","protected":false},"author":1,"featured_media":0,"comment_status":"open","ping_status":"closed","sticky":false,"template":"","format":"standard","meta":[],"categories":[14],"tags":[],"_links":{"self":[{"href":"https:\/\/gazdasagportal.hu\/index.php\/wp-json\/wp\/v2\/posts\/12498"}],"collection":[{"href":"https:\/\/gazdasagportal.hu\/index.php\/wp-json\/wp\/v2\/posts"}],"about":[{"href":"https:\/\/gazdasagportal.hu\/index.php\/wp-json\/wp\/v2\/types\/post"}],"author":[{"embeddable":true,"href":"https:\/\/gazdasagportal.hu\/index.php\/wp-json\/wp\/v2\/users\/1"}],"replies":[{"embeddable":true,"href":"https:\/\/gazdasagportal.hu\/index.php\/wp-json\/wp\/v2\/comments?post=12498"}],"version-history":[{"count":2,"href":"https:\/\/gazdasagportal.hu\/index.php\/wp-json\/wp\/v2\/posts\/12498\/revisions"}],"predecessor-version":[{"id":12500,"href":"https:\/\/gazdasagportal.hu\/index.php\/wp-json\/wp\/v2\/posts\/12498\/revisions\/12500"}],"wp:attachment":[{"href":"https:\/\/gazdasagportal.hu\/index.php\/wp-json\/wp\/v2\/media?parent=12498"}],"wp:term":[{"taxonomy":"category","embeddable":true,"href":"https:\/\/gazdasagportal.hu\/index.php\/wp-json\/wp\/v2\/categories?post=12498"},{"taxonomy":"post_tag","embeddable":true,"href":"https:\/\/gazdasagportal.hu\/index.php\/wp-json\/wp\/v2\/tags?post=12498"}],"curies":[{"name":"wp","href":"https:\/\/api.w.org\/{rel}","templated":true}]}}