{"id":124966,"date":"2020-03-21T21:35:50","date_gmt":"2020-03-21T20:35:50","guid":{"rendered":"http:\/\/gazdasagportal.hu\/?p=124966"},"modified":"2020-03-21T21:35:50","modified_gmt":"2020-03-21T20:35:50","slug":"koronavirus-elindult-a-maradj-otthon-kampany","status":"publish","type":"post","link":"https:\/\/gazdasagportal.hu\/index.php\/koronavirus-elindult-a-maradj-otthon-kampany\/","title":{"rendered":"Koronav\u00edrus &#8211; Elindult a Maradj otthon! kamp\u00e1ny"},"content":{"rendered":"<p><strong>Magyar fesztiv\u00e1lok, sz\u00e1mos klub \u00e9s koncerthelysz\u00edn k\u00f6z\u00f6sen arra buzd\u00edtj\u00e1k a zen\u00e9szeket, popszt\u00e1rokat, el\u0151ad\u00f3kat, hogy a k\u00f6vetkez\u0151 hetekben-h\u00f3napokban akt\u00edvan vegyenek r\u00e9szt a Maradj otthon! kamp\u00e1nyban &#8211; k\u00f6z\u00f6lt\u00e9k a kezdem\u00e9nyez\u0151k szombaton az MTI-vel.<\/strong><!--more--><\/p>\n<div class=\"ads-in-post1\"><div id=\"gazdasagportal.hu_fullbanner_wideboard\"><\/div>\r\n<\/div>\n<p>    Mint \u00edrt\u00e1k, a fesztiv\u00e1l egy virtu\u00e1lis esem\u00e9ny, amely kiz\u00e1r\u00f3lag a Facebookon l\u00e9tezik; a szervez\u0151k sz\u00e1zn\u00e1l is t\u00f6bb hazai zenekart, el\u0151ad\u00f3t k\u00e9rtek fel, hogy a k\u00f6z\u00f6s c\u00e9l \u00e9rdek\u00e9ben a saj\u00e1t fel\u00fcleteiken rendszeresen nyilv\u00e1nuljanak meg posztokkal, filmekkel, amelyekben megmutatj\u00e1k, mivel t\u00f6ltik napjaikat odahaza.<br \/>\n    Lobenwein Norbert, az akci\u00f3 elind\u00edt\u00f3ja &#8211; a k\u00f6zlem\u00e9nyben &#8211; \u00fagy fogalmazott, &#8222;k\u00f6teless\u00e9g\u00fcnknek \u00e9rezz\u00fck, hogy a klubok, fesztiv\u00e1lok milli\u00f3s l\u00e9tsz\u00e1m\u00fa k\u00f6z\u00f6ns\u00e9g\u00e9t &#8211; fiatalokat \u00e9s id\u0151sebbeket &#8211; r\u00e1\u00e9bressz\u00fck arra, hogy ezekben a neh\u00e9z hetekben-h\u00f3napokban be kell tartaniuk a szab\u00e1lyokat \u00e9s otthon kell maradniuk&#8221;.<br \/>\n    Az akci\u00f3 szombaton R\u00fazsa Magdi, erre az alkalomra r\u00f6gz\u00edtett feldolgoz\u00e1s\u00e1val, a Most \u00e9lsz! c\u00edm\u0171 M\u00e1t\u00e9 P\u00e9ter dallal indult.<br \/>\n<div class=\"ads-in-post2\"><script async src=\"https:\/\/pagead2.googlesyndication.com\/pagead\/js\/adsbygoogle.js\"><\/script>\r\n<ins class=\"adsbygoogle\"\r\n     style=\"display:block\"\r\n     data-ad-format=\"fluid\"\r\n     data-ad-layout-key=\"-6t+ed+2i-1n-4w\"\r\n     data-ad-client=\"ca-pub-1959107119989764\"\r\n     data-ad-slot=\"4008251320\"><\/ins>\r\n<script>\r\n     (adsbygoogle = window.adsbygoogle || []).push({});\r\n<\/script><\/div>\n    \u00c1kos &#8211; szombat esti &#8211; els\u0151 karant\u00e9nkoncertj\u00e9t k\u00f6vet\u0151en vas\u00e1rnap este 8-kor J\u00e1rai M\u00e1rk \u00e9l\u0151 koncerttel jelentkezik az otthon\u00e1b\u00f3l, amit a Maradj otthon! Fesztiv\u00e1l oldal\u00e1n k\u00f6vethetnek a rajong\u00f3k &#8211; \u00edrt\u00e1k.<br \/>\n    A k\u00f6zlem\u00e9ny szerint a fesztiv\u00e1lok k\u00f6z\u00fcl m\u00e1sok mellett a Sziget, az EFOTT, a Campus, a M\u0171v\u00e9szetek V\u00f6lgye, a Paloznaki Jazz Piknik, a Veszp\u00e9mFest, a VOLT, a STRAND, az Etyeki Piknik, a Balaton Sound, a SZIN, a Kolor\u00e1d\u00f3, a B\u00e1nkit\u00f3, a MOL Nagyon Balaton, klubok \u00e9s koncerthelysz\u00ednek k\u00f6z\u00fcl a Budapest Park, a Barba Negra, a Papp L\u00e1szl\u00f3 Budapest Ar\u00e9na, az A38 haj\u00f3, az Akv\u00e1rium Klub, a D\u00fcrer, \u00f6sszesen 50-n\u00e9l is t\u00f6bb szervezet ind\u00edtotta el a Maradj otthon! Fesztiv\u00e1lt.(MTI)<\/p>\n","protected":false},"excerpt":{"rendered":"<p>Magyar fesztiv\u00e1lok, sz\u00e1mos klub \u00e9s koncerthelysz\u00edn k\u00f6z\u00f6sen arra buzd\u00edtj\u00e1k a zen\u00e9szeket, popszt\u00e1rokat, el\u0151ad\u00f3kat, hogy a k\u00f6vetkez\u0151 hetekben-h\u00f3napokban akt\u00edvan vegyenek r\u00e9szt a Maradj otthon! kamp\u00e1nyban &#8211; k\u00f6z\u00f6lt\u00e9k a kezdem\u00e9nyez\u0151k szombaton az MTI-vel.<\/p>\n","protected":false},"author":1001003,"featured_media":124965,"comment_status":"closed","ping_status":"open","sticky":false,"template":"","format":"standard","meta":[],"categories":[146,4,427],"tags":[428],"_links":{"self":[{"href":"https:\/\/gazdasagportal.hu\/index.php\/wp-json\/wp\/v2\/posts\/124966"}],"collection":[{"href":"https:\/\/gazdasagportal.hu\/index.php\/wp-json\/wp\/v2\/posts"}],"about":[{"href":"https:\/\/gazdasagportal.hu\/index.php\/wp-json\/wp\/v2\/types\/post"}],"author":[{"embeddable":true,"href":"https:\/\/gazdasagportal.hu\/index.php\/wp-json\/wp\/v2\/users\/1001003"}],"replies":[{"embeddable":true,"href":"https:\/\/gazdasagportal.hu\/index.php\/wp-json\/wp\/v2\/comments?post=124966"}],"version-history":[{"count":1,"href":"https:\/\/gazdasagportal.hu\/index.php\/wp-json\/wp\/v2\/posts\/124966\/revisions"}],"predecessor-version":[{"id":124967,"href":"https:\/\/gazdasagportal.hu\/index.php\/wp-json\/wp\/v2\/posts\/124966\/revisions\/124967"}],"wp:featuredmedia":[{"embeddable":true,"href":"https:\/\/gazdasagportal.hu\/index.php\/wp-json\/wp\/v2\/media\/124965"}],"wp:attachment":[{"href":"https:\/\/gazdasagportal.hu\/index.php\/wp-json\/wp\/v2\/media?parent=124966"}],"wp:term":[{"taxonomy":"category","embeddable":true,"href":"https:\/\/gazdasagportal.hu\/index.php\/wp-json\/wp\/v2\/categories?post=124966"},{"taxonomy":"post_tag","embeddable":true,"href":"https:\/\/gazdasagportal.hu\/index.php\/wp-json\/wp\/v2\/tags?post=124966"}],"curies":[{"name":"wp","href":"https:\/\/api.w.org\/{rel}","templated":true}]}}