{"id":124877,"date":"2020-03-18T14:01:12","date_gmt":"2020-03-18T13:01:12","guid":{"rendered":"http:\/\/gazdasagportal.hu\/?p=124877"},"modified":"2020-03-18T14:01:12","modified_gmt":"2020-03-18T13:01:12","slug":"a-kecskemeti-mercedes-gyar-is-leall","status":"publish","type":"post","link":"https:\/\/gazdasagportal.hu\/index.php\/a-kecskemeti-mercedes-gyar-is-leall\/","title":{"rendered":"A kecskem\u00e9ti Mercedes gy\u00e1r is le\u00e1ll"},"content":{"rendered":"<p><strong>A kecskem\u00e9ti Mercedes-Benz gy\u00e1r legk\u00e9s\u0151bb h\u00e9tf\u0151t\u0151l, el\u0151re l\u00e1that\u00f3lag k\u00e9t h\u00e9tre felf\u00fcggeszti a munk\u00e1t a koronav\u00edrus-j\u00e1rv\u00e1ny miatt &#8211; k\u00f6z\u00f6lte a c\u00e9g az MTI-vel.<\/strong><!--more--><\/p>\n<div class=\"ads-in-post1\"><div id=\"gazdasagportal.hu_fullbanner_wideboard\"><\/div>\r\n<\/div>\n<p>    Eml\u00e9keztetnek, a Mercedes-Benz m\u00e1rka tulajdonosa, a Daimler kedden azt a d\u00f6nt\u00e9st hozta, hogy egyel\u0151re k\u00e9t h\u00e9tre felf\u00fcggeszti a gy\u00e1rt\u00e1st eur\u00f3pai telephelyeinek nagy r\u00e9sz\u00e9n, illetve a munk\u00e1t egyes adminisztrat\u00edv ter\u00fcleteken. Az ideiglenes le\u00e1ll\u00e1s a Daimler eur\u00f3pai aut\u00f3-, kisteheraut\u00f3- \u00e9s haszong\u00e9pj\u00e1rm\u0171-gy\u00e1raira vonatkozik.<br \/>\n    A Mercedes-Benz Manufacturing Hungary Kft. t\u00e1j\u00e9koztat\u00e1s\u00e1ban kit\u00e9r arra is, hogy azon munkav\u00e1llal\u00f3ik, akiknek munkak\u00f6re ezt lehet\u0151v\u00e9 teszi, h\u00e9tf\u0151 \u00f3ta m\u00e1r &#8222;home office&#8221;-ban dolgoznak. Akikn\u00e9l az otthoni munkav\u00e9gz\u00e9s nem megoldhat\u00f3, viszont a gyermek\u00fck fel\u00fcgyelete miatt otthon kell maradniuk, erre a h\u00e9tre szabads\u00e1got vehettek ig\u00e9nybe.     A termel\u00e9s felf\u00fcggeszt\u00e9s\u00e9nek idej\u00e9re a kollekt\u00edv szerz\u0151d\u00e9snek megfelel\u0151en bevezetett munkaid\u0151keretet alkalmazz\u00e1k, illetve ezen id\u0151szak egy r\u00e9sz\u00e9ben kollekt\u00edv szabads\u00e1got rendelnek el. \u00cdgy biztos\u00edtj\u00e1k ebben az id\u0151szakban is a kecskem\u00e9ti gy\u00e1r munkat\u00e1rsainak fizet\u00e9s\u00e9t &#8211; \u00edrj\u00e1k a k\u00f6zlem\u00e9nyben.<br \/>\n<div class=\"ads-in-post2\"><script async src=\"https:\/\/pagead2.googlesyndication.com\/pagead\/js\/adsbygoogle.js\"><\/script>\r\n<ins class=\"adsbygoogle\"\r\n     style=\"display:block\"\r\n     data-ad-format=\"fluid\"\r\n     data-ad-layout-key=\"-6t+ed+2i-1n-4w\"\r\n     data-ad-client=\"ca-pub-1959107119989764\"\r\n     data-ad-slot=\"4008251320\"><\/ins>\r\n<script>\r\n     (adsbygoogle = window.adsbygoogle || []).push({});\r\n<\/script><\/div>\n    A most meghozott int\u00e9zked\u00e9sek esetleges meghosszabb\u00edt\u00e1sa a j\u00e1rv\u00e1ny tov\u00e1bbi alakul\u00e1s\u00e1t\u00f3l f\u00fcgg. Mindenhol, ahol a m\u0171k\u00f6d\u00e9st tov\u00e1bbra is k\u00f6telez\u0151 fenntartani, a Daimler megteszi a megfelel\u0151 l\u00e9p\u00e9seket a munkat\u00e1rsak v\u00e9delme \u00e9rdek\u00e9ben &#8211; \u00edrj\u00e1k.     A Mercedes-Benz 2008. j\u00fanius 18-\u00e1n jelentette be Stuttgartban, hogy egy \u00faj gy\u00e1r \u00e9p\u00edt\u00e9s\u00e9t tervezi Kecskem\u00e9ten. A termel\u00e9s 2012. m\u00e1rcius 30-\u00e1n indult be a 800 milli\u00f3 eur\u00f3b\u00f3l \u00e9p\u00edtett aut\u00f3gy\u00e1rban.     A t\u00e1rsas\u00e1g 2018 j\u00fanius\u00e1ban megkezdte megl\u00e9v\u0151 gy\u00e1r\u00e1nak mintegy 320 milli\u00e1rd forintb\u00f3l megval\u00f3sul\u00f3 b\u0151v\u00edt\u00e9s\u00e9t is Kecskem\u00e9ten, majd a napokban bejelentett\u00e9k, hogy mintegy \u00f6tvenmilli\u00e1rd forint \u00f6sszeg\u0171 beruh\u00e1z\u00e1ssal \u00faj pr\u00e9s\u00fczemet is \u00e9p\u00edtenek.     A kecskem\u00e9ti Mercedes-Benz gy\u00e1r jelenleg t\u00f6bb mint 4400 munkat\u00e1rsat foglalkoztat. 2019-ben mintegy 190 ezer Mercedes-Benz kompakt aut\u00f3t \u00e1ll\u00edtottak el\u0151. A gy\u00e1rban a Mercedes-Benz A-oszt\u00e1lyt, valamint a n\u00e9gyajt\u00f3s CLA Coup\u00e9 \u00e9s a CLA Shooting Brake modelleket gy\u00e1rtj\u00e1k &#8211; e k\u00e9t ut\u00f3bbit az eg\u00e9sz vil\u00e1gon kiz\u00e1r\u00f3lag a magyarorsz\u00e1gi telephelyen.     A Mercedes-Benz Manufacturing Hungary Kft. nett\u00f3 \u00e1rbev\u00e9tele 2019-ben 3,7 milli\u00e1rd eur\u00f3 volt, ez 2,7 sz\u00e1zal\u00e9kos n\u00f6veked\u00e9st jelent 2018-hoz k\u00e9pest.(MTI)<\/p>\n","protected":false},"excerpt":{"rendered":"<p>A kecskem\u00e9ti Mercedes-Benz gy\u00e1r legk\u00e9s\u0151bb h\u00e9tf\u0151t\u0151l, el\u0151re l\u00e1that\u00f3lag k\u00e9t h\u00e9tre felf\u00fcggeszti a munk\u00e1t a koronav\u00edrus-j\u00e1rv\u00e1ny miatt &#8211; k\u00f6z\u00f6lte a c\u00e9g az MTI-vel.<\/p>\n","protected":false},"author":1,"featured_media":0,"comment_status":"closed","ping_status":"open","sticky":false,"template":"","format":"standard","meta":[],"categories":[19],"tags":[],"_links":{"self":[{"href":"https:\/\/gazdasagportal.hu\/index.php\/wp-json\/wp\/v2\/posts\/124877"}],"collection":[{"href":"https:\/\/gazdasagportal.hu\/index.php\/wp-json\/wp\/v2\/posts"}],"about":[{"href":"https:\/\/gazdasagportal.hu\/index.php\/wp-json\/wp\/v2\/types\/post"}],"author":[{"embeddable":true,"href":"https:\/\/gazdasagportal.hu\/index.php\/wp-json\/wp\/v2\/users\/1"}],"replies":[{"embeddable":true,"href":"https:\/\/gazdasagportal.hu\/index.php\/wp-json\/wp\/v2\/comments?post=124877"}],"version-history":[{"count":1,"href":"https:\/\/gazdasagportal.hu\/index.php\/wp-json\/wp\/v2\/posts\/124877\/revisions"}],"predecessor-version":[{"id":124878,"href":"https:\/\/gazdasagportal.hu\/index.php\/wp-json\/wp\/v2\/posts\/124877\/revisions\/124878"}],"wp:attachment":[{"href":"https:\/\/gazdasagportal.hu\/index.php\/wp-json\/wp\/v2\/media?parent=124877"}],"wp:term":[{"taxonomy":"category","embeddable":true,"href":"https:\/\/gazdasagportal.hu\/index.php\/wp-json\/wp\/v2\/categories?post=124877"},{"taxonomy":"post_tag","embeddable":true,"href":"https:\/\/gazdasagportal.hu\/index.php\/wp-json\/wp\/v2\/tags?post=124877"}],"curies":[{"name":"wp","href":"https:\/\/api.w.org\/{rel}","templated":true}]}}