{"id":124875,"date":"2020-03-18T13:22:45","date_gmt":"2020-03-18T12:22:45","guid":{"rendered":"http:\/\/gazdasagportal.hu\/?p=124875"},"modified":"2020-03-18T13:22:45","modified_gmt":"2020-03-18T12:22:45","slug":"koronavirus-az-adohivatal-meltanyosan-biralja-el-a-vallalkozok-fizetes-konnyitesi-kerelmeit","status":"publish","type":"post","link":"https:\/\/gazdasagportal.hu\/index.php\/koronavirus-az-adohivatal-meltanyosan-biralja-el-a-vallalkozok-fizetes-konnyitesi-kerelmeit\/","title":{"rendered":"Koronav\u00edrus &#8211; Az ad\u00f3hivatal m\u00e9lt\u00e1nyosan b\u00edr\u00e1lja el a v\u00e1llalkoz\u00f3k fizet\u00e9s-k\u00f6nny\u00edt\u00e9si k\u00e9relmeit"},"content":{"rendered":"<p><strong>T\u00f6bb mint k\u00e9tsz\u00e1zezer v\u00e1llalkoz\u00e1st \u00e9rint a m\u00e1rcius 20-ai ad\u00f3fizet\u00e9si hat\u00e1rid\u0151. Ha a k\u00f6zterhek megfizet\u00e9se a gazd\u00e1lkod\u00f3knak neh\u00e9zs\u00e9get okoz, k\u00e9rhetik az ad\u00f3el\u0151leg \u00f6sszeg\u00e9nek m\u00e9rs\u00e9kl\u00e9s\u00e9t, illetve a fizet\u00e9si halaszt\u00e1s mellett a r\u00e9szletfizet\u00e9st is &#8211; t\u00e1j\u00e9koztatta az MTI-t Izer Norbert.<\/strong><!--more--><\/p>\n<div class=\"ads-in-post1\"><div id=\"gazdasagportal.hu_fullbanner_wideboard\"><\/div>\r\n<\/div>\n<p>    A koronav\u00edrus elleni k\u00fczdelemben az \u00e9letv\u00e9delem mellett fontos az is, hogy az emberek j\u00f6v\u0151je is biztons\u00e1gban legyen &#8211; tette hozz\u00e1.<br \/>\n    A magyar korm\u00e1ny mindent megtesz annak \u00e9rdek\u00e9ben, hogy enyh\u00edtse a vil\u00e1gj\u00e1rv\u00e1ny k\u00f6vetkezt\u00e9ben a gazdas\u00e1got \u00e9rint\u0151 k\u00e1rokat &#8211; mondta Izer Norbert kiemelve, a v\u00e1llalkoz\u00e1sok ad\u00f3fizet\u00e9seire m\u00e1r most k\u00fcl\u00f6nf\u00e9le kedvezm\u00e9ny k\u00e9rhet\u0151.<br \/>\n    A kedvezm\u00e9nyek azon t\u00fal, hogy megoldhatj\u00e1k a c\u00e9gek \u00e1tmeneti fizet\u00e9si neh\u00e9zs\u00e9geit, el\u0151seg\u00edthetik a munkahelyek megtart\u00e1s\u00e1t is. A Nemzeti Ad\u00f3- \u00e9s V\u00e1mhivatal figyelembe veszi a koronav\u00edrus gazdas\u00e1gi hat\u00e1sait, \u00e9s a v\u00e1llalkoz\u00f3k fizet\u00e9si k\u00f6nny\u00edt\u00e9si k\u00e9relmeit m\u00e9lt\u00e1nyosan b\u00edr\u00e1lja el &#8211; sz\u00f6gezte le Izer Norbert.<br \/>\n    Az \u00e1llamtitk\u00e1r a kedvezm\u00e9nyek k\u00f6z\u00f6tt eml\u00edtette az ad\u00f3el\u0151leg-m\u00e9rs\u00e9kl\u00e9s\u00e9t, illetve az ad\u00f3fizet\u00e9si halaszt\u00e1st vagy a r\u00e9szletekben t\u00f6rt\u00e9n\u0151 teljes\u00edt\u00e9s\u00e9t.<br \/>\n<div class=\"ads-in-post2\"><script async src=\"https:\/\/pagead2.googlesyndication.com\/pagead\/js\/adsbygoogle.js\"><\/script>\r\n<ins class=\"adsbygoogle\"\r\n     style=\"display:block\"\r\n     data-ad-format=\"fluid\"\r\n     data-ad-layout-key=\"-6t+ed+2i-1n-4w\"\r\n     data-ad-client=\"ca-pub-1959107119989764\"\r\n     data-ad-slot=\"4008251320\"><\/ins>\r\n<script>\r\n     (adsbygoogle = window.adsbygoogle || []).push({});\r\n<\/script><\/div>\n    Mint mondta: a negyed\u00e9vente fizetend\u0151 t\u00e1rsas\u00e1giad\u00f3-el\u0151leg jelenleg 238 ezer v\u00e1llalkoz\u00e1st \u00e9rint. Az el\u0151leg \u00f6sszeg\u00e9t a kor\u00e1bbi \u00fczleti \u00e9v teljes\u00edtm\u00e9nye alapj\u00e1n hat\u00e1rozz\u00e1k meg. A c\u00e9gvezet\u0151nek mindenk\u00e9pp \u00e9rdemes m\u00e9rs\u00e9kl\u00e9st k\u00e9rni, ha a koronav\u00edrus-j\u00e1rv\u00e1ny annyira cs\u00f6kkentette a bev\u00e9telt, hogy a t\u00e1rsas\u00e1gi ad\u00f3 nem \u00e9ri el az ad\u00f3\u00e9vben fizetend\u0151 ad\u00f3el\u0151leg \u00f6sszeg\u00e9t. Az egyszer\u0171en int\u00e9zhet\u0151 elj\u00e1r\u00e1shoz elegend\u0151 &#8211; az ad\u00f3hivatal honlapj\u00e1n \u00e9rhet\u0151 &#8211; \u00fagynevezett elolegmod elnevez\u00e9s\u0171 nyomtatv\u00e1nyt kit\u00f6lteni \u00e9s elektronikusan bek\u00fcldeni a hat\u00f3s\u00e1gnak &#8211; jegyezte meg Izer Norbert. Egy\u00fattal felh\u00edvta a figyelmet arra, hogy a hat\u00e1rid\u0151kre \u00e9rdemes figyelni: a havi el\u0151legfizet\u00e9sre k\u00f6telezettek m\u00e1rcius 20-ig, a negyed\u00e9ves el\u0151legfizet\u0151k \u00e1prilis 20-ig k\u00e9rhetik az ad\u00f3el\u0151leg m\u00e9rs\u00e9kl\u00e9s\u00e9t.<br \/>\n    A t\u00e1rsas\u00e1giad\u00f3-el\u0151leg mellett a kisv\u00e1llalati ad\u00f3-, az innov\u00e1ci\u00f3s j\u00e1rul\u00e9k-, illetve az energiaell\u00e1t\u00f3k j\u00f6vedelemad\u00f3-el\u0151leg\u00e9nek az \u00f6sszege is cs\u00f6kkenthet\u0151 &#8211; mondta.<br \/>\n    A kedvezm\u00e9nyek felsorol\u00e1s\u00e1t azzal folytatta: nemcsak az ad\u00f3el\u0151leg-fizet\u00e9sre k\u00e9rhet\u0151 k\u00f6nny\u00edt\u00e9s, hiszen a vil\u00e1gj\u00e1rv\u00e1ny hat\u00e1ssal lehet az ad\u00f3k hat\u00e1rid\u0151ben t\u00f6rt\u00e9n\u0151 megfizet\u00e9s\u00e9re is.<br \/>\n    A koronav\u00edrus bev\u00e9telcs\u00f6kkent\u0151 hat\u00e1sa miatt az ad\u00f3fizet\u00e9sre halaszt\u00e1s, illetve r\u00e9szletfizet\u00e9s is k\u00e9rhet\u0151. A v\u00e1llalkoz\u00e1sok p\u00e9ld\u00e1ul havonta fizetik a munkav\u00e1llal\u00f3ik ut\u00e1n a szoci\u00e1lis hozz\u00e1j\u00e1rul\u00e1si ad\u00f3t, az \u00e1ltal\u00e1nos forgalmi ad\u00f3t 210 ezer gazd\u00e1lkod\u00f3 havonta, 170 ezer pedig negyed\u00e9vente utalja, \u00e9s ezekre mind k\u00e9rhet\u0151 fizet\u00e9si k\u00f6nny\u00edt\u00e9s az ad\u00f3hivatalt\u00f3l, \u00e9pp \u00fagy mint a speci\u00e1lis ad\u00f3fajt\u00e1kra &#8211; h\u00fazta al\u00e1 Izer Norbert.<br \/>\n    Fizet\u00e9si neh\u00e9zs\u00e9g\u00fck eset\u00e9n teh\u00e1t a kisv\u00e1llalati ad\u00f3 (kiva), illetve a kisad\u00f3z\u00f3 v\u00e1llalkoz\u00e1sok t\u00e9teles ad\u00f3ja (kata) szerint ad\u00f3z\u00f3k is k\u00e9relemmel fordulhatnak a hat\u00f3s\u00e1ghoz, amelyet a NAV m\u00e9lt\u00e1nyosan b\u00edr\u00e1l el &#8211; jegyezte meg az \u00e1llamtitk\u00e1r.(MTI)<\/p>\n","protected":false},"excerpt":{"rendered":"<p>T\u00f6bb mint k\u00e9tsz\u00e1zezer v\u00e1llalkoz\u00e1st \u00e9rint a m\u00e1rcius 20-ai ad\u00f3fizet\u00e9si hat\u00e1rid\u0151. Ha a k\u00f6zterhek megfizet\u00e9se a gazd\u00e1lkod\u00f3knak neh\u00e9zs\u00e9get okoz, k\u00e9rhetik az ad\u00f3el\u0151leg \u00f6sszeg\u00e9nek m\u00e9rs\u00e9kl\u00e9s\u00e9t, illetve a fizet\u00e9si halaszt\u00e1s mellett a r\u00e9szletfizet\u00e9st is &#8211; t\u00e1j\u00e9koztatta az MTI-t Izer Norbert.<\/p>\n","protected":false},"author":1,"featured_media":0,"comment_status":"closed","ping_status":"open","sticky":false,"template":"","format":"standard","meta":[],"categories":[20,19],"tags":[],"_links":{"self":[{"href":"https:\/\/gazdasagportal.hu\/index.php\/wp-json\/wp\/v2\/posts\/124875"}],"collection":[{"href":"https:\/\/gazdasagportal.hu\/index.php\/wp-json\/wp\/v2\/posts"}],"about":[{"href":"https:\/\/gazdasagportal.hu\/index.php\/wp-json\/wp\/v2\/types\/post"}],"author":[{"embeddable":true,"href":"https:\/\/gazdasagportal.hu\/index.php\/wp-json\/wp\/v2\/users\/1"}],"replies":[{"embeddable":true,"href":"https:\/\/gazdasagportal.hu\/index.php\/wp-json\/wp\/v2\/comments?post=124875"}],"version-history":[{"count":1,"href":"https:\/\/gazdasagportal.hu\/index.php\/wp-json\/wp\/v2\/posts\/124875\/revisions"}],"predecessor-version":[{"id":124876,"href":"https:\/\/gazdasagportal.hu\/index.php\/wp-json\/wp\/v2\/posts\/124875\/revisions\/124876"}],"wp:attachment":[{"href":"https:\/\/gazdasagportal.hu\/index.php\/wp-json\/wp\/v2\/media?parent=124875"}],"wp:term":[{"taxonomy":"category","embeddable":true,"href":"https:\/\/gazdasagportal.hu\/index.php\/wp-json\/wp\/v2\/categories?post=124875"},{"taxonomy":"post_tag","embeddable":true,"href":"https:\/\/gazdasagportal.hu\/index.php\/wp-json\/wp\/v2\/tags?post=124875"}],"curies":[{"name":"wp","href":"https:\/\/api.w.org\/{rel}","templated":true}]}}