{"id":124850,"date":"2020-03-17T13:49:17","date_gmt":"2020-03-17T12:49:17","guid":{"rendered":"http:\/\/gazdasagportal.hu\/?p=124850"},"modified":"2020-03-17T13:49:17","modified_gmt":"2020-03-17T12:49:17","slug":"koronavirus-megugrott-a-fertozottek-szama-spanyolorszagban-szalloda-karantenban-madeiran-fertozes-a-who-nal","status":"publish","type":"post","link":"https:\/\/gazdasagportal.hu\/index.php\/koronavirus-megugrott-a-fertozottek-szama-spanyolorszagban-szalloda-karantenban-madeiran-fertozes-a-who-nal\/","title":{"rendered":"Koronav\u00edrus &#8211; Megugrott a fert\u0151z\u00f6ttek sz\u00e1ma Spanyolorsz\u00e1gban, sz\u00e1lloda karant\u00e9nban Madeir\u00e1n, fert\u0151z\u00e9s a WHO-n\u00e1l"},"content":{"rendered":"<p><strong>Spanyolorsz\u00e1gban meghaladta a tizenegyezret a koronav\u00edrus-fert\u0151z\u00f6ttek sz\u00e1ma, egy nap alatt k\u00e9tezer \u00faj esetet regisztr\u00e1ltak, ami csaknem 18 sz\u00e1zal\u00e9kos n\u00f6veked\u00e9st jelent &#8211; k\u00f6z\u00f6lte Fernando Sim\u00f3n, a spanyol eg\u00e9szs\u00e9g\u00fcgyi riaszt\u00e1si \u00e9s v\u00e9szhelyzeti koordin\u00e1ci\u00f3s k\u00f6zpont igazgat\u00f3ja kedden Madridban. A Portug\u00e1li\u00e1hoz tartoz\u00f3 Madeir\u00e1n karant\u00e9nba helyezt\u00e9k egy sz\u00e1lloda vend\u00e9geit. Az Eg\u00e9szs\u00e9g\u00fcgyi Vil\u00e1gszervezet genfi sz\u00e9khely\u00e9n is felbukkant a fert\u0151z\u00e9s.<\/strong><!--more--><\/p>\n<div class=\"ads-in-post2\"><script async src=\"https:\/\/pagead2.googlesyndication.com\/pagead\/js\/adsbygoogle.js\"><\/script>\r\n<ins class=\"adsbygoogle\"\r\n     style=\"display:block\"\r\n     data-ad-format=\"fluid\"\r\n     data-ad-layout-key=\"-6t+ed+2i-1n-4w\"\r\n     data-ad-client=\"ca-pub-1959107119989764\"\r\n     data-ad-slot=\"4008251320\"><\/ins>\r\n<script>\r\n     (adsbygoogle = window.adsbygoogle || []).push({});\r\n<\/script><\/div>\n<p>    Fernando Sim\u00f3n t\u00e1j\u00e9koztat\u00e1sa szerint Spanyolorsz\u00e1gban mintegy \u00f6tezer embert \u00e1polnak k\u00f3rh\u00e1zban, 573-an intenz\u00edv oszt\u00e1lyon vannak. A betegs\u00e9g 455 k\u00f3rh\u00e1zi dolgoz\u00f3t \u00e9rint. A v\u00edrusfert\u0151z\u00e9sb\u0151l mintegy 1100-an gy\u00f3gyultak ki, 491-en viszont elhunytak.<br \/>\n    A legt\u00f6bb megbeteged\u00e9st, t\u00f6bb mint 4800 esetet a madridi tartom\u00e1nyb\u00f3l jelentett\u00e9k, amelyet Katal\u00f3nia \u00e9s Baszkf\u00f6ld k\u00f6vet 1400 \u00e9s 765 pozit\u00edv teszttel.<br \/>\n    Jos\u00e9 \u00c1ngel Jimenez, a spanyol rend\u0151rs\u00e9g operat\u00edv igazgat\u00f3ja szerint \u00e1ltal\u00e1noss\u00e1gban az \u00e1llampolg\u00e1rok egy\u00fcttm\u0171k\u00f6d\u0151ek a harmadik napja tart\u00f3 sz\u00fcks\u00e9g\u00e1llapot korl\u00e1toz\u00f3 int\u00e9zked\u00e9sek betart\u00e1s\u00e1ban, miszerint csak a munk\u00e1ba j\u00e1r\u00e1s \u00e9s az alapvet\u0151 sz\u00fcks\u00e9gleti cikkek beszerz\u00e9se miatt lehet utc\u00e1ra l\u00e9pni.<br \/>\n    A madridi hat\u00f3s\u00e1gok ezzel kapcsolatban n\u00e9gy \u0151rizetbe v\u00e9telr\u0151l \u00e9s 250 b\u00edrs\u00e1gol\u00e1sr\u00f3l sz\u00e1moltak be. Barcelon\u00e1ban 123 szab\u00e1lyszeg\u0151t b\u00fcntettek meg.<br \/>\n    H\u00e1rom spanyolorsz\u00e1gi gy\u00e1rban megtagadt\u00e1k a munkav\u00e9gz\u00e9st a dolgoz\u00f3k a fert\u0151z\u00e9s kock\u00e1zat\u00e1ra hivatkozva, mivel nem biztos\u00edtottak sz\u00e1mukra maszkot \u00e9s k\u00e9zfert\u0151tlen\u00edt\u0151t.<br \/>\n    A madridi sz\u00e1llodasz\u00f6vets\u00e9g \u00f6sszesen 60 ezer sz\u00e1llodai f\u00e9r\u0151helyet aj\u00e1nlott fel az auton\u00f3m korm\u00e1nynak, ahol karant\u00e9nk\u00f3rh\u00e1zat lehet berendezni a nem s\u00falyos \u00e1llapot\u00fa fert\u0151z\u00f6ttek sz\u00e1m\u00e1ra.<br \/>\n<div class=\"ads-in-post1\"><div id=\"gazdasagportal.hu_fullbanner_wideboard\"><\/div>\r\n<\/div>\n    A Portug\u00e1li\u00e1hoz tartoz\u00f3 Madeir\u00e1n karant\u00e9nba helyezt\u00e9k egy sz\u00e1lloda vend\u00e9geit, mert egy holland vend\u00e9gn\u00e9l diagnosztiz\u00e1lt\u00e1k a koronav\u00edrust &#8211; k\u00f6z\u00f6lte kedden a sziget \u00f6nkorm\u00e1nyzata. A holland vend\u00e9g m\u00falt cs\u00fct\u00f6rt\u00f6k\u00f6n sz\u00e1llt meg a Quinta do Sol sz\u00e1ll\u00f3ban, amely a sziget legnagyobb telep\u00fcl\u00e9s\u00e9n, Funchal v\u00e1rosban tal\u00e1lhat\u00f3. A helyi m\u00e9dia \u00fagy tudja, hogy a sz\u00e1ll\u00f3nak mintegy 120 vend\u00e9ge van. A Reuters h\u00edr\u00fcgyn\u00f6ks\u00e9g szerint a sz\u00e1lloda vezet\u00e9s\u00e9t egyel\u0151re nem lehetett el\u00e9rni \u00e9rdekl\u0151d\u00e9s c\u00e9lj\u00e1b\u00f3l.<br \/>\n    Az Eg\u00e9szs\u00e9g\u00fcgyi Vil\u00e1gszervezet (WHO) sz\u00f3viv\u0151je, Christian Lindmeier kedden Genfben k\u00f6z\u00f6lte, hogy a szervezet k\u00e9t munkat\u00e1rsa is megfert\u0151z\u0151d\u00f6tt az \u00faj koronav\u00edrussal. Mindketten j\u00f3l vannak, koll\u00e9g\u00e1ikat t\u00e1j\u00e9koztatt\u00e1k a helyzetr\u0151l &#8211; tette hozz\u00e1.<br \/>\n    N\u00e9h\u00e1ny kiv\u00e9telt\u0151l eltekintve a WHO genfi sz\u00e9khely\u00e9nek t\u00f6bb sz\u00e1z alkalmazottja otthonr\u00f3l dolgozik kedd \u00f3ta. A h\u00e9t eleje \u00f3ta a vil\u00e1gszervezetet vezet\u0151 Tedrosz Adhanom Gebrejeszusz is kiz\u00e1r\u00f3lag online tartja csaknem napi gyakoris\u00e1g\u00fa helyzetjelent\u00e9seit, \u00e9s \u00fajs\u00e1g\u00edr\u00f3kat sem engednek be a WHO ter\u00fclet\u00e9re.<br \/>\n    Az ENSZ eur\u00f3pai sz\u00e9khely\u00e9n is van egy fert\u0151z\u00f6tt. A titk\u00e1rs\u00e1g 1600 alkalmazottal m\u0171k\u00f6dik, t\u00f6bbs\u00e9g\u00fck otthonr\u00f3l l\u00e1tja el munk\u00e1j\u00e1t. Az \u00e9p\u00fcletben a h\u00e9t eleje \u00f3ta nem tartanak tal\u00e1lkoz\u00f3kat \u00e9s konferenci\u00e1kat.(MTI)<\/p>\n","protected":false},"excerpt":{"rendered":"<p>Spanyolorsz\u00e1gban meghaladta a tizenegyezret a koronav\u00edrus-fert\u0151z\u00f6ttek sz\u00e1ma, egy nap alatt k\u00e9tezer \u00faj esetet regisztr\u00e1ltak, ami csaknem 18 sz\u00e1zal\u00e9kos n\u00f6veked\u00e9st jelent &#8211; k\u00f6z\u00f6lte Fernando Sim\u00f3n, a spanyol eg\u00e9szs\u00e9g\u00fcgyi riaszt\u00e1si \u00e9s v\u00e9szhelyzeti koordin\u00e1ci\u00f3s k\u00f6zpont igazgat\u00f3ja kedden Madridban. A Portug\u00e1li\u00e1hoz tartoz\u00f3 Madeir\u00e1n karant\u00e9nba helyezt\u00e9k egy sz\u00e1lloda vend\u00e9geit. Az Eg\u00e9szs\u00e9g\u00fcgyi Vil\u00e1gszervezet genfi sz\u00e9khely\u00e9n is felbukkant a fert\u0151z\u00e9s.<\/p>\n","protected":false},"author":1,"featured_media":0,"comment_status":"closed","ping_status":"open","sticky":false,"template":"","format":"standard","meta":[],"categories":[12,427],"tags":[428],"_links":{"self":[{"href":"https:\/\/gazdasagportal.hu\/index.php\/wp-json\/wp\/v2\/posts\/124850"}],"collection":[{"href":"https:\/\/gazdasagportal.hu\/index.php\/wp-json\/wp\/v2\/posts"}],"about":[{"href":"https:\/\/gazdasagportal.hu\/index.php\/wp-json\/wp\/v2\/types\/post"}],"author":[{"embeddable":true,"href":"https:\/\/gazdasagportal.hu\/index.php\/wp-json\/wp\/v2\/users\/1"}],"replies":[{"embeddable":true,"href":"https:\/\/gazdasagportal.hu\/index.php\/wp-json\/wp\/v2\/comments?post=124850"}],"version-history":[{"count":1,"href":"https:\/\/gazdasagportal.hu\/index.php\/wp-json\/wp\/v2\/posts\/124850\/revisions"}],"predecessor-version":[{"id":124851,"href":"https:\/\/gazdasagportal.hu\/index.php\/wp-json\/wp\/v2\/posts\/124850\/revisions\/124851"}],"wp:attachment":[{"href":"https:\/\/gazdasagportal.hu\/index.php\/wp-json\/wp\/v2\/media?parent=124850"}],"wp:term":[{"taxonomy":"category","embeddable":true,"href":"https:\/\/gazdasagportal.hu\/index.php\/wp-json\/wp\/v2\/categories?post=124850"},{"taxonomy":"post_tag","embeddable":true,"href":"https:\/\/gazdasagportal.hu\/index.php\/wp-json\/wp\/v2\/tags?post=124850"}],"curies":[{"name":"wp","href":"https:\/\/api.w.org\/{rel}","templated":true}]}}