{"id":124822,"date":"2020-03-16T13:45:22","date_gmt":"2020-03-16T12:45:22","guid":{"rendered":"http:\/\/gazdasagportal.hu\/?p=124822"},"modified":"2020-03-16T13:45:22","modified_gmt":"2020-03-16T12:45:22","slug":"az-energiaellatas-biztonsaga-erdekeben-tovabbi-lepeseket-tesz-az-e-on","status":"publish","type":"post","link":"https:\/\/gazdasagportal.hu\/index.php\/az-energiaellatas-biztonsaga-erdekeben-tovabbi-lepeseket-tesz-az-e-on\/","title":{"rendered":"Az energiaell\u00e1t\u00e1s biztons\u00e1ga \u00e9rdek\u00e9ben tov\u00e1bbi l\u00e9p\u00e9seket tesz az E.ON"},"content":{"rendered":"<p><strong>Az \u00e1ram \u00e9s g\u00e1zszolg\u00e1ltat\u00e1s folyamatos \u00e9s zavartalan biztos\u00edt\u00e1sa \u00e9rdek\u00e9ben az E.ON tov\u00e1bbi biztons\u00e1gi \u00f3vint\u00e9zked\u00e9seket vezet be. Ezek c\u00e9lja az orsz\u00e1g m\u0171k\u00f6d\u00e9s\u00e9hez elengedhetetlen, strat\u00e9giai infrastrukt\u00fara m\u0171k\u00f6d\u00e9s\u00e9nek fenntart\u00e1sa, illetve a c\u00e9g \u00fcgyfeleinek, munkat\u00e1rsainak eg\u00e9szs\u00e9g\u00e9nek meg\u00f3v\u00e1sa. Egyes halaszhat\u00f3, a folyamatos szolg\u00e1ltat\u00e1shoz nem alapvet\u0151 tev\u00e9kenys\u00e9geit a v\u00e1llalat ideiglenesen le\u00e1ll\u00edtja. Amely ter\u00fcleteken lehets\u00e9ges, a c\u00e9g digit\u00e1lis platformjain, azaz online, telefonon vagy e-mailben v\u00e9gezhet\u0151 g\u00e1z- \u00e9s \u00e1ramh\u00e1l\u00f3zati \u00fcgyint\u00e9z\u00e9s, illetve postai \u00faton t\u00f6rt\u00e9nik a dokumentumok fogad\u00e1sa. A d\u00f6nt\u00e9s visszavon\u00e1sig \u00e9rv\u00e9nyes.<\/strong><!--more--><\/p>\n<div class=\"ads-in-post2\"><script async src=\"https:\/\/pagead2.googlesyndication.com\/pagead\/js\/adsbygoogle.js\"><\/script>\r\n<ins class=\"adsbygoogle\"\r\n     style=\"display:block\"\r\n     data-ad-format=\"fluid\"\r\n     data-ad-layout-key=\"-6t+ed+2i-1n-4w\"\r\n     data-ad-client=\"ca-pub-1959107119989764\"\r\n     data-ad-slot=\"4008251320\"><\/ins>\r\n<script>\r\n     (adsbygoogle = window.adsbygoogle || []).push({});\r\n<\/script><\/div>\n<p><strong>\u00a0<\/strong><\/p>\n<p>Az E.ON mindent elk\u00f6vet annak \u00e9rdek\u00e9ben, hogy hozz\u00e1j\u00e1ruljon a koronav\u00edrus terjed\u00e9s\u00e9nek megel\u0151z\u00e9s\u00e9re tett korm\u00e1nyzati l\u00e9p\u00e9sekhez \u00e9s felk\u00e9sz\u00fclj\u00f6n egy lehets\u00e9ges j\u00e1rv\u00e1nyhelyzetre. A t\u00e1rsas\u00e1g c\u00e9lja, hogy \u00fcgyfelei, munkat\u00e1rsai, partnerei \u00e9s hozz\u00e1tartoz\u00f3ik eg\u00e9szs\u00e9g\u00e9t meg\u00f3vja, ugyanakkor szolg\u00e1ltat\u00e1sainak biztons\u00e1g\u00e1t garant\u00e1lja ebben a kihirdetett vesz\u00e9lyhelyzet idej\u00e9n. Ez\u00e9rt az eddig megtett \u00f3vint\u00e9zked\u00e9sek mellett h\u00e9tf\u0151t\u0151l tov\u00e1bbi, a villamos- \u00e9s g\u00e1zh\u00e1l\u00f3zati hatt\u00e9rfolyamatokhoz kapcsol\u00f3d\u00f3 v\u00e1ltoz\u00e1sok l\u00e9pnek \u00e9letbe ideiglenesen.<\/p>\n<p>&nbsp;<\/p><div id=\"gazda-595025751\" class=\"gazda-tartalomban gazda-entity-placement\"><script async src=\"https:\/\/pagead2.googlesyndication.com\/pagead\/js\/adsbygoogle.js\"><\/script>\r\n<ins class=\"adsbygoogle\"\r\n     style=\"display:block\"\r\n     data-ad-format=\"fluid\"\r\n     data-ad-layout-key=\"-6t+ed+2i-1n-4w\"\r\n     data-ad-client=\"ca-pub-1959107119989764\"\r\n     data-ad-slot=\"4008251320\"><\/ins>\r\n<script>\r\n     (adsbygoogle = window.adsbygoogle || []).push({});\r\n<\/script><\/div>\n<p>Elektronikus vagy postai \u00faton int\u00e9zhet\u0151:<\/p>\n<ul>\n<li>\u00faj bekapcsol\u00e1si ig\u00e9nyek fogad\u00e1sa<\/li>\n<li>teljes\u00edtm\u00e9nyb\u0151v\u00edt\u00e9si ig\u00e9nyek fogad\u00e1sa<\/li>\n<li>kiviteli tervek \u00e9s dokument\u00e1ci\u00f3k egyeztet\u00e9se, tervfel\u00fclvizsg\u00e1lat<\/li>\n<\/ul>\n<p>&nbsp;<\/p>\n<div class=\"ads-in-post1\"><div id=\"gazdasagportal.hu_fullbanner_wideboard\"><\/div>\r\n<\/div>\n<strong>Tov\u00e1bbi int\u00e9zked\u00e9sk\u00e9nt az E.ON d\u00f6nt\u00f6tt a k\u00f6vetkez\u0151 tev\u00e9kenys\u00e9gek azonnali felf\u00fcggeszt\u00e9s\u00e9r\u0151l:<\/strong><\/p>\n<ul>\n<li>energiaellen\u0151rz\u00e9sek<\/li>\n<li>\u00fcgyf\u00e9lcser\u00e9t k\u00f6vet\u0151 ellen\u0151rz\u00e9sek<\/li>\n<li>g\u00e1zm\u00e9r\u0151- \u00e9s nyom\u00e1sszab\u00e1lyoz\u00f3 cser\u00e9k<\/li>\n<\/ul>\n<p>&nbsp;<\/p>\n<p>Fokozott biztons\u00e1gi \u00e9s higi\u00e9ni\u00e1s int\u00e9zked\u00e9sek mellett, de az el\u0151zetes \u00fctemterv szerint t\u00f6rt\u00e9nik:<\/p>\n<ul>\n<li>fogyaszt\u00f3i csatlakoz\u00f3vezet\u00e9kek \u00e9p\u00edt\u00e9se \u00e9s \u00faj bekapcsol\u00e1sok<\/li>\n<li>vezet\u00e9k\u00e9p\u00edt\u00e9sek \u00e9s ezek tervez\u00e9si munk\u00e1i<\/li>\n<li>\u00fczemvitelhez kapcsol\u00f3d\u00f3 feladatok, karbantart\u00e1sok<\/li>\n<li>m\u0171szaki \u00e1tad\u00e1s-\u00e1tv\u00e9tel<\/li>\n<li>szakfel\u00fcgyelet biztos\u00edt\u00e1sa<\/li>\n<li>alkatr\u00e9sz- \u00e9s eszk\u00f6zut\u00e1np\u00f3tl\u00e1st biztos\u00edt\u00f3 saj\u00e1t rakt\u00e1rak m\u0171k\u00f6dtet\u00e9se<\/li>\n<\/ul>\n<p>&nbsp;<\/p>\n<p>Partnereik tov\u00e1bbra is elv\u00e9gzik:<\/p>\n<ul>\n<li>az \u00e1ram m\u00e9r\u0151\u00f3r\u00e1k cser\u00e9j\u00e9t, valamint<\/li>\n<li>az id\u0151szakos \u00e1ram- \u00e9s g\u00e1z m\u00e9r\u0151\u00f3ra leolvas\u00e1sokat.<\/li>\n<\/ul>\n<p>&nbsp;<\/p>\n<p>Abban az esetben, ha a munkav\u00e9gz\u00e9s \u00f6nk\u00e9ntes vagy hivatalosan elrendelt karant\u00e9n ter\u00fclet\u00e9re val\u00f3 bel\u00e9p\u00e9ssel j\u00e1rna, a tev\u00e9kenys\u00e9get elhalasztj\u00e1k. Ilyen esetben az E.ON szakemberei kiz\u00e1r\u00f3lag \u00fczemzavar elh\u00e1r\u00edt\u00e1sa \u00e9rdek\u00e9ben, v\u00e9d\u0151felszerel\u00e9sben l\u00e9pnek be a karant\u00e9n ter\u00fclet\u00e9re.<\/p>\n<p>&nbsp;<\/p>\n<p>Az E.ON mindent meg k\u00edv\u00e1n tenni munkat\u00e1rsai eg\u00e9szs\u00e9g\u00e9nek meg\u00f3v\u00e1sa \u00e9rdek\u00e9ben, ez\u00e9rt ahol ez lehets\u00e9ges, otthoni munkav\u00e9gz\u00e9st rendelt el. Az energiaell\u00e1t\u00e1s zavartalan biztos\u00edt\u00e1s\u00e1hoz helysz\u00edni munkav\u00e9gz\u00e9sre is sz\u00fcks\u00e9g van, \u00edgy azon munkat\u00e1rsak eset\u00e9ben, akikn\u00e9l az otthoni munkav\u00e9gz\u00e9s nem megoldhat\u00f3 m\u00e1s \u00f3vint\u00e9zked\u00e9seket vezettek be. A t\u00f6megk\u00f6zleked\u00e9s kiv\u00e1lt\u00e1s\u00e1ra n\u00e9gy alternat\u00edv\u00e1t k\u00edn\u00e1l fel a v\u00e1llalat azoknak, akinek a szem\u00e9lyes jelenl\u00e9te felt\u00e9tlen\u00fcl sz\u00fcks\u00e9ges a szolg\u00e1ltat\u00e1s biztos\u00edt\u00e1s\u00e1hoz: k\u00f6zlekedhetnek c\u00e9ges aut\u00f3val, illetve saj\u00e1t aut\u00f3val k\u00f6lts\u00e9geik elsz\u00e1mol\u00e1sa mellett, k\u00f6rj\u00e1ratokat alak\u00edthatnak ki, emellett ak\u00e1r taxit is ig\u00e9nybe vehetnek.<\/p>\n<p>&nbsp;<\/p>\n<p>Az E.ON m\u00e1r kor\u00e1bban d\u00f6nt\u00f6tt arr\u00f3l, hogy szem\u00e9lyes \u00fcgyf\u00e9lszolg\u00e1lati irod\u00e1it tov\u00e1bbi int\u00e9zked\u00e9sig z\u00e1rva tartja, ezzel is t\u00e1mogatva a koronav\u00edrus terjed\u00e9s\u00e9nek megakad\u00e1lyoz\u00e1s\u00e1ra tett int\u00e9zked\u00e9seket. V\u00e1llalt\u00e1k, hogy egyetlen lakoss\u00e1gi \u00fcgyf\u00e9ln\u00e9l sem kapcsolj\u00e1k ki tart\u00f3s sz\u00e1mlatartoz\u00e1s miatt az \u00e1ramot. A t\u00e1rsas\u00e1g az \u00f6nk\u00e9nt v\u00e1llalt kikapcsol\u00e1si morat\u00f3riummal j\u00e1rul hozz\u00e1 ahhoz, hogy a vesz\u00e9lyhelyzet id\u0151szak\u00e1ban minden \u00fcgyfele sz\u00e1m\u00e1ra biztos\u00edtott legyen a villamosenergia-ell\u00e1t\u00e1s.<\/p>\n<p>&nbsp;<\/p>\n<p>&nbsp;<\/p>\n","protected":false},"excerpt":{"rendered":"<p>Az \u00e1ram \u00e9s g\u00e1zszolg\u00e1ltat\u00e1s folyamatos \u00e9s zavartalan biztos\u00edt\u00e1sa \u00e9rdek\u00e9ben az E.ON tov\u00e1bbi biztons\u00e1gi \u00f3vint\u00e9zked\u00e9seket vezet be. Ezek c\u00e9lja az orsz\u00e1g m\u0171k\u00f6d\u00e9s\u00e9hez elengedhetetlen, strat\u00e9giai infrastrukt\u00fara m\u0171k\u00f6d\u00e9s\u00e9nek fenntart\u00e1sa, illetve a c\u00e9g \u00fcgyfeleinek, munkat\u00e1rsainak eg\u00e9szs\u00e9g\u00e9nek meg\u00f3v\u00e1sa. Egyes halaszhat\u00f3, a folyamatos szolg\u00e1ltat\u00e1shoz nem alapvet\u0151 tev\u00e9kenys\u00e9geit a v\u00e1llalat ideiglenesen le\u00e1ll\u00edtja. Amely ter\u00fcleteken lehets\u00e9ges, a c\u00e9g digit\u00e1lis platformjain, azaz online, telefonon &#8230;<\/p>\n","protected":false},"author":1,"featured_media":0,"comment_status":"closed","ping_status":"open","sticky":false,"template":"","format":"standard","meta":[],"categories":[4,19],"tags":[],"_links":{"self":[{"href":"https:\/\/gazdasagportal.hu\/index.php\/wp-json\/wp\/v2\/posts\/124822"}],"collection":[{"href":"https:\/\/gazdasagportal.hu\/index.php\/wp-json\/wp\/v2\/posts"}],"about":[{"href":"https:\/\/gazdasagportal.hu\/index.php\/wp-json\/wp\/v2\/types\/post"}],"author":[{"embeddable":true,"href":"https:\/\/gazdasagportal.hu\/index.php\/wp-json\/wp\/v2\/users\/1"}],"replies":[{"embeddable":true,"href":"https:\/\/gazdasagportal.hu\/index.php\/wp-json\/wp\/v2\/comments?post=124822"}],"version-history":[{"count":1,"href":"https:\/\/gazdasagportal.hu\/index.php\/wp-json\/wp\/v2\/posts\/124822\/revisions"}],"predecessor-version":[{"id":124823,"href":"https:\/\/gazdasagportal.hu\/index.php\/wp-json\/wp\/v2\/posts\/124822\/revisions\/124823"}],"wp:attachment":[{"href":"https:\/\/gazdasagportal.hu\/index.php\/wp-json\/wp\/v2\/media?parent=124822"}],"wp:term":[{"taxonomy":"category","embeddable":true,"href":"https:\/\/gazdasagportal.hu\/index.php\/wp-json\/wp\/v2\/categories?post=124822"},{"taxonomy":"post_tag","embeddable":true,"href":"https:\/\/gazdasagportal.hu\/index.php\/wp-json\/wp\/v2\/tags?post=124822"}],"curies":[{"name":"wp","href":"https:\/\/api.w.org\/{rel}","templated":true}]}}