{"id":124778,"date":"2020-03-14T11:54:03","date_gmt":"2020-03-14T10:54:03","guid":{"rendered":"http:\/\/gazdasagportal.hu\/?p=124778"},"modified":"2020-03-14T11:54:03","modified_gmt":"2020-03-14T10:54:03","slug":"fruitveb-az-enyhe-tel-miatt-nott-a-fertozesek-veszelye-a-gyumolcsosokben","status":"publish","type":"post","link":"https:\/\/gazdasagportal.hu\/index.php\/fruitveb-az-enyhe-tel-miatt-nott-a-fertozesek-veszelye-a-gyumolcsosokben\/","title":{"rendered":"FruitVeb: az enyhe t\u00e9l miatt n\u0151tt a fert\u0151z\u00e9sek vesz\u00e9lye a gy\u00fcm\u00f6lcs\u00f6s\u00f6kben"},"content":{"rendered":"<p><strong>Az enyhe t\u00e9l miatt n\u0151tt a fert\u0151z\u00e9sek vesz\u00e9lye a gy\u00fcm\u00f6lcs\u00f6s\u00f6kben &#8211; k\u00f6z\u00f6lte a FruitVeB Magyar Z\u00f6lds\u00e9g-Gy\u00fcm\u00f6lcs Szakmak\u00f6zi Szervezet \u00e9s Term\u00e9ktan\u00e1cs szakmai igazgat\u00f3ja szombaton az M1 aktu\u00e1lis csatorn\u00e1n.<\/strong><!--more--><\/p>\n<div class=\"ads-in-post2\"><script async src=\"https:\/\/pagead2.googlesyndication.com\/pagead\/js\/adsbygoogle.js\"><\/script>\r\n<ins class=\"adsbygoogle\"\r\n     style=\"display:block\"\r\n     data-ad-format=\"fluid\"\r\n     data-ad-layout-key=\"-6t+ed+2i-1n-4w\"\r\n     data-ad-client=\"ca-pub-1959107119989764\"\r\n     data-ad-slot=\"4008251320\"><\/ins>\r\n<script>\r\n     (adsbygoogle = window.adsbygoogle || []).push({});\r\n<\/script><\/div>\n<p>    Hunyadi Istv\u00e1n hozz\u00e1tette: az enyhe t\u00e9lben a term\u00e9st k\u00e1ros\u00edt\u00f3 korokoz\u00f3k \u00e9s rovarok nem ritkultak az \u00e1tlagosan szokott m\u00e9rt\u00e9kben.<br \/>\n    Ez\u00e9rt is fontos szerinte, hogy a k\u00e1ros\u00edt\u00f3k ellen id\u0151ben kezdj\u00e9k meg a v\u00e9dekez\u00e9st, ami persze  magasabb k\u00f6lts\u00e9geket is jelenthet a gazd\u00e1lkod\u00f3knak.<br \/>\n    Az igazgat\u00f3 kit\u00e9rt arra is: a meteorol\u00f3giai el\u0151rejelz\u00e9s szerint leh\u0171l\u00e9s k\u00f6vetkezik, ami legink\u00e1bb a fagyokra, leh\u0171l\u00e9sekre \u00e9rz\u00e9keny csonth\u00e9jasokat \u00e9s a t\u00f6bb helyen m\u00e1r vir\u00e1gz\u00f3 kajszibarack \u00e1llom\u00e1nyt vesz\u00e9lyezteti.(MTI)<\/p>\n","protected":false},"excerpt":{"rendered":"<p>Az enyhe t\u00e9l miatt n\u0151tt a fert\u0151z\u00e9sek vesz\u00e9lye a gy\u00fcm\u00f6lcs\u00f6s\u00f6kben &#8211; k\u00f6z\u00f6lte a FruitVeB Magyar Z\u00f6lds\u00e9g-Gy\u00fcm\u00f6lcs Szakmak\u00f6zi Szervezet \u00e9s Term\u00e9ktan\u00e1cs szakmai igazgat\u00f3ja szombaton az M1 aktu\u00e1lis csatorn\u00e1n.<\/p>\n","protected":false},"author":1001003,"featured_media":0,"comment_status":"closed","ping_status":"open","sticky":false,"template":"","format":"standard","meta":[],"categories":[4],"tags":[],"_links":{"self":[{"href":"https:\/\/gazdasagportal.hu\/index.php\/wp-json\/wp\/v2\/posts\/124778"}],"collection":[{"href":"https:\/\/gazdasagportal.hu\/index.php\/wp-json\/wp\/v2\/posts"}],"about":[{"href":"https:\/\/gazdasagportal.hu\/index.php\/wp-json\/wp\/v2\/types\/post"}],"author":[{"embeddable":true,"href":"https:\/\/gazdasagportal.hu\/index.php\/wp-json\/wp\/v2\/users\/1001003"}],"replies":[{"embeddable":true,"href":"https:\/\/gazdasagportal.hu\/index.php\/wp-json\/wp\/v2\/comments?post=124778"}],"version-history":[{"count":1,"href":"https:\/\/gazdasagportal.hu\/index.php\/wp-json\/wp\/v2\/posts\/124778\/revisions"}],"predecessor-version":[{"id":124779,"href":"https:\/\/gazdasagportal.hu\/index.php\/wp-json\/wp\/v2\/posts\/124778\/revisions\/124779"}],"wp:attachment":[{"href":"https:\/\/gazdasagportal.hu\/index.php\/wp-json\/wp\/v2\/media?parent=124778"}],"wp:term":[{"taxonomy":"category","embeddable":true,"href":"https:\/\/gazdasagportal.hu\/index.php\/wp-json\/wp\/v2\/categories?post=124778"},{"taxonomy":"post_tag","embeddable":true,"href":"https:\/\/gazdasagportal.hu\/index.php\/wp-json\/wp\/v2\/tags?post=124778"}],"curies":[{"name":"wp","href":"https:\/\/api.w.org\/{rel}","templated":true}]}}