{"id":124769,"date":"2020-03-13T23:50:05","date_gmt":"2020-03-13T22:50:05","guid":{"rendered":"http:\/\/gazdasagportal.hu\/?p=124769"},"modified":"2020-03-13T23:50:05","modified_gmt":"2020-03-13T22:50:05","slug":"koronavirus-orban-a-tanulok-hetfotol-nem-mehetnek-iskolaba-tiz-akciocsoport-allt-fel","status":"publish","type":"post","link":"https:\/\/gazdasagportal.hu\/index.php\/koronavirus-orban-a-tanulok-hetfotol-nem-mehetnek-iskolaba-tiz-akciocsoport-allt-fel\/","title":{"rendered":"Koronav\u00edrus &#8211; Orb\u00e1n: a tanul\u00f3k h\u00e9tf\u0151t\u0151l nem mehetnek iskol\u00e1ba, t\u00edz akci\u00f3csoport \u00e1llt fel"},"content":{"rendered":"<p><strong>A koronav\u00edrus elleni v\u00e9dekez\u00e9s keret\u00e9ben t\u00edz akci\u00f3csoportot \u00e1llt fel, az oktat\u00e1si munkacsoport els\u0151 javaslata nyom\u00e1n h\u00e9tf\u0151t\u0151l a tanul\u00f3k nem l\u00e1togathatj\u00e1k az oktat\u00e1si int\u00e9zm\u00e9nyeket  &#8211; jelentette be Orb\u00e1n Viktor minisztereln\u00f6k a korm\u00e1ny Facebook-oldal\u00e1n p\u00e9ntek este k\u00f6zz\u00e9tett vide\u00f3j\u00e1ban.<\/strong><!--more--><\/p>\n<div class=\"ads-in-post2\"><script async src=\"https:\/\/pagead2.googlesyndication.com\/pagead\/js\/adsbygoogle.js\"><\/script>\r\n<ins class=\"adsbygoogle\"\r\n     style=\"display:block\"\r\n     data-ad-format=\"fluid\"\r\n     data-ad-layout-key=\"-6t+ed+2i-1n-4w\"\r\n     data-ad-client=\"ca-pub-1959107119989764\"\r\n     data-ad-slot=\"4008251320\"><\/ins>\r\n<script>\r\n     (adsbygoogle = window.adsbygoogle || []).push({});\r\n<\/script><\/div>\n<p>    Az oktat\u00e1si akci\u00f3csoportot Maruzsa Zolt\u00e1n k\u00f6znevel\u00e9si \u00e1llamtitk\u00e1r vezeti. Ezen akci\u00f3csoport els\u0151 javaslata nyom\u00e1n h\u00e9tf\u0151t\u0151l a tanul\u00f3k nem l\u00e1togathatj\u00e1k az oktat\u00e1si int\u00e9zm\u00e9nyeket. Orb\u00e1n Viktor kifejtette: m\u00e1rcius 16-t\u00f3l \u00faj oktat\u00e1si munkarend l\u00e9p \u00e9letbe. Tantermen k\u00edv\u00fcli, digit\u00e1lis munkarend lesz \u00e9rv\u00e9nyben. Olyan tan\u00edt\u00e1si m\u00f3dok lesznek, amelyek nem ig\u00e9nyelnek szem\u00e9lyes jelenl\u00e9tet. Ez \u00faj m\u00f3dszertanokat is ig\u00e9nyel. A m\u00f3dszertani aj\u00e1nl\u00e1sokat az oktat\u00e1si \u00e1llamtitk\u00e1r a j\u00f6v\u0151 h\u00e9ten teszi k\u00f6zz\u00e9.<br \/>\n    Ennek \u00e9rtelm\u00e9ben a tanul\u00f3k nem mehetnek az iskol\u00e1ba. Az igazgat\u00f3knak viszont be kell menni\u00fck. A tan\u00e1roknak is folytatni kell az oktat\u00e1st, de digit\u00e1lis eszk\u00f6z\u00f6kkel &#8211; ismertette.<br \/>\n    Az \u00e9retts\u00e9gire is fel tudnak k\u00e9sz\u00fclni a di\u00e1kok &#8211; mondta Orb\u00e1n Viktor, hozz\u00e1t\u00e9ve: j\u00f3 es\u00e9llyel a szokott rendben meg tudj\u00e1k tartani az \u00e9retts\u00e9gi vizsg\u00e1kat.<br \/>\n    A minisztereln\u00f6k azt mondta, ha kell &#8211; ahol sz\u00fcks\u00e9ges &#8211; kiscsoportos gyermekmeg\u0151rz\u00e9st is tudnak biztos\u00edtani. Ugyanakkor hozz\u00e1tette: jobb lenne, ha a gyermekek otthon maradn\u00e1nak.<br \/>\n<div class=\"ads-in-post1\"><div id=\"gazdasagportal.hu_fullbanner_wideboard\"><\/div>\r\n<\/div>\n    Orb\u00e1n Viktor azt k\u00e9rte, a gyermekekre ne a nagysz\u00fcl\u0151k vigy\u00e1zzanak. Felh\u00edvta a figyelmet, hogy a fiatalokat nem vesz\u00e9lyezteti a koronav\u00edrus-j\u00e1rv\u00e1ny. Sz\u00fcleik, nagysz\u00fcleik viszont komoly bajba, ak\u00e1r \u00e9letvesz\u00e9lyes \u00e1llapotba is ker\u00fclhetnek. &#8222;Vigy\u00e1zzunk sz\u00fcleinkre, vigy\u00e1zzunk nagysz\u00fcleinkre, vigy\u00e1zzunk egym\u00e1sra&#8221; &#8211; fogalmazott a korm\u00e1nyf\u0151.<br \/>\n    Azt is elmondta, hogy egy j\u00e1rv\u00e1ny\u00fcgyi mobil-kont\u00e9nerk\u00f3rh\u00e1z fel\u00e9p\u00edt\u00e9s\u00e9t is elrendelt\u00e9k, ennek felel\u0151se T\u00f3th Tam\u00e1s. A l\u00e9tfontoss\u00e1g\u00fa v\u00e1llalatok biztons\u00e1g\u00e1\u00e9rt felel\u0151s akci\u00f3csoportot Benk\u0151 Tibor honv\u00e9delmi miniszter vezeti. A nemzetk\u00f6zi koordin\u00e1ci\u00f3\u00e9rt felel\u0151s akci\u00f3csoport \u00e9l\u00e9n Menczer Tam\u00e1s t\u00e1j\u00e9koztat\u00e1s\u00e9rt \u00e9s Magyarorsz\u00e1g nemzetk\u00f6zi megjelen\u00edt\u00e9s\u00e9\u00e9rt felel\u0151s \u00e1llamtitk\u00e1r \u00e1ll, m\u00edg a kommunik\u00e1ci\u00f3s akci\u00f3csoportot Kov\u00e1cs Zolt\u00e1n, a nemzetk\u00f6zi kommunik\u00e1ci\u00f3\u00e9rt \u00e9s kapcsolatok\u00e9rt felel\u0151s \u00e1llamtitk\u00e1r vezeti.<br \/>\n    A rendk\u00edv\u00fcli jogrend\u00e9rt felel\u0151s akci\u00f3csoportot Guly\u00e1s Gergely Minisztereln\u00f6ks\u00e9get vezet\u0151 miniszter, a p\u00e9nz\u00fcgyi akci\u00f3csoportot Varga Mih\u00e1ly p\u00e9nz\u00fcgyminiszter, m\u00edg a gazdas\u00e1g \u00fajraind\u00edt\u00e1s\u00e1\u00e9rt felel\u0151s akci\u00f3csoportot B\u00e1rtfai-Mager Andrea nemzeti vagyon kezel\u00e9s\u00e9\u00e9rt felel\u0151s t\u00e1rca n\u00e9lk\u00fcli miniszter vezeti &#8211; ismertette a korm\u00e1nyf\u0151, hangs\u00falyozva: a gazdas\u00e1g hamarosan meg\u00e1ll, \u00e9s \u00fajra kell ind\u00edtani.<br \/>\n    Fel\u00e1llt tov\u00e1bb\u00e1 Jakab Ferenc vezet\u00e9s\u00e9vel egy koronav\u00edrus-kutat\u00f3csoport is, amely gy\u00f3gyszer- \u00e9s vakcinafejleszt\u00e9s\u00e9rt felel. Van tov\u00e1bb\u00e1 egy hat\u00e1rellen\u0151rz\u00e9si akci\u00f3csoport, amelyet Balogh J\u00e1nos orsz\u00e1gos rend\u0151r-f\u0151kapit\u00e1ny vezet.<br \/>\n    A hat\u00e1rellen\u0151rz\u00e9s kapcs\u00e1n a korm\u00e1nyf\u0151 bejelentette azt is, hogy a koronav\u00edrus elleni v\u00e9dekez\u00e9s \u00e9rdek\u00e9ben Izraelb\u0151l sem l\u00e9phetnek be k\u00fclf\u00f6ldiek Magyarorsz\u00e1g ter\u00fclet\u00e9re.    A minisztereln\u00f6k ezt azzal indokolta, hogy az \u00fajonnan megbetegedettek k\u00f6z\u00f6tt vannak, akik Izraelb\u0151l \u00e9rkeztek.<br \/>\n    \u00cdgy Ir\u00e1n, K\u00edna, D\u00e9l-Korea \u00e9s Olaszorsz\u00e1g ut\u00e1n Izraelb\u0151l sem j\u00f6hetnek Magyarorsz\u00e1gra k\u00fclf\u00f6ldiek.<br \/>\n    Orb\u00e1n Viktor k\u00f6z\u00f6lte tov\u00e1bb\u00e1, hogy rovancsot tartottak a koronav\u00edrus elleni v\u00e9dekez\u00e9sben. Kiemelte: a laborkapacit\u00e1s t\u00f6bb ezer mintav\u00e9telre elegend\u0151. Rendelkez\u00e9sre \u00e1ll 22 milli\u00f3 p\u00e1r keszty\u0171, 1,2 milli\u00f3 seb\u00e9szmaszk, \u00e9s \u00e9rkezik tov\u00e1bbi 1 milli\u00f3 m\u0171t\u00e9ti seb\u00e9szmaszk.<br \/>\n    Van tov\u00e1bb\u00e1 2-2 ezer l\u00e9legeztet\u0151 \u00e9s altat\u00f3 g\u00e9p. Vagyis sok t\u00edzezer megbeteged\u00e9s eset\u00e9n is elegend\u0151 az ell\u00e1t\u00e1s &#8211; k\u00f6z\u00f6lte a korm\u00e1nyf\u0151, hozz\u00e1t\u00e9ve, hogy \u00fajabb g\u00e9pek beszerz\u00e9s\u00e9r\u0151l is int\u00e9zkedtek.(MTI)<\/p>\n","protected":false},"excerpt":{"rendered":"<p>A koronav\u00edrus elleni v\u00e9dekez\u00e9s keret\u00e9ben t\u00edz akci\u00f3csoportot \u00e1llt fel, az oktat\u00e1si munkacsoport els\u0151 javaslata nyom\u00e1n h\u00e9tf\u0151t\u0151l a tanul\u00f3k nem l\u00e1togathatj\u00e1k az oktat\u00e1si int\u00e9zm\u00e9nyeket &#8211; jelentette be Orb\u00e1n Viktor minisztereln\u00f6k a korm\u00e1ny Facebook-oldal\u00e1n p\u00e9ntek este k\u00f6zz\u00e9tett vide\u00f3j\u00e1ban.<\/p>\n","protected":false},"author":1001003,"featured_media":124770,"comment_status":"closed","ping_status":"open","sticky":false,"template":"","format":"standard","meta":[],"categories":[146,4,427],"tags":[428],"_links":{"self":[{"href":"https:\/\/gazdasagportal.hu\/index.php\/wp-json\/wp\/v2\/posts\/124769"}],"collection":[{"href":"https:\/\/gazdasagportal.hu\/index.php\/wp-json\/wp\/v2\/posts"}],"about":[{"href":"https:\/\/gazdasagportal.hu\/index.php\/wp-json\/wp\/v2\/types\/post"}],"author":[{"embeddable":true,"href":"https:\/\/gazdasagportal.hu\/index.php\/wp-json\/wp\/v2\/users\/1001003"}],"replies":[{"embeddable":true,"href":"https:\/\/gazdasagportal.hu\/index.php\/wp-json\/wp\/v2\/comments?post=124769"}],"version-history":[{"count":1,"href":"https:\/\/gazdasagportal.hu\/index.php\/wp-json\/wp\/v2\/posts\/124769\/revisions"}],"predecessor-version":[{"id":124771,"href":"https:\/\/gazdasagportal.hu\/index.php\/wp-json\/wp\/v2\/posts\/124769\/revisions\/124771"}],"wp:featuredmedia":[{"embeddable":true,"href":"https:\/\/gazdasagportal.hu\/index.php\/wp-json\/wp\/v2\/media\/124770"}],"wp:attachment":[{"href":"https:\/\/gazdasagportal.hu\/index.php\/wp-json\/wp\/v2\/media?parent=124769"}],"wp:term":[{"taxonomy":"category","embeddable":true,"href":"https:\/\/gazdasagportal.hu\/index.php\/wp-json\/wp\/v2\/categories?post=124769"},{"taxonomy":"post_tag","embeddable":true,"href":"https:\/\/gazdasagportal.hu\/index.php\/wp-json\/wp\/v2\/tags?post=124769"}],"curies":[{"name":"wp","href":"https:\/\/api.w.org\/{rel}","templated":true}]}}