{"id":124596,"date":"2020-03-07T15:11:06","date_gmt":"2020-03-07T14:11:06","guid":{"rendered":"http:\/\/gazdasagportal.hu\/?p=124596"},"modified":"2020-03-07T15:11:06","modified_gmt":"2020-03-07T14:11:06","slug":"jelentosen-csokkent-kina-exportja-az-ev-elso-ket-honapjaban","status":"publish","type":"post","link":"https:\/\/gazdasagportal.hu\/index.php\/jelentosen-csokkent-kina-exportja-az-ev-elso-ket-honapjaban\/","title":{"rendered":"Jelent\u0151sen cs\u00f6kkent K\u00edna exportja az \u00e9v els\u0151 k\u00e9t h\u00f3napj\u00e1ban"},"content":{"rendered":"<p><strong>Jelent\u0151sen cs\u00f6kkent K\u00edna exportja \u00e9s importja az \u00e9v els\u0151 k\u00e9t h\u00f3napj\u00e1ban az \u00faj t\u00edpus\u00fa koronav\u00edrus-j\u00e1rv\u00e1ny k\u00f6vetkezt\u00e9ben.<\/strong><!--more--><\/p>\n<div class=\"ads-in-post1\"><div id=\"gazdasagportal.hu_fullbanner_wideboard\"><\/div>\r\n<\/div>\n<p>    A k\u00ednai v\u00e1mszolg\u00e1lat szombaton k\u00f6zz\u00e9tett adatai szerint janu\u00e1r-febru\u00e1rban a kivitel doll\u00e1rban sz\u00e1m\u00edtott \u00e9rt\u00e9ke \u00e9ves \u00f6sszehasonl\u00edt\u00e1sban 17,2 sz\u00e1zal\u00e9kkal esett vissza, ami tavaly febru\u00e1r \u00f3ta a legrosszabb adat. Elemz\u0151k 14,0 sz\u00e1zal\u00e9kos cs\u00f6kken\u00e9sre sz\u00e1m\u00edtottak a decemberben m\u00e9rt 7,9 sz\u00e1zal\u00e9kos n\u00f6veked\u00e9s ut\u00e1n.<br \/>\n    A behozatal doll\u00e1rban sz\u00e1molt \u00e9rt\u00e9ke 4,0 sz\u00e1zal\u00e9kkal cs\u00f6kkent, j\u00f3val kisebb m\u00e9rt\u00e9kben a 15,0 sz\u00e1zal\u00e9kot val\u00f3sz\u00edn\u0171s\u00edt\u0151 elemz\u0151i v\u00e1rakoz\u00e1sokn\u00e1l, \u00e1m a legnagyobb m\u00e9rt\u00e9kben tavaly november \u00f3ta.<br \/>\n    Az export \u00e9rt\u00e9ke 292,45 milli\u00e1rd doll\u00e1rt, az import\u00e9 pedig 299,54 milli\u00e1rd doll\u00e1rt tett ki, \u00edgy a kereskedelmi m\u00e9rleg 7,09 milli\u00e1rd doll\u00e1ros hi\u00e1nnyal z\u00e1rt az \u00e9v els\u0151 k\u00e9t h\u00f3napj\u00e1ban. Elemz\u0151k 24,60 milli\u00e1rd doll\u00e1ros t\u00f6bbletre sz\u00e1m\u00edtottak a decemberi 46,79 milli\u00e1rd doll\u00e1ros szufficit ut\u00e1n.<br \/>\n    A doll\u00e1rban denomin\u00e1lt adatok az\u00e9rt fontosak, mert az elemz\u0151k \u00e9s befektet\u0151k t\u00falnyom\u00f3 t\u00f6bbs\u00e9ge is ezekre alapozza el\u0151rejelz\u00e9seit \u00e9s elemz\u00e9seit.<br \/>\n<div class=\"ads-in-post2\"><script async src=\"https:\/\/pagead2.googlesyndication.com\/pagead\/js\/adsbygoogle.js\"><\/script>\r\n<ins class=\"adsbygoogle\"\r\n     style=\"display:block\"\r\n     data-ad-format=\"fluid\"\r\n     data-ad-layout-key=\"-6t+ed+2i-1n-4w\"\r\n     data-ad-client=\"ca-pub-1959107119989764\"\r\n     data-ad-slot=\"4008251320\"><\/ins>\r\n<script>\r\n     (adsbygoogle = window.adsbygoogle || []).push({});\r\n<\/script><\/div>\n    J\u00fcanban sz\u00e1molva az export \u00e9rt\u00e9ke 15,9 sz\u00e1zal\u00e9kkal, az import\u00e9 pedig 2,4 sz\u00e1zal\u00e9kkal cs\u00f6kkent janu\u00e1r-febru\u00e1rban \u00e9ves \u00f6sszevet\u00e9sben, a m\u00e9rleg 42,59 milli\u00e1rd j\u00fcanos hi\u00e1nnyal z\u00e1rta az \u00e9v els\u0151 k\u00e9t h\u00f3napj\u00e1t.<br \/>\n    A politikailag is k\u00fcl\u00f6n\u00f6sen \u00e9rz\u00e9keny amerikai rel\u00e1ci\u00f3ban a k\u00fclkereskedelmi t\u00f6bblet K\u00edna jav\u00e1ra 25,37 milli\u00e1rd doll\u00e1r volt, sz\u00e1mottev\u0151en cs\u00f6kkent a tavalyi \u00e9v azonos id\u0151szak\u00e1ban sz\u00e1m\u00edtott 42,16 milli\u00e1rd doll\u00e1rhoz k\u00e9pest. Az adatsorb\u00f3l az is kider\u00fclt, hogy K\u00edna 14 sz\u00e1zal\u00e9kkal n\u00f6velte a sz\u00f3jabab behozatal\u00e1t, amely a janu\u00e1rban al\u00e1\u00edrt amerikai-k\u00ednai kereskedelmi r\u00e9szmeg\u00e1llapod\u00e1s egyik kritikus pontj\u00e1nak sz\u00e1m\u00edt.<br \/>\n    A k\u00ednai v\u00e1mhat\u00f3s\u00e1g a tervekkel ellent\u00e9tben egy h\u00f3nappal ezel\u0151tt nem tette k\u00f6zz\u00e9 a janu\u00e1ri k\u00fclkereskedelmi adatokat. Csup\u00e1n annyit k\u00f6z\u00f6lt, hogy az idei \u00e9vt\u0151l kezdve a janu\u00e1r \u00e9s a febru\u00e1ri adatot egy\u00fctt adja meg. Az \u00e9v eleji adatokat gyakran jelent\u0151sen befoly\u00e1solja a mozg\u00f3 d\u00e1tum\u00fa hold\u00faj\u00e9v, amely id\u00e9n janu\u00e1r v\u00e9g\u00e9re esett.<br \/>\n    K\u00edna ez\u00fattal r\u00e1ad\u00e1sul \u00e9ppen az \u00faj\u00e9vi \u00fcnnep kezdet\u00e9vel egy id\u0151ben szigor\u00fa \u00f3vint\u00e9zked\u00e9sek bevezet\u00e9s\u00e9re k\u00e9nyszer\u00fclt az \u00faj t\u00edpus\u00fa koronav\u00edrus \u00e1ltal okozott j\u00e1rv\u00e1ny megf\u00e9kez\u00e9s\u00e9nek \u00e9rdek\u00e9ben, ami komoly fennakad\u00e1sokat okozott az \u00fczleti tev\u00e9kenys\u00e9gben.<br \/>\n    A janu\u00e1r 25-\u00e9n elkezd\u0151d\u00f6tt hold\u00faj\u00e9vi munkasz\u00fcnetet a k\u00ednai korm\u00e1nyzat febru\u00e1r 10-\u00e9ig meghosszabb\u00edtotta. A termel\u00e9s azonban d\u00f6c\u00f6g\u0151sen indult \u00fajra, sok gy\u00e1r \u00e9s v\u00e1llalat ugyanis komoly akad\u00e1lyokkal n\u00e9zett szembe az \u00f3vint\u00e9zked\u00e9sek miatt. Az orsz\u00e1gszerte alkalmazott, k\u00fcl\u00f6nf\u00e9le karant\u00e9n int\u00e9zked\u00e9sek \u00e9s forgalmi korl\u00e1toz\u00e1sok miatt s\u00falyos probl\u00e9m\u00e1k alakultak ki az ell\u00e1t\u00e1si l\u00e1ncban, \u00e9s a dolgoz\u00f3k sem tudtak mindenhol id\u0151ben visszat\u00e9rni a munkahelyeikre.<br \/>\n    A szombaton k\u00f6z\u00f6lt adatok szerint janu\u00e1r-febru\u00e1rban a K\u00edna \u00e9s Eur\u00f3pa k\u00f6z\u00f6tti kereskedelmi forgalom \u00e9rt\u00e9ke 14 sz\u00e1zal\u00e9kkal esett vissza, m\u00edg az Egyes\u00fclt \u00c1llamokkal folytatott kereskedelemben 19 sz\u00e1zal\u00e9kos volt a cs\u00f6kken\u00e9s. Ezzel szemben a D\u00e9lkelet-\u00e1zsiai Nemzetek Sz\u00f6vets\u00e9g\u00e9hez (ASEAN) tartoz\u00f3 orsz\u00e1gok, valamint az Egy \u00f6vezet, egy \u00fat nev\u0171, glob\u00e1lis gazdas\u00e1gi-infrastruktur\u00e1lis kezdem\u00e9nyez\u00e9sben r\u00e9szt vev\u0151 orsz\u00e1gok \u00e9s K\u00edna k\u00f6z\u00f6tt fellend\u00fclt a kereskedelem &#8211; el\u0151bbiekkel 9 sz\u00e1zal\u00e9kos, m\u00edg ut\u00f3bbiakkal 1,8 sz\u00e1zal\u00e9kos m\u00e9rt\u00e9kben.(MTI)<\/p>\n","protected":false},"excerpt":{"rendered":"<p>Jelent\u0151sen cs\u00f6kkent K\u00edna exportja \u00e9s importja az \u00e9v els\u0151 k\u00e9t h\u00f3napj\u00e1ban az \u00faj t\u00edpus\u00fa koronav\u00edrus-j\u00e1rv\u00e1ny k\u00f6vetkezt\u00e9ben.<\/p>\n","protected":false},"author":1001003,"featured_media":0,"comment_status":"closed","ping_status":"open","sticky":false,"template":"","format":"standard","meta":[],"categories":[246],"tags":[],"_links":{"self":[{"href":"https:\/\/gazdasagportal.hu\/index.php\/wp-json\/wp\/v2\/posts\/124596"}],"collection":[{"href":"https:\/\/gazdasagportal.hu\/index.php\/wp-json\/wp\/v2\/posts"}],"about":[{"href":"https:\/\/gazdasagportal.hu\/index.php\/wp-json\/wp\/v2\/types\/post"}],"author":[{"embeddable":true,"href":"https:\/\/gazdasagportal.hu\/index.php\/wp-json\/wp\/v2\/users\/1001003"}],"replies":[{"embeddable":true,"href":"https:\/\/gazdasagportal.hu\/index.php\/wp-json\/wp\/v2\/comments?post=124596"}],"version-history":[{"count":1,"href":"https:\/\/gazdasagportal.hu\/index.php\/wp-json\/wp\/v2\/posts\/124596\/revisions"}],"predecessor-version":[{"id":124597,"href":"https:\/\/gazdasagportal.hu\/index.php\/wp-json\/wp\/v2\/posts\/124596\/revisions\/124597"}],"wp:attachment":[{"href":"https:\/\/gazdasagportal.hu\/index.php\/wp-json\/wp\/v2\/media?parent=124596"}],"wp:term":[{"taxonomy":"category","embeddable":true,"href":"https:\/\/gazdasagportal.hu\/index.php\/wp-json\/wp\/v2\/categories?post=124596"},{"taxonomy":"post_tag","embeddable":true,"href":"https:\/\/gazdasagportal.hu\/index.php\/wp-json\/wp\/v2\/tags?post=124596"}],"curies":[{"name":"wp","href":"https:\/\/api.w.org\/{rel}","templated":true}]}}