{"id":124594,"date":"2020-03-07T13:08:19","date_gmt":"2020-03-07T12:08:19","guid":{"rendered":"http:\/\/gazdasagportal.hu\/?p=124594"},"modified":"2020-03-07T09:09:15","modified_gmt":"2020-03-07T08:09:15","slug":"borpiac-mennyiseg-helyett-a-minoseg","status":"publish","type":"post","link":"https:\/\/gazdasagportal.hu\/index.php\/borpiac-mennyiseg-helyett-a-minoseg\/","title":{"rendered":"Borpiac: mennyis\u00e9g helyett a min\u0151s\u00e9g"},"content":{"rendered":"<p><b>Az Egri Borm\u0171hellyel is a borvid\u00e9k fejleszt\u00e9s\u00e9t c\u00e9lz\u00f3 egy\u00fcttm\u0171k\u00f6d\u00e9si meg\u00e1llapod\u00e1st \u00edrt al\u00e1 az Erste Bank. A p\u00e9nzint\u00e9zet tavaly 10 sz\u00e1zal\u00e9kkal n\u00f6velte borpiaci portf\u00f3li\u00f3j\u00e1t, mik\u00f6zben az agr\u00e1rfinansz\u00edroz\u00e1s a piaci \u00e1tlagot meghalad\u00f3 m\u00e9rt\u00e9kben b\u0151v\u00fclt, \u00e9s a bank id\u00e9n is jelent\u0151s n\u00f6veked\u00e9st tervez a ter\u00fcleten. Az Erste \u00fagy l\u00e1tja, id\u00e9n felgyorsul az agr\u00e1riumban az \u00e1rak emelked\u00e9se mik\u00f6zben a mez\u0151gazdas\u00e1g teljes\u00edtm\u00e9nye tov\u00e1bb n\u00f6vekedhet, a borpiacon pedig a mennyis\u00e9gi \u00e9rt\u00e9kes\u00edt\u00e9s hely\u00e9t a magasabb hozz\u00e1adott \u00e9rt\u00e9ket tartalmaz\u00f3 term\u00e9kek veszik \u00e1t.<\/b><!--more--><\/p>\n<div class=\"ads-in-post1\"><div id=\"gazdasagportal.hu_fullbanner_wideboard\"><\/div>\r\n<\/div>\n<p>A szeksz\u00e1rdi ut\u00e1n az egri borvid\u00e9k fejleszt\u00e9s\u00e9t is t\u00e1mogatja az Erste Bank, a p\u00e9nzint\u00e9zet a k\u00e9t term\u0151ter\u00fclet \u201ecsat\u00e1j\u00e1ra\u201d, a BorJour Bikav\u00e9r P\u00e1rbajra id\u0151z\u00edtette a meg\u00e1llapod\u00e1s al\u00e1\u00edr\u00e1s\u00e1t az Egri Borm\u0171hellyel. A meg\u00e1llapod\u00e1s \u00e9rtelm\u00e9ben az Erste Bank \u2013 csak\u00fagy, mint Szeksz\u00e1rd eset\u00e9ben \u2013 kapcsolataival, szak\u00e9rtelm\u00e9vel, stabil, rugalmas \u00e9s gyors munk\u00e1val j\u00e1rul hozz\u00e1 a borvid\u00e9k fejl\u0151d\u00e9s\u00e9hez \u00e9s n\u00e9pszer\u0171s\u00edt\u00e9s\u00e9hez. Az Erste nem csak saj\u00e1t rendezv\u00e9nyein mutatja be a borr\u00e9gi\u00f3k pinc\u00e9szeteit \u00e9s azok k\u00edn\u00e1lat\u00e1t, de a fejleszt\u00e9si d\u00f6nt\u00e9seket is seg\u00edti. A p\u00e9nzint\u00e9zet szak\u00e9rt\u0151i ott \u00e1llnak a bor\u00e1szok mellett, \u00e9s t\u00f6bbek k\u00f6z\u00f6tt szem\u00e9lyes konzult\u00e1ci\u00f3kkal, k\u00f6z\u00e9pt\u00e1v\u00fa el\u0151rejelz\u00e9sekkel, elemz\u00e9sekkel seg\u00edtik munk\u00e1jukat.<\/p>\n<p>Az Egri Borm\u0171hely Egyes\u00fcletet 2018-ban hozta l\u00e9tre t\u00edz bor\u00e1szat azon gondolat ment\u00e9n, hogy egym\u00e1ssal \u00f6sszefogva messzebbre jutnak el \u00e9s \u00e9rhetnek el eredm\u00e9nyeket a borvid\u00e9k ismerts\u00e9g\u00e9nek n\u00f6vel\u00e9s\u00e9ben. Az\u00f3ta nem csak szakmai konferenci\u00e1kon, de az Egri Bor Most nevet visel\u0151 k\u00f6z\u00f6ss\u00e9gi oldalaikon is n\u00e9pszer\u0171s\u00edtik a r\u00e9gi\u00f3t \u00e9s borait, valamint tavaly l\u00e9trehozt\u00e1k az Eger Borvid\u00e9k Palackot: az 1552 Eger feliratot mag\u00e1n visel\u0151, egyedi tervez\u00e9s\u0171 \u00fcvegbe csak vakk\u00f3stol\u00e1ssal min\u0151s\u00edtett, egri superior \u00e9s grand superior\u00a0min\u0151s\u00e9gnek megfelel\u0151 borok ker\u00fclhetnek.<\/p><div id=\"gazda-1618272521\" class=\"gazda-tartalomban gazda-entity-placement\"><script async src=\"https:\/\/pagead2.googlesyndication.com\/pagead\/js\/adsbygoogle.js\"><\/script>\r\n<ins class=\"adsbygoogle\"\r\n     style=\"display:block\"\r\n     data-ad-format=\"fluid\"\r\n     data-ad-layout-key=\"-6t+ed+2i-1n-4w\"\r\n     data-ad-client=\"ca-pub-1959107119989764\"\r\n     data-ad-slot=\"4008251320\"><\/ins>\r\n<script>\r\n     (adsbygoogle = window.adsbygoogle || []).push({});\r\n<\/script><\/div>\n<div class=\"ads-in-post2\"><script async src=\"https:\/\/pagead2.googlesyndication.com\/pagead\/js\/adsbygoogle.js\"><\/script>\r\n<ins class=\"adsbygoogle\"\r\n     style=\"display:block\"\r\n     data-ad-format=\"fluid\"\r\n     data-ad-layout-key=\"-6t+ed+2i-1n-4w\"\r\n     data-ad-client=\"ca-pub-1959107119989764\"\r\n     data-ad-slot=\"4008251320\"><\/ins>\r\n<script>\r\n     (adsbygoogle = window.adsbygoogle || []).push({});\r\n<\/script><\/div>\n\u201eA verseng\u00e9s \u00e9s az egy\u00fcttm\u0171k\u00f6d\u00e9s egyar\u00e1nt fontos a bor\u00e1szatban \u00e9s az \u00fczleti \u00e9letben is. Verseny n\u00e9lk\u00fcl nincs fejl\u0151d\u00e9s, hiszen a t\u00f6bbiek kiv\u00e1l\u00f3 borai inspir\u00e1lnak benn\u00fcnket is arra, hogy egyre jobbak legy\u00fcnk. Ugyanakkor tanulunk egym\u00e1st\u00f3l, \u00e9s sikereinkkel egym\u00e1st is er\u0151s\u00edtj\u00fck: az egy\u00e9ni teljes\u00edtm\u00e9nyek \u00edgy v\u00e1lnak haszn\u00e1ra a borvid\u00e9knek \u00e9s a magyar bor\u00e1szoknak\u201d \u2013 hangs\u00falyozta Solt\u00e9sz Gerg\u0151, az Egri Borm\u0171hely eln\u00f6ke.<\/p>\n<p>Az Erste Bank tavaly m\u00e1jusban \u00edrt al\u00e1 hasonl\u00f3 meg\u00e1llapod\u00e1st a Szeksz\u00e1rdi Borvid\u00e9k k\u00e9pvisel\u0151ivel. Az egy\u00fcttm\u0171k\u00f6d\u00e9s bev\u00e1ltotta a hozz\u00e1 f\u0171z\u00f6tt rem\u00e9nyeket, \u00e1tlagosan havi egy rendezv\u00e9nyen mutatkoztak be a r\u00e9gi\u00f3 bor\u00e1szatai az Erste \u00fcgyfeleinek \u00e9s partnereinek, mik\u00f6zben a bank 10 sz\u00e1zal\u00e9kkal tudta n\u00f6velni borpiaci portf\u00f3li\u00f3j\u00e1t.<\/p>\n<p>\u201e\u00d6r\u00f6mmel \u00fcdv\u00f6z\u00f6lj\u00fck az egrieket az Erste bor\u00e1szati csapat\u00e1ban. A szeksz\u00e1rdi bor\u00e1szok mindig igyekeztek az egy\u00e9ni teljes\u00edtm\u00e9nyek mellett a k\u00f6z\u00f6s cselekv\u00e9ssel v\u00e1laszolni a kih\u00edv\u00e1sokra, legyen sz\u00f3 a borvid\u00e9k vagy a magyar borok n\u00e9pszer\u0171s\u00edt\u00e9s\u00e9r\u0151l. A tapasztalatok megoszt\u00e1sa, a k\u00f6z\u00f6s gondolkod\u00e1s \u00f6nmag\u00e1ban is \u00e9rt\u00e9ket jelent a sz\u00e1munkra, \u00edgy lehet olyan \u00faj megold\u00e1sokat, ak\u00e1r \u00faj finansz\u00edroz\u00e1si forr\u00e1sokat tal\u00e1lni, amelyek lend\u00fcletet adnak a munk\u00e1nknak\u201d \u2013 mondta Vesztergombi Csaba, a Szeksz\u00e1rd Borvid\u00e9k Nonprofit Kft. fel\u00fcgyel\u0151bizotts\u00e1g\u00e1nak eln\u00f6ke.<\/p>\n<p>\u201eAz Erste kiemelt feladat\u00e1nak tekinti a hazai kis- \u00e9s k\u00f6zepes v\u00e1llalkoz\u00e1sok (kkv) t\u00e1mogat\u00e1s\u00e1t. A kkv-szektor sz\u00e1m\u00e1ra a t\u0151kehi\u00e1ny mellett az \u00fczletszerz\u00e9s jelenti az egyik legnagyobb probl\u00e9m\u00e1t, hiszen itt nem jut elegend\u0151 forr\u00e1s kutat\u00e1s-fejleszt\u00e9sre, piacelemz\u00e9sre \u00e9s marketingre. Az Erste partnereinek nemcsak p\u00e9nz\u00fcgyi t\u00e1mogat\u00e1st, hanem kapcsolat- \u00e9s h\u00e1l\u00f3zat\u00e9p\u00edt\u00e9si lehet\u0151s\u00e9gek is k\u00edv\u00e1n biztos\u00edtani, hogy egym\u00e1st\u00f3l tanulva, k\u00f6z\u00f6sen fell\u00e9pve er\u0151s\u00f6djenek \u00e9s b\u0151v\u00fcljenek. A bor\u00e1szokkal val\u00f3 \u00f6sszefog\u00e1s \u00e9s egy\u00fcttm\u0171k\u00f6d\u00e9s j\u00f3l p\u00e9ld\u00e1zza a bank ezen er\u0151fesz\u00edt\u00e9s\u00e9t\u201d \u2013 mondta el Szerdahelyi R\u00f3bert, a bank kis- \u00e9s k\u00f6z\u00e9pv\u00e1llalati igazgat\u00f3ja.<\/p>\n<p>Az Erste strat\u00e9giai ter\u00fcletk\u00e9nt tekint az agr\u00e1rium \u00e9s a kis- \u00e9s k\u00f6zepes v\u00e1llalkoz\u00e1sok finansz\u00edroz\u00e1s\u00e1ra \u2013 \u00e9s mindk\u00e9t ter\u00fcleten jelent\u0151s n\u00f6veked\u00e9st \u00e9rt el az elm\u00falt id\u0151szakban. A kis- \u00e9s k\u00f6z\u00e9pv\u00e1llalkoz\u00e1si ter\u00fcleten az \u00fcgyfelek sz\u00e1ma 24 sz\u00e1zal\u00e9kkal b\u0151v\u00fclt tavaly, mik\u00f6zben a hitel\u00e1llom\u00e1ny mintegy 16 sz\u00e1zal\u00e9kkal emelkedett. Az agr\u00e1rhitelek \u00e1llom\u00e1nya 26 sz\u00e1zal\u00e9kkal n\u0151tt az elm\u00falt \u00e9vben, ami t\u00f6bbsz\u00f6r\u00f6se a piaci b\u0151v\u00fcl\u00e9snek. A 24 milli\u00e1rd forintos \u00e1llom\u00e1nyn\u00f6veked\u00e9shez 35 milli\u00e1rd forintos \u00faj kihelyez\u00e9s p\u00e1rosult. Ez az agr\u00e1riumban els\u0151sorban a kis- \u00e9s k\u00f6zepes v\u00e1llalkoz\u00e1sokhoz ker\u00fclt, de a bank nagyot l\u00e9pett el\u0151re a nagyv\u00e1llalati piacon is. Az \u00faj kihelyez\u00e9sek k\u00f6zel k\u00e9tharmada a mez\u0151gazdas\u00e1gi, egyharmada az \u00e9lelmiszeripari \u00fcgyfelekhez ker\u00fclt.<\/p>\n<p>Az Erste Bank hasonl\u00f3an gyors \u00fctem\u0171 n\u00f6veked\u00e9st tervez id\u00e9n is ezeken a ter\u00fcleteken. Az Erste Agr\u00e1r Kompetencia K\u00f6zpontja 2020-ban a mez\u0151gazdas\u00e1gi \u00e1rak gyorsul\u00f3 emelked\u00e9s\u00e9re sz\u00e1m\u00edt, amit a kereslet n\u00f6veked\u00e9se, az emelked\u0151 fizet\u0151k\u00e9pess\u00e9g t\u00e1pl\u00e1l. \u00cdgy, amennyiben az id\u0151j\u00e1r\u00e1s is kegyes lesz az \u00e1gazathoz, az agr\u00e1rium kibocs\u00e1t\u00e1sa a progn\u00f3zis szerint id\u00e9n emelked\u0151 p\u00e1ly\u00e1n marad \u00e9s el\u00e9rheti a 2850-2900 milli\u00e1rd forintot is. A teljes\u00edtm\u00e9nyben a beruh\u00e1z\u00e1sok tavalyi jelent\u0151s emelked\u00e9se is fontos t\u00e9nyez\u0151, hiszen ezek aktiv\u00e1l\u00f3d\u00e1s\u00e1val lehet sz\u00e1molni. Az \u00faj beruh\u00e1z\u00e1sok tekintet\u00e9ben azonban az el\u0151rejelz\u00e9s m\u00e1r nem kalkul\u00e1l tov\u00e1bbi n\u00f6veked\u00e9ssel \u2013 sz\u00e9p teljes\u00edtm\u00e9nyk\u00e9nt lehetne azonban elk\u00f6nyvelni ezek szinten tart\u00e1s\u00e1t. Ezt sz\u00e1mtalan t\u00e9nyez\u0151 t\u00e1mogatja: az \u00e1gazatba \u00e1raml\u00f3 \u00e1llami t\u00e1mogat\u00e1sok emelkednek, a szektor koncentr\u00e1ci\u00f3ja folytat\u00f3dik, ami eleve a hat\u00e9konys\u00e1g javul\u00e1sa fel\u00e9 mutat. A hat\u00e9konys\u00e1g n\u00f6vel\u00e9s\u00e9t a \u2013 munkaer\u0151, energia \u00e9s sz\u00e1ll\u00edt\u00e1si \u2013 k\u00f6lts\u00e9gek tart\u00f3s emelked\u00e9se is kik\u00e9nyszer\u00edti, mik\u00f6zben a kedvez\u0151 kamatszintek mellett olyan t\u00e1mogatott konstrukci\u00f3k is el\u00e9rhet\u0151ek, amelyek tov\u00e1bb seg\u00edtik a beruh\u00e1z\u00e1sok gyorsabb megt\u00e9r\u00fcl\u00e9s\u00e9t.<\/p>\n<p>A bank a borpiacon is hasonl\u00f3 folyamatokra sz\u00e1m\u00edt, k\u00f6z\u00e9pt\u00e1v\u00fa el\u0151rejelz\u00e9se szerint ugyanakkor a belf\u00f6ldi piac mennyis\u00e9gi n\u00f6veked\u00e9s\u00e9re m\u00e1r kev\u00e9sb\u00e9 lehet sz\u00e1m\u00edtani, \u00e9rt\u00e9kben viszont m\u00e9g jelent\u0151s b\u0151v\u00fcl\u00e9sre van lehet\u0151s\u00e9g, hiszen a kereslet egyre ink\u00e1bb a min\u0151s\u00e9gi term\u00e9kek fel\u00e9 fordul el.<\/p>\n","protected":false},"excerpt":{"rendered":"<p>Az Egri Borm\u0171hellyel is a borvid\u00e9k fejleszt\u00e9s\u00e9t c\u00e9lz\u00f3 egy\u00fcttm\u0171k\u00f6d\u00e9si meg\u00e1llapod\u00e1st \u00edrt al\u00e1 az Erste Bank. A p\u00e9nzint\u00e9zet tavaly 10 sz\u00e1zal\u00e9kkal n\u00f6velte borpiaci portf\u00f3li\u00f3j\u00e1t, mik\u00f6zben az agr\u00e1rfinansz\u00edroz\u00e1s a piaci \u00e1tlagot meghalad\u00f3 m\u00e9rt\u00e9kben b\u0151v\u00fclt, \u00e9s a bank id\u00e9n is jelent\u0151s n\u00f6veked\u00e9st tervez a ter\u00fcleten. Az Erste \u00fagy l\u00e1tja, id\u00e9n felgyorsul az agr\u00e1riumban az \u00e1rak emelked\u00e9se mik\u00f6zben a &#8230;<\/p>\n","protected":false},"author":1001003,"featured_media":0,"comment_status":"closed","ping_status":"open","sticky":false,"template":"","format":"standard","meta":[],"categories":[19],"tags":[],"_links":{"self":[{"href":"https:\/\/gazdasagportal.hu\/index.php\/wp-json\/wp\/v2\/posts\/124594"}],"collection":[{"href":"https:\/\/gazdasagportal.hu\/index.php\/wp-json\/wp\/v2\/posts"}],"about":[{"href":"https:\/\/gazdasagportal.hu\/index.php\/wp-json\/wp\/v2\/types\/post"}],"author":[{"embeddable":true,"href":"https:\/\/gazdasagportal.hu\/index.php\/wp-json\/wp\/v2\/users\/1001003"}],"replies":[{"embeddable":true,"href":"https:\/\/gazdasagportal.hu\/index.php\/wp-json\/wp\/v2\/comments?post=124594"}],"version-history":[{"count":1,"href":"https:\/\/gazdasagportal.hu\/index.php\/wp-json\/wp\/v2\/posts\/124594\/revisions"}],"predecessor-version":[{"id":124595,"href":"https:\/\/gazdasagportal.hu\/index.php\/wp-json\/wp\/v2\/posts\/124594\/revisions\/124595"}],"wp:attachment":[{"href":"https:\/\/gazdasagportal.hu\/index.php\/wp-json\/wp\/v2\/media?parent=124594"}],"wp:term":[{"taxonomy":"category","embeddable":true,"href":"https:\/\/gazdasagportal.hu\/index.php\/wp-json\/wp\/v2\/categories?post=124594"},{"taxonomy":"post_tag","embeddable":true,"href":"https:\/\/gazdasagportal.hu\/index.php\/wp-json\/wp\/v2\/tags?post=124594"}],"curies":[{"name":"wp","href":"https:\/\/api.w.org\/{rel}","templated":true}]}}