{"id":12459,"date":"2013-07-25T21:04:51","date_gmt":"2013-07-25T19:04:51","guid":{"rendered":"http:\/\/stockportal.hu\/?p=12459"},"modified":"2013-07-25T21:05:20","modified_gmt":"2013-07-25T19:05:20","slug":"ujra-dolgozik-a-csodbe-ment-osztrak-epitoipari-nagyvallalat-alkalmazottainak-tobbsege","status":"publish","type":"post","link":"https:\/\/gazdasagportal.hu\/index.php\/ujra-dolgozik-a-csodbe-ment-osztrak-epitoipari-nagyvallalat-alkalmazottainak-tobbsege\/","title":{"rendered":"\u00dajra dolgozik a cs\u0151dbe ment osztr\u00e1k \u00e9p\u00edt\u0151ipari nagyv\u00e1llalat alkalmazottainak t\u00f6bbs\u00e9ge"},"content":{"rendered":"<p><strong>Az Alpine osztr\u00e1k \u00e9p\u00edt\u0151ipari nagyv\u00e1llalat egykori alkalmazottainak nyolcvan sz\u00e1zal\u00e9ka van ism\u00e9t alkalmaz\u00e1sban &#8211; k\u00f6z\u00f6lte az \u00e9p\u00edt\u0151ipari szakszervezet cs\u00fct\u00f6rt\u00f6k\u00f6n, egy h\u00f3nappal a m\u00e1sodik vil\u00e1gh\u00e1bor\u00fa ut\u00e1ni legnagyobb osztr\u00e1k cs\u0151desetet k\u00f6vet\u0151en.<!--more--><\/strong><\/p>\n<p>Az Alpine ausztriai \u00e9p\u00edt\u0151ipari \u00fczlet\u00e1g\u00e1nak k\u00f6zel \u00f6tezer dolgoz\u00f3j\u00e1b\u00f3l megk\u00f6zel\u00edt\u0151leg n\u00e9gyezer volt ism\u00e9t \u00e1ll\u00e1sban egy h\u00f3nappal a fizet\u00e9sk\u00e9ptelens\u00e9g bejelent\u00e9se ut\u00e1n. A tov\u00e1bbfoglalkoztat\u00e1st az ausztriai le\u00e1nyv\u00e1llalat feldarabol\u00e1sa tette lehet\u0151v\u00e9, r\u00e9szben \u00fagynevezett \u00e1tvev\u0151 t\u00e1rsas\u00e1gok keret\u00e9ben, r\u00e9szben \u00fagy, hogy kisebb v\u00e1llalatok megv\u00e1s\u00e1rolt\u00e1k az Alpine region\u00e1lis egys\u00e9geit.<br \/>\nA cs\u0151d idej\u00e9n ezern\u00e9gysz\u00e1z \u00e9p\u00edtkez\u00e9sen dolgozott a v\u00e1llalat, ezek k\u00f6z\u00fcl j\u00falius v\u00e9g\u00e9n m\u00e9g k\u00e9tsz\u00e1z volt &#8222;gazd\u00e1tlan&#8221;.<br \/>\nA szakszervezet nem k\u00f6z\u00f6lt becsl\u00e9seket arr\u00f3l, hogy h\u00e1ny dolgoz\u00f3 hossz\u00fa t\u00e1v\u00fa foglalkoztat\u00e1sa biztos\u00edtott \u00faj munkahely\u00e9n, illetve h\u00e1nynak a munkaviszonya sz\u0171nhet meg azut\u00e1n, hogy \u00faj munk\u00e1ltat\u00f3ja kivitelezte az Alpine-t\u0151l \u00e1tvett megb\u00edz\u00e1st.<br \/>\nAusztria m\u00e1sodik legnagyobb \u00e9p\u00edt\u0151ipari v\u00e1llalata j\u00fanius v\u00e9g\u00e9n jelentett cs\u0151d\u00f6t, miut\u00e1n sz\u00e1z sz\u00e1zal\u00e9kos tulajdonosa, a spanyol FCC konszern besz\u00fcntette a cs\u0151delj\u00e1r\u00e1son k\u00edv\u00fcli szan\u00e1l\u00e1si k\u00eds\u00e9rlet finansz\u00edroz\u00e1s\u00e1t. Az Eur\u00f3p\u00e1ban, \u00c1zsi\u00e1ban \u00e9s a tengerent\u00falon \u00f6sszesen 15 ezer dolgoz\u00f3t foglalkoztat\u00f3 csoport m\u00e1s v\u00e1llalatr\u00e9szei tov\u00e1bb m\u0171k\u00f6dnek.<br \/>\nAz Alpine cs\u0151dj\u00e9nek s\u00faly\u00e1t n\u00f6velte, hogy \u00f6sszesen ezern\u00e9gysz\u00e1z besz\u00e1ll\u00edt\u00f3ja van Ausztri\u00e1ban. Az osztr\u00e1k korm\u00e1ny ez\u00e9rt n\u00e9h\u00e1ny nappal a fizet\u00e9sk\u00e9ptelens\u00e9g bejelent\u00e9s\u00e9t k\u00f6vet\u0151en elfogadott egy h\u00e1rom \u00e9s f\u00e9l \u00e9vre sz\u00f3l\u00f3, 1,6 milli\u00e1rd eur\u00f3s konjunkt\u00fara-\u00e9l\u00e9nk\u00edt\u0151 csomagot, amellyel az elh\u00faz\u00f3d\u00f3 gazdas\u00e1gi fellend\u00fcl\u00e9st akarja felgyors\u00edtani, valamint megel\u0151zni az Alpine-cs\u0151d tov\u00e1bbgy\u0171r\u0171z\u00e9s\u00e9t.(MTI)<\/p>\n","protected":false},"excerpt":{"rendered":"<p>Az Alpine osztr\u00e1k \u00e9p\u00edt\u0151ipari nagyv\u00e1llalat egykori alkalmazottainak nyolcvan sz\u00e1zal\u00e9ka van ism\u00e9t alkalmaz\u00e1sban &#8211; k\u00f6z\u00f6lte az \u00e9p\u00edt\u0151ipari szakszervezet cs\u00fct\u00f6rt\u00f6k\u00f6n, egy h\u00f3nappal a m\u00e1sodik vil\u00e1gh\u00e1bor\u00fa ut\u00e1ni legnagyobb osztr\u00e1k cs\u0151desetet k\u00f6vet\u0151en.<\/p>\n","protected":false},"author":1,"featured_media":0,"comment_status":"open","ping_status":"closed","sticky":false,"template":"","format":"standard","meta":[],"categories":[12],"tags":[],"_links":{"self":[{"href":"https:\/\/gazdasagportal.hu\/index.php\/wp-json\/wp\/v2\/posts\/12459"}],"collection":[{"href":"https:\/\/gazdasagportal.hu\/index.php\/wp-json\/wp\/v2\/posts"}],"about":[{"href":"https:\/\/gazdasagportal.hu\/index.php\/wp-json\/wp\/v2\/types\/post"}],"author":[{"embeddable":true,"href":"https:\/\/gazdasagportal.hu\/index.php\/wp-json\/wp\/v2\/users\/1"}],"replies":[{"embeddable":true,"href":"https:\/\/gazdasagportal.hu\/index.php\/wp-json\/wp\/v2\/comments?post=12459"}],"version-history":[{"count":3,"href":"https:\/\/gazdasagportal.hu\/index.php\/wp-json\/wp\/v2\/posts\/12459\/revisions"}],"predecessor-version":[{"id":12461,"href":"https:\/\/gazdasagportal.hu\/index.php\/wp-json\/wp\/v2\/posts\/12459\/revisions\/12461"}],"wp:attachment":[{"href":"https:\/\/gazdasagportal.hu\/index.php\/wp-json\/wp\/v2\/media?parent=12459"}],"wp:term":[{"taxonomy":"category","embeddable":true,"href":"https:\/\/gazdasagportal.hu\/index.php\/wp-json\/wp\/v2\/categories?post=12459"},{"taxonomy":"post_tag","embeddable":true,"href":"https:\/\/gazdasagportal.hu\/index.php\/wp-json\/wp\/v2\/tags?post=12459"}],"curies":[{"name":"wp","href":"https:\/\/api.w.org\/{rel}","templated":true}]}}