{"id":124549,"date":"2020-03-05T18:19:54","date_gmt":"2020-03-05T17:19:54","guid":{"rendered":"http:\/\/gazdasagportal.hu\/?p=124549"},"modified":"2020-03-05T17:20:40","modified_gmt":"2020-03-05T16:20:40","slug":"veszteseges-evet-zart-a-continental","status":"publish","type":"post","link":"https:\/\/gazdasagportal.hu\/index.php\/veszteseges-evet-zart-a-continental\/","title":{"rendered":"Vesztes\u00e9ges \u00e9vet z\u00e1rt a Continental"},"content":{"rendered":"<p><strong>Az el\u0151z\u0151 \u00e9vin\u00e9l kiss\u00e9 magasabb forgalom, de cs\u00f6kken\u0151 eredm\u00e9nyess\u00e9g mellett egyszeri t\u00e9telek miatt vesztes\u00e9gbe fordult 2019-ben a Continental AG gumiabroncsgy\u00e1rt\u00f3 \u00e9s j\u00e1rm\u0171ipari alkatr\u00e9sz besz\u00e1ll\u00edt\u00f3 v\u00e1llalat m\u00e9rlege a c\u00e9g honlapj\u00e1n cs\u00fct\u00f6rt\u00f6k\u00f6n k\u00f6zz\u00e9tett \u00e9ves jelent\u00e9s szerint.<\/strong><!--more--><\/p>\n<div class=\"ads-in-post1\"><div id=\"gazdasagportal.hu_fullbanner_wideboard\"><\/div>\r\n<\/div>\n<p>A Continental 2019-ben az aut\u00f3ipari vil\u00e1gpiaci forgalom hat sz\u00e1zal\u00e9kos cs\u00f6kken\u00e9se mellett az el\u0151z\u0151 \u00e9vivel k\u00f6zel megegyez\u0151, 44,47 milli\u00e1rd eur\u00f3 \u00e9rt\u00e9kes\u00edt\u00e9si \u00e1rbev\u00e9telt \u00e9s 10,58 milli\u00e1rd eur\u00f3 m\u0171k\u00f6d\u00e9si eredm\u00e9nyt \u00e9rt el. 2018-ban 44,40 milli\u00e1rd eur\u00f3 volt a Continental \u00e9rt\u00e9kes\u00edt\u00e9si \u00e1rbev\u00e9tele \u00e9s 11,10 milli\u00e1rd eur\u00f3 a m\u0171k\u00f6d\u00e9si eredm\u00e9nye.<br \/>\nA kamatfizet\u00e9s, ad\u00f3z\u00e1s \u00e9s \u00e9rt\u00e9kcs\u00f6kken\u00e9si le\u00edr\u00e1s el\u0151tti eredm\u00e9ny 4,97 milli\u00e1rd eur\u00f3ra cs\u00f6kkent 6,23 milli\u00e1rd eur\u00f3r\u00f3l, a bev\u00e9telar\u00e1nyos j\u00f6vedelmez\u0151s\u00e9g \u00edgy 11,2 sz\u00e1zal\u00e9kra 14,0 sz\u00e1zal\u00e9kr\u00f3l.<br \/>\nA kamat- \u00e9s ad\u00f3fizet\u00e9s el\u0151tti (EBIT) eredm\u00e9ny 268,3 milli\u00f3 eur\u00f3 hi\u00e1ny lett a 2018-as 4,024 milli\u00e1rd eur\u00f3 t\u00f6bblet ut\u00e1n. Egyszeri t\u00e9telekkel kiigaz\u00edtva az EBIT 3,23 milli\u00e1rd eur\u00f3ra cs\u00f6kkent 4,12 milli\u00e1rd eur\u00f3r\u00f3l.<br \/>\nA r\u00e9szv\u00e9nyesekre jut\u00f3 m\u00e9rleg szerinti eredm\u00e9ny 1,17 milli\u00e1rd eur\u00f3 vesztes\u00e9g lett 2019-ben az el\u0151z\u0151 \u00e9vi 2,96 milli\u00e1rd eur\u00f3 nyeres\u00e9g ut\u00e1n. Egy r\u00e9szv\u00e9nyre vet\u00edtve 6,13 eur\u00f3 lett a vesztes\u00e9g a 2018-as 14,49 eur\u00f3s egy r\u00e9szv\u00e9nyre jut\u00f3 nyeres\u00e9g ut\u00e1n. A c\u00e9g vezet\u00e9se 4,00 eur\u00f3s osztal\u00e9kra tesz javaslatot a r\u00e9szv\u00e9nyeseknek a 2018-as 4,75 eur\u00f3s osztal\u00e9k ut\u00e1n.<br \/>\nA csoporton bel\u00fcl az aut\u00f3ipari \u00fczlet\u00e1g 26,52 milli\u00e1rd eur\u00f3 forgalmat bonyol\u00edtott tavaly az el\u0151z\u0151 \u00e9vi 26,85 milli\u00e1rd ut\u00e1n. Az EBITDA eredm\u00e9ny 1,92 milli\u00e1rd eur\u00f3ra cs\u00f6kkent 3,17 milli\u00e1rdr\u00f3l, a bev\u00e9telar\u00e1nyos j\u00f6vedelmez\u0151s\u00e9g pedig 7,2 sz\u00e1zal\u00e9kra 11,8 sz\u00e1zal\u00e9kr\u00f3l.<br \/>\n<div class=\"ads-in-post2\"><script async src=\"https:\/\/pagead2.googlesyndication.com\/pagead\/js\/adsbygoogle.js\"><\/script>\r\n<ins class=\"adsbygoogle\"\r\n     style=\"display:block\"\r\n     data-ad-format=\"fluid\"\r\n     data-ad-layout-key=\"-6t+ed+2i-1n-4w\"\r\n     data-ad-client=\"ca-pub-1959107119989764\"\r\n     data-ad-slot=\"4008251320\"><\/ins>\r\n<script>\r\n     (adsbygoogle = window.adsbygoogle || []).push({});\r\n<\/script><\/div>\nA gumiabroncs \u00fczlet\u00e1g 18,01 milli\u00e1rd eur\u00f3ra n\u00f6velte forgalm\u00e1t 17,60 milli\u00e1rd eur\u00f3r\u00f3l, az EBITDA eredm\u00e9ny 3,16 milli\u00e1rd eur\u00f3 lett 3,19 milli\u00e1rd eur\u00f3 ut\u00e1n, a bev\u00e9telar\u00e1nyos j\u00f6vedelmez\u0151s\u00e9g pedig 17,6 sz\u00e1zal\u00e9kra cs\u00f6kkent 18,2 sz\u00e1zal\u00e9kr\u00f3l.<br \/>\n&#8222;A Continental a legnehezebb id\u0151kben is t\u00falteljes\u00edti versenyt\u00e1rsait&#8221; &#8211; foglalta \u00f6ssze az eredm\u00e9nyadatokat Elmar Degenhart vez\u00e9rigazgat\u00f3, a c\u00e9gnek a hat sz\u00e1zal\u00e9kkal zsugorod\u00f3 aut\u00f3ipari piacon ny\u00fajtott teljes\u00edtm\u00e9ny\u00e9re utalva.<br \/>\nA Continental az id\u00e9n is vil\u00e1gpiaci forgalomcs\u00f6kken\u00e9sre sz\u00e1m\u00edt az aut\u00f3iparban, imm\u00e1r sorban a harmadik \u00e9ve. A v\u00e1rt forgalomcs\u00f6kken\u00e9s a koronav\u00edrus-j\u00e1rv\u00e1ny jelenleg megbecs\u00fclhet\u0151 k\u00f6vetkezm\u00e9nyeit is bele\u00e9rtve 2 \u00e9s 5 sz\u00e1zal\u00e9k k\u00f6z\u00f6tt lehet 2020-ban. Az \u00e9v els\u0151 h\u00e1rom h\u00f3napj\u00e1ban viszont t\u00edz sz\u00e1zal\u00e9k is lehet a glob\u00e1lis termel\u00e9scs\u00f6kken\u00e9s az aut\u00f3iparban, ezen bel\u00fcl K\u00edn\u00e1ban ak\u00e1r harminc sz\u00e1zal\u00e9kos is.<br \/>\nAz id\u00e9n a Continental 42,5-44,5 milli\u00e1rd eur\u00f3s forgalmat tervez el\u00e9rni bev\u00e9telar\u00e1nyosan 5,5 \u00e9s 6,5 sz\u00e1zal\u00e9k k\u00f6z\u00f6tti EBIT mellett. Az aut\u00f3ipari \u00fczlet\u00e1g bev\u00e9tele 25,5-26,5 milli\u00e1rd eur\u00f3 k\u00f6z\u00f6tt lehet az id\u00e9n 3-4 sz\u00e1zal\u00e9kos m\u0171k\u00f6d\u00e9si eredm\u00e9nykulcs mellet, az abroncsgy\u00e1rt\u00f3 \u00fczlet\u00e1g\u00e9 pedig 17-18 milli\u00e1rd eur\u00f3 10-11 sz\u00e1zal\u00e9kos EBIT-ar\u00e1nnyal.<br \/>\nA Continental a &#8222;Transformation 2019-2029&#8221; struktur\u00e1lis \u00e1talak\u00edt\u00e1si terv\u00e9vel veszi fel az aut\u00f3ipari korszakv\u00e1lt\u00e1s \u00e1ltal dobott keszty\u0171t. A terv 2019 szeptemberi \u00e9letbe l\u00e9ptet\u00e9se \u00f3ta azonban a glob\u00e1lis gazdas\u00e1gi k\u00f6rnyezet roml\u00e1sa a 2008\/2009-es gazdas\u00e1gi \u00e9s p\u00e9nz\u00fcgyi v\u00e1ls\u00e1g \u00f3ta nem l\u00e1tott m\u00e9rt\u00e9k\u0171 visszaes\u00e9st okozott a szem\u00e9lyg\u00e9pkocsik \u00e9s kis-haszong\u00e9pj\u00e1rm\u0171vek piac\u00e1n. A koronav\u00edrus-fert\u0151z\u00e9s megjelen\u00e9se pedig a helyzetet csak tov\u00e1bb s\u00falyosb\u00edtotta.<br \/>\nElmar Degenhart vez\u00e9rigazgat\u00f3 elmondta: a Continental \u00f6sszes tev\u00e9kenys\u00e9gi k\u00f6r\u00e9ben a term\u00e9kekt\u0151l az \u00fczleti modelleken \u00e1t eg\u00e9szen a szervezeti strukt\u00far\u00e1ig mindent fel\u00f6lel\u0151 gy\u00f6keres \u00e1talak\u00edt\u00e1st hajt v\u00e9gre. A Continental m\u00e1r id\u0151ben szil\u00e1rd technol\u00f3giai b\u00e1zist \u00e9p\u00edtett ki mag\u00e1nak \u00e9s stabil p\u00e9nz\u00fcgyi helyzetre tett szert. &#8222;Sokkal jobb helyzetben vagyunk mint az el\u0151z\u0151 aut\u00f3ipari visszaes\u00e9s idej\u00e9n voltunk \u00e9s pontos terveink vannak a sikerhez vezet\u0151 \u00fatra&#8221; &#8211; fogalmazott.<br \/>\n<a title=\"Hely megnyit\u00e1sa\" href=\"https:\/\/www.continental.com\/en\/press\/press-releases\/fiscal-year-2019-215566\" target=\"_blank\" rel=\"noopener noreferrer\">https:\/\/www.continental.com\/en\/press\/press-releases\/fiscal-year-2019-215566<\/a><\/p>\n<p>&nbsp;<br \/>\n(MTI)<\/p><div id=\"gazda-3404165905\" class=\"gazda-tartalomban gazda-entity-placement\"><script async src=\"https:\/\/pagead2.googlesyndication.com\/pagead\/js\/adsbygoogle.js\"><\/script>\r\n<ins class=\"adsbygoogle\"\r\n     style=\"display:block\"\r\n     data-ad-format=\"fluid\"\r\n     data-ad-layout-key=\"-6t+ed+2i-1n-4w\"\r\n     data-ad-client=\"ca-pub-1959107119989764\"\r\n     data-ad-slot=\"4008251320\"><\/ins>\r\n<script>\r\n     (adsbygoogle = window.adsbygoogle || []).push({});\r\n<\/script><\/div>\n","protected":false},"excerpt":{"rendered":"<p>Az el\u0151z\u0151 \u00e9vin\u00e9l kiss\u00e9 magasabb forgalom, de cs\u00f6kken\u0151 eredm\u00e9nyess\u00e9g mellett egyszeri t\u00e9telek miatt vesztes\u00e9gbe fordult 2019-ben a Continental AG gumiabroncsgy\u00e1rt\u00f3 \u00e9s j\u00e1rm\u0171ipari alkatr\u00e9sz besz\u00e1ll\u00edt\u00f3 v\u00e1llalat m\u00e9rlege a c\u00e9g honlapj\u00e1n cs\u00fct\u00f6rt\u00f6k\u00f6n k\u00f6zz\u00e9tett \u00e9ves jelent\u00e9s szerint.<\/p>\n","protected":false},"author":1,"featured_media":0,"comment_status":"closed","ping_status":"open","sticky":false,"template":"","format":"standard","meta":[],"categories":[8],"tags":[],"_links":{"self":[{"href":"https:\/\/gazdasagportal.hu\/index.php\/wp-json\/wp\/v2\/posts\/124549"}],"collection":[{"href":"https:\/\/gazdasagportal.hu\/index.php\/wp-json\/wp\/v2\/posts"}],"about":[{"href":"https:\/\/gazdasagportal.hu\/index.php\/wp-json\/wp\/v2\/types\/post"}],"author":[{"embeddable":true,"href":"https:\/\/gazdasagportal.hu\/index.php\/wp-json\/wp\/v2\/users\/1"}],"replies":[{"embeddable":true,"href":"https:\/\/gazdasagportal.hu\/index.php\/wp-json\/wp\/v2\/comments?post=124549"}],"version-history":[{"count":1,"href":"https:\/\/gazdasagportal.hu\/index.php\/wp-json\/wp\/v2\/posts\/124549\/revisions"}],"predecessor-version":[{"id":124550,"href":"https:\/\/gazdasagportal.hu\/index.php\/wp-json\/wp\/v2\/posts\/124549\/revisions\/124550"}],"wp:attachment":[{"href":"https:\/\/gazdasagportal.hu\/index.php\/wp-json\/wp\/v2\/media?parent=124549"}],"wp:term":[{"taxonomy":"category","embeddable":true,"href":"https:\/\/gazdasagportal.hu\/index.php\/wp-json\/wp\/v2\/categories?post=124549"},{"taxonomy":"post_tag","embeddable":true,"href":"https:\/\/gazdasagportal.hu\/index.php\/wp-json\/wp\/v2\/tags?post=124549"}],"curies":[{"name":"wp","href":"https:\/\/api.w.org\/{rel}","templated":true}]}}