{"id":12442,"date":"2013-07-25T16:47:18","date_gmt":"2013-07-25T14:47:18","guid":{"rendered":"http:\/\/stockportal.hu\/?p=12442"},"modified":"2013-07-25T16:47:42","modified_gmt":"2013-07-25T14:47:42","slug":"a-negyedeves-eredmenycsokkenes-ellenere-eves-szinten-novekedest-var-a-basf","status":"publish","type":"post","link":"https:\/\/gazdasagportal.hu\/index.php\/a-negyedeves-eredmenycsokkenes-ellenere-eves-szinten-novekedest-var-a-basf\/","title":{"rendered":"A negyed\u00e9ves eredm\u00e9nycs\u00f6kken\u00e9s ellen\u00e9re \u00e9ves szinten n\u00f6veked\u00e9st v\u00e1r a BASF"},"content":{"rendered":"<p><strong>A m\u00e1sodik negyed\u00e9vben n\u00f6vekv\u0151 \u00e1rbev\u00e9tele ellen\u00e9re cs\u00f6kkent a n\u00e9met BASF \u00fczleti eredm\u00e9nye, de a v\u00e1llalat a roml\u00f3 vil\u00e1ggazdas\u00e1gi k\u00f6rnyezeti felt\u00e9telek mellett is forgalm\u00e1nak \u00e9s eredm\u00e9ny\u00e9nek javul\u00e1s\u00e1ra sz\u00e1m\u00edt az id\u00e9n &#8211; t\u00e1j\u00e9koztatta cs\u00fct\u00f6rt\u00f6k\u00f6n a BASF az MTI-t.<!--more--><\/strong><\/p>\n<p>A n\u00e9met BASF vegyipari konszern az idei m\u00e1sodik negyed\u00e9vben 2012 m\u00e1sodik negyed\u00e9v\u00e9hez k\u00e9pest 3 sz\u00e1zal\u00e9kkal 18,4 milli\u00e1rd eur\u00f3ra n\u00f6velte \u00e9rt\u00e9kes\u00edt\u00e9si \u00e1rbev\u00e9tel\u00e9t. A bev\u00e9tel a konszern \u00f6sszes tev\u00e9kenys\u00e9gi ter\u00fclet\u00e9n n\u00f6vekedett a besz\u00e1mol\u00e1si id\u0151szakban.<br \/>\nAz \u00fczleti eredm\u00e9ny (EBIT) viszont rendk\u00edv\u00fcli t\u00e9telek lesz\u00e1m\u00edt\u00e1s\u00e1val az el\u0151z\u0151 \u00e9vihez k\u00e9pest 5 sz\u00e1zal\u00e9kkal 1,8 milli\u00e1rd eur\u00f3ra cs\u00f6kkent. Elemz\u0151k k\u00e9tmilli\u00e1rd eur\u00f3s \u00fczleti eredm\u00e9nyt v\u00e1rtak. Az ad\u00f3zott eredm\u00e9ny a m\u00e1sodik negyed\u00e9vben 4,2 sz\u00e1zal\u00e9kkal 1,16 milli\u00e1rd eur\u00f3ra cs\u00f6kkent.<br \/>\nAz els\u0151 f\u00e9l\u00e9vben a konszern \u00e9rt\u00e9kes\u00edt\u00e9si \u00e1rbev\u00e9tele az egy \u00e9vvel kor\u00e1bbihoz k\u00e9pest n\u00e9gy sz\u00e1zal\u00e9kkal emelkedett 38,1 milli\u00e1rd eur\u00f3ra, a rendk\u00edv\u00fcli t\u00e9telekt\u0151l megtiszt\u00edtott \u00fczleti eredm\u00e9ny pedig 3 sz\u00e1zal\u00e9kkal t\u00f6bb mint n\u00e9gymilli\u00e1rd eur\u00f3ra n\u0151tt.<br \/>\nKurt Bock, a BASF SE igazgat\u00f3tan\u00e1cs\u00e1nak eln\u00f6ke a negyed\u00e9ves eredm\u00e9nyt bemutat\u00f3 sajt\u00f3konferenci\u00e1n elmondta, a f\u00e9l\u00e9ves \u00e1rbev\u00e9tel \u00e9s az eredm\u00e9ny n\u00f6veked\u00e9s\u00e9ben meghat\u00e1roz\u00f3 szerepet j\u00e1tszott a konszern n\u00f6v\u00e9nyv\u00e9d\u0151szer-\u00fczlet\u00e1ga, jelent\u0151s eredm\u00e9nyn\u00f6veked\u00e9st siker\u00fclt el\u00e9rni a Functional Materials &amp; Solutions \u00fczlet\u00e1gban is, illetve az olaj- \u00e9s g\u00e1zipari \u00fczlet\u00e1g \u00e9rt\u00e9kes\u00edt\u00e9si volumen\u00e9nek n\u00f6veked\u00e9se is nagyban el\u0151seg\u00edtette az \u00e1rbev\u00e9tel \u00e9s az eredm\u00e9ny n\u00f6veked\u00e9s\u00e9t.<br \/>\n\u00c9ves gazd\u00e1lkod\u00e1si el\u0151rejelz\u00e9s\u00e9ben a BASF az \u00fczleti k\u00f6rnyezet enyhe roml\u00e1s\u00e1b\u00f3l indul ki. A konszern kiss\u00e9 visszafogta idei glob\u00e1lis gazdas\u00e1gi el\u0151rejelz\u00e9s\u00e9nek keretsz\u00e1mait. A glob\u00e1lis GDP-n\u00f6veked\u00e9s eszerint a kor\u00e1bban felt\u00e9telezett 2,4 sz\u00e1zal\u00e9k helyett 2,0 sz\u00e1zal\u00e9k lesz, az ipari termel\u00e9s 3,4 sz\u00e1zal\u00e9k helyett 2,7 sz\u00e1zal\u00e9kkal n\u00f6vekszik, ezen bel\u00fcl pedig a vegyipari termel\u00e9s 3,6 sz\u00e1zal\u00e9k helyett 3,1 sz\u00e1zal\u00e9kkal.<br \/>\nA BASF az \u00e9v m\u00e1sodik fel\u00e9re is v\u00e1ltozatlanul 1,30 doll\u00e1ros eur\u00f3\u00e1rfolyammal sz\u00e1mol, olaj\u00e1r-el\u0151rejelz\u00e9s\u00e9t viszont hord\u00f3nk\u00e9nti 110 doll\u00e1rr\u00f3l 105 doll\u00e1rra cs\u00f6kkentette.<br \/>\nKurt Bock azonban a t\u00e1j\u00e9koztat\u00f3n hangs\u00falyozta, hogy a roml\u00f3 k\u00f6rnyezeti felt\u00e9telek ellen\u00e9re a BASF mind \u00e9rt\u00e9kes\u00edt\u00e9si \u00e1rbev\u00e9tele, mind pedig a rendk\u00edv\u00fcli t\u00e9telekt\u0151l megtiszt\u00edtott \u00fczleti eredm\u00e9ny tekintet\u00e9ben n\u00f6veked\u00e9sre sz\u00e1m\u00edt az id\u00e9n a 2012-eshez k\u00e9pest. A BASF az id\u00e9n 300 milli\u00f3 eur\u00f3 megtakar\u00edt\u00e1st v\u00e1r &#8222;STEP&#8221; k\u00f6lts\u00e9gcs\u00f6kkent\u00e9si programj\u00e1t\u00f3l, amelynek c\u00e9lja 2015-re \u00e9vi egymilli\u00e1rd eur\u00f3s k\u00f6lts\u00e9gcs\u00f6kkent\u00e9s el\u00e9r\u00e9se a 2011-es b\u00e1zis\u00e9vhez viszony\u00edtva.<br \/>\nA vil\u00e1gszerte mintegy 110 ezer alkalmazottat foglalkoztat\u00f3 n\u00e9met BASF vegyipari konszern 2012-ben 72,13 milli\u00e1rd eur\u00f3 forgalmat bonyol\u00edtott, \u00e9s 6,65 milli\u00e1rd eur\u00f3 \u00fczleti eredm\u00e9nyt \u00e9rt el.(MTI)<\/p>\n","protected":false},"excerpt":{"rendered":"<p>A m\u00e1sodik negyed\u00e9vben n\u00f6vekv\u0151 \u00e1rbev\u00e9tele ellen\u00e9re cs\u00f6kkent a n\u00e9met BASF \u00fczleti eredm\u00e9nye, de a v\u00e1llalat a roml\u00f3 vil\u00e1ggazdas\u00e1gi k\u00f6rnyezeti felt\u00e9telek mellett is forgalm\u00e1nak \u00e9s eredm\u00e9ny\u00e9nek javul\u00e1s\u00e1ra sz\u00e1m\u00edt az id\u00e9n &#8211; t\u00e1j\u00e9koztatta cs\u00fct\u00f6rt\u00f6k\u00f6n a BASF az MTI-t.<\/p>\n","protected":false},"author":1,"featured_media":0,"comment_status":"open","ping_status":"closed","sticky":false,"template":"","format":"standard","meta":[],"categories":[8],"tags":[],"_links":{"self":[{"href":"https:\/\/gazdasagportal.hu\/index.php\/wp-json\/wp\/v2\/posts\/12442"}],"collection":[{"href":"https:\/\/gazdasagportal.hu\/index.php\/wp-json\/wp\/v2\/posts"}],"about":[{"href":"https:\/\/gazdasagportal.hu\/index.php\/wp-json\/wp\/v2\/types\/post"}],"author":[{"embeddable":true,"href":"https:\/\/gazdasagportal.hu\/index.php\/wp-json\/wp\/v2\/users\/1"}],"replies":[{"embeddable":true,"href":"https:\/\/gazdasagportal.hu\/index.php\/wp-json\/wp\/v2\/comments?post=12442"}],"version-history":[{"count":3,"href":"https:\/\/gazdasagportal.hu\/index.php\/wp-json\/wp\/v2\/posts\/12442\/revisions"}],"predecessor-version":[{"id":12444,"href":"https:\/\/gazdasagportal.hu\/index.php\/wp-json\/wp\/v2\/posts\/12442\/revisions\/12444"}],"wp:attachment":[{"href":"https:\/\/gazdasagportal.hu\/index.php\/wp-json\/wp\/v2\/media?parent=12442"}],"wp:term":[{"taxonomy":"category","embeddable":true,"href":"https:\/\/gazdasagportal.hu\/index.php\/wp-json\/wp\/v2\/categories?post=12442"},{"taxonomy":"post_tag","embeddable":true,"href":"https:\/\/gazdasagportal.hu\/index.php\/wp-json\/wp\/v2\/tags?post=12442"}],"curies":[{"name":"wp","href":"https:\/\/api.w.org\/{rel}","templated":true}]}}