{"id":124411,"date":"2020-03-01T12:03:25","date_gmt":"2020-03-01T11:03:25","guid":{"rendered":"http:\/\/gazdasagportal.hu\/?p=124411"},"modified":"2020-03-01T09:04:32","modified_gmt":"2020-03-01T08:04:32","slug":"heti-makronaptar-az-iparrol-a-kulkereskedelemrol-a-kiskereskedelemrol-erkeznek-adatok-a-jovo-heten","status":"publish","type":"post","link":"https:\/\/gazdasagportal.hu\/index.php\/heti-makronaptar-az-iparrol-a-kulkereskedelemrol-a-kiskereskedelemrol-erkeznek-adatok-a-jovo-heten\/","title":{"rendered":"Heti makronapt\u00e1r &#8211; Az iparr\u00f3l, a k\u00fclkereskedelemr\u0151l, a kiskereskedelemr\u0151l \u00e9rkeznek adatok a j\u00f6v\u0151 h\u00e9ten"},"content":{"rendered":"<p><strong>T\u00f6bb statisztikai adat is megjelenik a k\u00f6vetkez\u0151 h\u00e9ten, k\u00f6zt\u00fck a janu\u00e1ri ipari termel\u00e9s \u00e9s a tavaly decemberi k\u00fclkereskedelmi term\u00e9kforgalom r\u00e9szletes adatai.<\/strong><!--more--><\/p>\n<div class=\"ads-in-post1\"><div id=\"gazdasagportal.hu_fullbanner_wideboard\"><\/div>\r\n<\/div>\n<p>    H\u00e9tf\u0151n megjelenik a Magyar Logisztikai, Beszerz\u00e9si \u00e9s K\u00e9szletez\u00e9si T\u00e1rsas\u00e1g (MLKBT) febru\u00e1ri beszerz\u00e9simenedzser-indexe (BMI).<br \/>\n    Kedden teszi k\u00f6zz\u00e9 a K\u00f6zponti Statisztikai Hivatal (KSH) az ipari termel\u0151i \u00e1rak janu\u00e1ri alakul\u00e1s\u00e1r\u00f3l sz\u00f3l\u00f3 statisztik\u00e1t \u00e9s a tavaly decemberi k\u00fclkereskedelmi term\u00e9kforgalom r\u00e9szletes adatait.    Tavaly decemberben az ipari termel\u0151i \u00e1rak 2,4 sz\u00e1zal\u00e9kkal haladt\u00e1k meg az egy \u00e9vvel kor\u00e1bbiakat. A belf\u00f6ldi \u00e9rt\u00e9kes\u00edt\u00e9si \u00e1rak \u00e1tlagosan 3,3 sz\u00e1zal\u00e9kkal n\u0151ttek, ezen bel\u00fcl a feldolgoz\u00f3ipar \u00e1rai 4,8, az energiaipar\u00e9 0,3 sz\u00e1zal\u00e9kkal emelkedtek az egy \u00e9vvel kor\u00e1bbihoz m\u00e9rten. Az export\u00e9rt\u00e9kes\u00edt\u00e9s \u00e1rai 1,9 sz\u00e1zal\u00e9kkal n\u0151ttek 2018 december\u00e9hez k\u00e9pest. A m\u00falt \u00e9v eg\u00e9sz\u00e9nek \u00e1tlag\u00e1ban az ipari termel\u0151i \u00e1rak 2,1 sz\u00e1zal\u00e9kkal voltak magasabbak, mint 2018-ban.<br \/>\n    Az els\u0151 becsl\u00e9s szerint az export eur\u00f3ban sz\u00e1molt \u00e9rt\u00e9ke 4,0 sz\u00e1zal\u00e9kkal, az import\u00e9 4,8 sz\u00e1zal\u00e9kkal n\u0151tt 2019-ben az el\u0151z\u0151 \u00e9vihez k\u00e9pest, a k\u00fclkereskedelmi m\u00e9rleg t\u00f6bblete 4,985 milli\u00e1rd eur\u00f3 lett, 535 milli\u00f3 eur\u00f3val cs\u00f6kkent. Tavaly decemberben az export eur\u00f3ban sz\u00e1m\u00edtott \u00e9rt\u00e9ke 0,8 sz\u00e1zal\u00e9kkal cs\u00f6kkent, az import\u00e9 2,6 sz\u00e1zal\u00e9kkal n\u0151tt az el\u0151z\u0151 \u00e9v azonos h\u00f3napj\u00e1hoz k\u00e9pest. Az exportt\u00f6bblet 247 milli\u00f3 eur\u00f3val cs\u00f6kkent, 134 milli\u00f3 eur\u00f3 volt.<br \/>\n<div class=\"ads-in-post2\"><script async src=\"https:\/\/pagead2.googlesyndication.com\/pagead\/js\/adsbygoogle.js\"><\/script>\r\n<ins class=\"adsbygoogle\"\r\n     style=\"display:block\"\r\n     data-ad-format=\"fluid\"\r\n     data-ad-layout-key=\"-6t+ed+2i-1n-4w\"\r\n     data-ad-client=\"ca-pub-1959107119989764\"\r\n     data-ad-slot=\"4008251320\"><\/ins>\r\n<script>\r\n     (adsbygoogle = window.adsbygoogle || []).push({});\r\n<\/script><\/div>\n    Szerd\u00e1n a janu\u00e1ri kiskereskedelmi forgalom statisztik\u00e1j\u00e1t k\u00f6zlik. Tavaly az \u00e9v eg\u00e9sz\u00e9ben hat sz\u00e1zal\u00e9kkal n\u0151tt a  kiskereskedelmi forgalom volumene mind a nyers, mind a napt\u00e1rhat\u00e1st\u00f3l megtiszt\u00edtott adat szerint az el\u0151z\u0151 \u00e9vi 6,7 sz\u00e1zal\u00e9k ut\u00e1n, decemberben a nyers adat szerint 6,7, napt\u00e1rhat\u00e1st\u00f3l megtiszt\u00edtva 6,1 sz\u00e1zal\u00e9kkal haladta meg az egy \u00e9vvel kor\u00e1bbit.<br \/>\n    P\u00e9nteken jelenik meg az ipari termel\u00e9s janu\u00e1ri els\u0151 becsl\u00e9se. Az ipari termel\u00e9s 5,4 sz\u00e1zal\u00e9kkal n\u0151tt tavaly az el\u0151z\u0151 \u00e9vi 3,5 sz\u00e1zal\u00e9k ut\u00e1n. Tavaly decemberben az ipari termel\u00e9s volumene 1,2 sz\u00e1zal\u00e9kkal elmaradt az egy \u00e9vvel kor\u00e1bbit\u00f3l a novemberi 3,6 sz\u00e1zal\u00e9kos n\u00f6veked\u00e9st k\u00f6vet\u0151en. Munkanaphat\u00e1st\u00f3l megtiszt\u00edtott adatok szerint 3,7 sz\u00e1zal\u00e9kkal cs\u00f6kkent a termel\u00e9s \u00e9ves \u00f6sszevet\u00e9sben.<br \/>\n    P\u00e9nteken teszi k\u00f6zz\u00e9 a P\u00e9nz\u00fcgyminiszt\u00e9rium a gyorst\u00e1j\u00e9koztat\u00f3t az \u00e1llamh\u00e1ztart\u00e1s k\u00f6zponti alrendszer\u00e9nek 2020. febru\u00e1r v\u00e9gi helyzet\u00e9r\u0151l. A r\u00e9szletes adatok alapj\u00e1n az \u00e1llamh\u00e1ztart\u00e1s \u00f6nkorm\u00e1nyzatok n\u00e9lk\u00fcl sz\u00e1molt \u00fagynevezett k\u00f6zponti alrendszere janu\u00e1rban az egy \u00e9vvel kor\u00e1bbihoz k\u00e9pest 82,0 milli\u00e1rd forinttal, 4,2 sz\u00e1zal\u00e9kkal nagyobb, \u00f6sszesen 2051,9 milli\u00e1rd forint bev\u00e9telre tett szert, a kiad\u00e1sok 236,1 milli\u00e1rd forinttal, 13,7 sz\u00e1zal\u00e9kkal haladt\u00e1k meg a tavaly janu\u00e1rit \u00e9s 1961,5 milli\u00e1rd forintot tettek ki. A k\u00f6zponti alrendszer 90,4 milli\u00e1rd forintos t\u00f6bblettel z\u00e1rt, az egy \u00e9vvel kor\u00e1bbi 244,5 milli\u00e1rd forint akt\u00edvummal szemben.(MTI)<\/p>\n","protected":false},"excerpt":{"rendered":"<p>T\u00f6bb statisztikai adat is megjelenik a k\u00f6vetkez\u0151 h\u00e9ten, k\u00f6zt\u00fck a janu\u00e1ri ipari termel\u00e9s \u00e9s a tavaly decemberi k\u00fclkereskedelmi term\u00e9kforgalom r\u00e9szletes adatai.<\/p>\n","protected":false},"author":1001006,"featured_media":0,"comment_status":"closed","ping_status":"open","sticky":false,"template":"","format":"standard","meta":[],"categories":[19],"tags":[],"_links":{"self":[{"href":"https:\/\/gazdasagportal.hu\/index.php\/wp-json\/wp\/v2\/posts\/124411"}],"collection":[{"href":"https:\/\/gazdasagportal.hu\/index.php\/wp-json\/wp\/v2\/posts"}],"about":[{"href":"https:\/\/gazdasagportal.hu\/index.php\/wp-json\/wp\/v2\/types\/post"}],"author":[{"embeddable":true,"href":"https:\/\/gazdasagportal.hu\/index.php\/wp-json\/wp\/v2\/users\/1001006"}],"replies":[{"embeddable":true,"href":"https:\/\/gazdasagportal.hu\/index.php\/wp-json\/wp\/v2\/comments?post=124411"}],"version-history":[{"count":1,"href":"https:\/\/gazdasagportal.hu\/index.php\/wp-json\/wp\/v2\/posts\/124411\/revisions"}],"predecessor-version":[{"id":124412,"href":"https:\/\/gazdasagportal.hu\/index.php\/wp-json\/wp\/v2\/posts\/124411\/revisions\/124412"}],"wp:attachment":[{"href":"https:\/\/gazdasagportal.hu\/index.php\/wp-json\/wp\/v2\/media?parent=124411"}],"wp:term":[{"taxonomy":"category","embeddable":true,"href":"https:\/\/gazdasagportal.hu\/index.php\/wp-json\/wp\/v2\/categories?post=124411"},{"taxonomy":"post_tag","embeddable":true,"href":"https:\/\/gazdasagportal.hu\/index.php\/wp-json\/wp\/v2\/tags?post=124411"}],"curies":[{"name":"wp","href":"https:\/\/api.w.org\/{rel}","templated":true}]}}