{"id":124409,"date":"2020-03-01T09:54:22","date_gmt":"2020-03-01T08:54:22","guid":{"rendered":"http:\/\/gazdasagportal.hu\/?p=124409"},"modified":"2020-03-01T08:55:18","modified_gmt":"2020-03-01T07:55:18","slug":"amerikai-elovalasztas-del-karolinaban-biden-gyozott-steyer-kiszall-a-kuzdelembol","status":"publish","type":"post","link":"https:\/\/gazdasagportal.hu\/index.php\/amerikai-elovalasztas-del-karolinaban-biden-gyozott-steyer-kiszall-a-kuzdelembol\/","title":{"rendered":"Amerikai el\u0151v\u00e1laszt\u00e1s &#8211; D\u00e9l-Karolin\u00e1ban Biden gy\u0151z\u00f6tt, Steyer kisz\u00e1ll a k\u00fczdelemb\u0151l"},"content":{"rendered":"<p><strong>A demokrat\u00e1k d\u00e9l-karolinai el\u0151v\u00e1laszt\u00e1s\u00e1n Joe Biden, az Obama-korm\u00e1nyzat egykori aleln\u00f6ke gy\u0151z\u00f6tt, Tom Steyer kaliforniai milli\u00e1rdos pedig bejelentette, hogy kisz\u00e1ll az eln\u00f6kjel\u00f6lts\u00e9g\u00e9rt folytatott k\u00fczdelemb\u0151l.<\/strong><!--more--><\/p>\n<div class=\"ads-in-post1\"><div id=\"gazdasagportal.hu_fullbanner_wideboard\"><\/div>\r\n<\/div>\n<p>    Az els\u0151 r\u00e9szeredm\u00e9nyek szerint Biden a voksok csaknem 50 sz\u00e1zal\u00e9k\u00e1t szerezte meg, a m\u00e1sodik helyen, messze lemaradva, valamivel t\u00f6bb mint 19 sz\u00e1zal\u00e9kos szavazatar\u00e1nnyal Bernie Sanders v\u00e9gzett. A voksok b\u0151 fel\u00e9nek feldolgoz\u00e1sa alapj\u00e1n Pete Buttigieg volt polg\u00e1rmester, Elizabeth Warren massachusettsi \u00e9s Amy Klobuchar minnesotai szen\u00e1tor egyar\u00e1nt 10 sz\u00e1zal\u00e9kn\u00e1l kevesebb szavazatot szerzett. A demokrat\u00e1k eln\u00f6kjel\u00f6lts\u00e9g\u00e9\u00e9rt versenyz\u0151 Mike Bloomberg milli\u00e1rdos a d\u00e9l-karolinai szavaz\u00e1son nem vett r\u00e9szt.         Az els\u0151 felm\u00e9r\u00e9sek szerint Biden els\u0151sorban a 45 \u00e9ven fel\u00fcliek \u00e9s az afroamerikaiak bizalm\u00e1t nyerte el. Nagyar\u00e1ny\u00fa gy\u0151zelm\u00e9t elemz\u0151k k\u00fcl\u00f6n\u00f6sen fontosnak tartj\u00e1k, hiszen a volt aleln\u00f6k az el\u0151v\u00e1laszt\u00e1si folyamat els\u0151 h\u00e1rom szavaz\u00e1s\u00e1n &#8211; Iow\u00e1ban, New Hampshire \u00e1llamban \u00e9s Nevad\u00e1ban &#8211; nem szerepelt j\u00f3l. A d\u00e9l-karolinai eredm\u00e9nyek azonban meglend\u00edthetik a kamp\u00e1ny\u00e1t, j\u00f3t\u00e9kony hat\u00e1ssal lehetnek a m\u00e1rcius 3-\u00e1n egyszerre 14 \u00e1llamban tartand\u00f3 el\u0151v\u00e1laszt\u00e1sok eredm\u00e9nyeire is.<br \/>\n<div class=\"ads-in-post2\"><script async src=\"https:\/\/pagead2.googlesyndication.com\/pagead\/js\/adsbygoogle.js\"><\/script>\r\n<ins class=\"adsbygoogle\"\r\n     style=\"display:block\"\r\n     data-ad-format=\"fluid\"\r\n     data-ad-layout-key=\"-6t+ed+2i-1n-4w\"\r\n     data-ad-client=\"ca-pub-1959107119989764\"\r\n     data-ad-slot=\"4008251320\"><\/ins>\r\n<script>\r\n     (adsbygoogle = window.adsbygoogle || []).push({});\r\n<\/script><\/div>\n    &#8222;A demokrat\u00e1k olyan eln\u00f6kjel\u00f6ltet akarnak, aki demokrata p\u00e1rti&#8221; &#8211; jelentette ki Biden a gy\u0151zelem \u00e9jszak\u00e1j\u00e1n Columbi\u00e1ban h\u00edveinek.         Tom Steyer kaliforniai milli\u00e1rdos m\u00e9g a v\u00e9geredm\u00e9nyek el\u0151tt, de m\u00e1r a r\u00e9szeredm\u00e9nyek ismeret\u00e9ben bejelentette: befejezi kamp\u00e1ny\u00e1t \u00e9s kisz\u00e1ll az eln\u00f6kjel\u00f6lts\u00e9g\u00e9rt folytatott verseng\u00e9sb\u0151l. &#8222;Mondtam kor\u00e1bban is, hogy amennyiben nem l\u00e1tok es\u00e9lyt a gy\u0151zelemre, abbahagyom kamp\u00e1nyomat. \u00c9s tisztess\u00e9gesen megmondom: nem l\u00e1tom a lehet\u0151s\u00e9g\u00e9t, hogy elnyerhetem az eln\u00f6kjel\u00f6lts\u00e9get&#8221; &#8211; k\u00f6z\u00f6lte Steyer, aki els\u0151sorban k\u00f6rnyezetv\u00e9delmi programmal kamp\u00e1nyolt.<br \/>\n    Az \u00fczletember &#8222;nagyszer\u0171 tapasztalatnak&#8221; nevezte eddigi kamp\u00e1ny\u00e1t, \u00e9s mint mondta, semmit nem b\u00e1nt meg.(MTI)<\/p>\n","protected":false},"excerpt":{"rendered":"<p>A demokrat\u00e1k d\u00e9l-karolinai el\u0151v\u00e1laszt\u00e1s\u00e1n Joe Biden, az Obama-korm\u00e1nyzat egykori aleln\u00f6ke gy\u0151z\u00f6tt, Tom Steyer kaliforniai milli\u00e1rdos pedig bejelentette, hogy kisz\u00e1ll az eln\u00f6kjel\u00f6lts\u00e9g\u00e9rt folytatott k\u00fczdelemb\u0151l.<\/p>\n","protected":false},"author":1001006,"featured_media":0,"comment_status":"closed","ping_status":"open","sticky":false,"template":"","format":"standard","meta":[],"categories":[13,426],"tags":[],"_links":{"self":[{"href":"https:\/\/gazdasagportal.hu\/index.php\/wp-json\/wp\/v2\/posts\/124409"}],"collection":[{"href":"https:\/\/gazdasagportal.hu\/index.php\/wp-json\/wp\/v2\/posts"}],"about":[{"href":"https:\/\/gazdasagportal.hu\/index.php\/wp-json\/wp\/v2\/types\/post"}],"author":[{"embeddable":true,"href":"https:\/\/gazdasagportal.hu\/index.php\/wp-json\/wp\/v2\/users\/1001006"}],"replies":[{"embeddable":true,"href":"https:\/\/gazdasagportal.hu\/index.php\/wp-json\/wp\/v2\/comments?post=124409"}],"version-history":[{"count":1,"href":"https:\/\/gazdasagportal.hu\/index.php\/wp-json\/wp\/v2\/posts\/124409\/revisions"}],"predecessor-version":[{"id":124410,"href":"https:\/\/gazdasagportal.hu\/index.php\/wp-json\/wp\/v2\/posts\/124409\/revisions\/124410"}],"wp:attachment":[{"href":"https:\/\/gazdasagportal.hu\/index.php\/wp-json\/wp\/v2\/media?parent=124409"}],"wp:term":[{"taxonomy":"category","embeddable":true,"href":"https:\/\/gazdasagportal.hu\/index.php\/wp-json\/wp\/v2\/categories?post=124409"},{"taxonomy":"post_tag","embeddable":true,"href":"https:\/\/gazdasagportal.hu\/index.php\/wp-json\/wp\/v2\/tags?post=124409"}],"curies":[{"name":"wp","href":"https:\/\/api.w.org\/{rel}","templated":true}]}}