{"id":124382,"date":"2020-02-29T11:02:01","date_gmt":"2020-02-29T10:02:01","guid":{"rendered":"http:\/\/gazdasagportal.hu\/?p=124382"},"modified":"2020-02-29T11:02:01","modified_gmt":"2020-02-29T10:02:01","slug":"tovabb-emelkedett-az-uj-koronavirussal-fertozottek-szama-nemetorszagban","status":"publish","type":"post","link":"https:\/\/gazdasagportal.hu\/index.php\/tovabb-emelkedett-az-uj-koronavirussal-fertozottek-szama-nemetorszagban\/","title":{"rendered":"Tov\u00e1bb emelkedett az \u00faj koronav\u00edrussal fert\u0151z\u00f6ttek sz\u00e1ma N\u00e9metorsz\u00e1gban"},"content":{"rendered":"<p><strong>Tov\u00e1bb emelkedett az \u00faj koronav\u00edrussal fert\u0151z\u00f6ttek sz\u00e1ma N\u00e9metorsz\u00e1gban p\u00e9nteken.<\/strong><!--more--><\/p>\n<div class=\"ads-in-post1\"><div id=\"gazdasagportal.hu_fullbanner_wideboard\"><\/div>\r\n<\/div>\n<p>A hivatalos adatok p\u00e9ntek esti \u00f6sszes\u00edt\u00e9se alapj\u00e1n orsz\u00e1gszerte 63 fert\u0151z\u00e9st tartanak sz\u00e1mon.<br \/>\n    A j\u00e1rv\u00e1ny terjed\u00e9se kedden &#8211; febru\u00e1r 25-\u00e9n &#8211; gyorsult fel, az\u00f3ta 47 esetet regisztr\u00e1ltak.<br \/>\n    Febru\u00e1r 25. el\u0151tt 16 embern\u00e9l mutatt\u00e1k ki a koronav\u00edrust, 15-\u00f6t m\u00e1r gy\u00f3gyultnak nyilv\u00e1n\u00edtottak, \u00e9s a v\u00edrus jelenl\u00e9t\u00e9t csak a j\u00e1rv\u00e1ny k\u00ednai g\u00f3cpontj\u00e1b\u00f3l, Vuhanb\u00f3l hazasz\u00e1ll\u00edtott emberek k\u00f6r\u00e9ben mutatt\u00e1k ki, valamint Bajororsz\u00e1gban, ahol valamennyi eset \u00f6sszef\u00fcgg\u00e9sben \u00e1ll az els\u0151 fert\u0151z\u00e9ssel, amely a Webasto nev\u0171 aut\u00f3ipari c\u00e9gn\u00e9l t\u00f6rt\u00e9nt janu\u00e1rban.<br \/>\n    A j\u00e1rv\u00e1ny \u00faj, kedd este kezd\u0151d\u00f6tt szakasz\u00e1ban az esetek \u00c9szak-Rajna-Vesztf\u00e1lia tartom\u00e1ny egy j\u00e1r\u00e1s\u00e1ra, a holland hat\u00e1rn\u00e1l fekv\u0151 Heinsbergre koncentr\u00e1l\u00f3dnak. Ott a p\u00e9ntek esti \u00e1ll\u00e1s szerint 35 fert\u0151z\u00e9st mutattak ki. A k\u00e9t els\u0151 fert\u0151z\u00f6ttet &#8211; egy h\u00e1zasp\u00e1rt &#8211; lesz\u00e1m\u00edtva mind otthon maradhattak, \u00e1llapotuk j\u00f3, k\u00f3rh\u00e1zi elhelyez\u00e9sre nincs sz\u00fcks\u00e9g.<br \/>\n    A j\u00e1r\u00e1sban tov\u00e1bbi mintegy ezer f\u0151 van otthoni karant\u00e9nban, mert kapcsolatba ker\u00fclhettek fert\u0151z\u00f6ttekkel.<br \/>\n<div class=\"ads-in-post2\"><script async src=\"https:\/\/pagead2.googlesyndication.com\/pagead\/js\/adsbygoogle.js\"><\/script>\r\n<ins class=\"adsbygoogle\"\r\n     style=\"display:block\"\r\n     data-ad-format=\"fluid\"\r\n     data-ad-layout-key=\"-6t+ed+2i-1n-4w\"\r\n     data-ad-client=\"ca-pub-1959107119989764\"\r\n     data-ad-slot=\"4008251320\"><\/ins>\r\n<script>\r\n     (adsbygoogle = window.adsbygoogle || []).push({});\r\n<\/script><\/div>\n    \u00c9szak-Rajna-Vesztf\u00e1lia mellett Bajororsz\u00e1g, Baden-W\u00fcrttemberg, Hamburg, Hessen \u00e9s Rajna-vid\u00e9k-Pfalz tartom\u00e1nyb\u00f3l jelentettek \u00fajabb fert\u0151z\u00e9seket kedd este \u00f3ta. \u00cdgy a 16 n\u00e9met tartom\u00e1ny k\u00f6z\u00fcl 6-ot \u00e9rint a koronav\u00edrus-j\u00e1rv\u00e1ny.<br \/>\n    Az esetek t\u00f6bbs\u00e9g\u00e9g\u00e9ben siker\u00fclt felt\u00e1rni a fert\u0151z\u00e9si l\u00e1ncolatot, rekonstru\u00e1lni, hogy mik\u00e9nt jutott be a k\u00f3rokoz\u00f3 a fert\u0151z\u00f6tt szervezet\u00e9be. Jellemz\u0151, hogy a fert\u0151z\u00f6ttek a v\u00edrus jelenl\u00e9t\u00e9nek kimutat\u00e1sa el\u0151tti k\u00e9t h\u00e9ten &#8211; a lappang\u00e1si id\u0151ben &#8211; j\u00e1rtak Olaszorsz\u00e1gban, vagy kapcsolatba ker\u00fcltek N\u00e9metorsz\u00e1gban olyan olaszokkal, aki k\u00e9s\u0151bb fert\u0151z\u00f6ttnek bizonyultak.<br \/>\n    A Robert Koch orsz\u00e1gos j\u00e1rv\u00e1ny\u00fcgyi int\u00e9zet (RKI) p\u00e9nteki helyzet\u00e9rt\u00e9kel\u00e9se szerint a helyzet &#8222;komoly, \u00e9s dinamikusan v\u00e1ltozik&#8221;, de a lakoss\u00e1g vesz\u00e9lyeztetetts\u00e9ge csak az alacsony \u00e9s a k\u00f6zepes szint k\u00f6z\u00f6tti s\u00e1vban van. Azonban h\u00edrport\u00e1lok jelent\u00e9sei szerint az orsz\u00e1g t\u00f6bb r\u00e9sz\u00e9n \u00edgy is tapasztalhat\u00f3 az \u00fagynevezett p\u00e1nikv\u00e1s\u00e1rl\u00e1s vagy felv\u00e1s\u00e1rl\u00e1si l\u00e1z &#8211; \u00e9lelmiszerek \u00e9s h\u00e1ztart\u00e1si szerek felhalmoz\u00e1sa &#8211; , \u00e9s t\u00f6bb \u00fczletl\u00e1ncn\u00e1l arr\u00f3l sz\u00e1moltak be, hogy megugrott a kereslet a tart\u00f3s \u00e9lelmiszerek ir\u00e1nt.<br \/>\n    A v\u00edrus terjed\u00e9se miatt lemondtak vagy elhalasztottak t\u00f6bb nagyobb szab\u00e1s\u00fa rendezv\u00e9nyt. A f\u0151v\u00e1rosi hat\u00f3s\u00e1gok p\u00e9ntek esti d\u00f6nt\u00e9se alapj\u00e1n nem tartj\u00e1k meg a berlini Nemzetk\u00f6zi Turisztikai B\u00f6rz\u00e9t (ITB), a vil\u00e1g legnagyobb idegenforgalmi szakmai v\u00e1s\u00e1r\u00e1t sem, amely az eredeti tervek szerint m\u00e1rcius 4-\u00e9n kezd\u0151d\u00f6tt volna.<br \/>\n    A sz\u00f6vets\u00e9gi eg\u00e9szs\u00e9g\u00fcgyi miniszt\u00e9rium \u00e9s a bel\u00fcgyminiszt\u00e9rium k\u00f6z\u00f6s v\u00e1ls\u00e1gst\u00e1bja a p\u00e9ntek este v\u00e9get \u00e9rt \u00fcl\u00e9s\u00fckr\u0151l kiadott k\u00f6zlem\u00e9ny szerint valamennyi rendezv\u00e9nyszervez\u0151nek \u00e9s a rendezv\u00e9nyek enged\u00e9lyez\u00e9s\u00e9r\u0151l d\u00f6nt\u0151 helyi hat\u00f3s\u00e1goknak azt tan\u00e1csolja, hogy az RKI \u00e1ltal lefektetett biztons\u00e1gi elvek alapj\u00e1n j\u00e1rjanak el. Ezekb\u0151l az elvekb\u0151l a jelenlegi helyzetben az k\u00f6vetkezik, hogy &#8222;le kell mondani az olyan nagy nemzetk\u00f6zi rendezv\u00e9nyeket, mint az ITB&#8221;.<br \/>\n    A tan\u00e1cskoz\u00e1son nemcsak aj\u00e1nl\u00e1sokat fogalmaztak meg, hanem a sz\u00f6vets\u00e9gi szint\u0171 hat\u00e1sk\u00f6rbe tartoz\u00f3 \u00fcgyekben egy sor d\u00f6nt\u00e9st is hoztak. Bevezetik a t\u00f6bbi k\u00f6z\u00f6tt, hogy nemzetk\u00f6zi l\u00e9gi \u00e9s v\u00edzi k\u00f6zleked\u00e9sben a K\u00edn\u00e1b\u00f3l \u00e9rkez\u0151 j\u00e1ratok mellett a D\u00e9l-Kore\u00e1b\u00f3l, Jap\u00e1nb\u00f3l, Ir\u00e1nb\u00f3l \u00e9s Olaszorsz\u00e1gb\u00f3l j\u00e1ratok vezet\u0151inek is k\u00f6telez\u0151 el\u0151zetes t\u00e1j\u00e9koztat\u00e1st adni az utasok eg\u00e9szs\u00e9gi \u00e1llapot\u00e1r\u00f3l, \u00e9s az utasoknak k\u00f6telez\u0151 kit\u00f6lteni egy \u00fagynevezett kisz\u00e1ll\u00f3k\u00e1rty\u00e1t, amelyen t\u00f6bbek k\u00f6z\u00f6tt meg kell adniuk, hogy hol lesznek el\u00e9rhet\u0151ek a k\u00f6vetkez\u0151 k\u00e9t h\u00e9ten<br \/>\n    Ugyanilyen adatlapot kell kit\u00f6lteni\u00fck a region\u00e1lis \u00e9s a t\u00e1vols\u00e1gi vonatok utasainak is koronav\u00edrus-fert\u0151z\u00e9s gyan\u00faja eset\u00e9n. A k\u00f6z\u00fati k\u00f6zleked\u00e9s ter\u00fclet\u00e9n a hat\u00e1rigazgat\u00e1s\u00e9rt felel\u0151s sz\u00f6vets\u00e9gi rend\u0151rs\u00e9g meger\u0151s\u00edti az \u00fagynevezett m\u00e9lys\u00e9gi &#8211; az orsz\u00e1ghat\u00e1rt\u00f3l sz\u00e1m\u00edtott 30 kilom\u00e9teres k\u00f6rzetben &#8211; ellen\u0151rz\u00e9st.<br \/>\n    Az \u00faj t\u00edpus\u00fa koronav\u00edrus decemberben jelent meg a k\u00f6z\u00e9p-k\u00ednai Vuhanban. Az ismert fert\u0151z\u00f6ttek sz\u00e1ma vil\u00e1gszerte meghaladja a 83 ezret, a hal\u00e1los \u00e1ldozatok sz\u00e1ma 2800 felett van. A j\u00e1rv\u00e1ny csaknem 60 orsz\u00e1got \u00e9rt el, legink\u00e1bb Eur\u00f3p\u00e1ban, D\u00e9l-Kore\u00e1ban \u00e9s Ir\u00e1nban terjed.(MTI)<\/p>\n","protected":false},"excerpt":{"rendered":"<p>Tov\u00e1bb emelkedett az \u00faj koronav\u00edrussal fert\u0151z\u00f6ttek sz\u00e1ma N\u00e9metorsz\u00e1gban p\u00e9nteken.<\/p>\n","protected":false},"author":1001003,"featured_media":0,"comment_status":"closed","ping_status":"open","sticky":false,"template":"","format":"standard","meta":[],"categories":[12,427],"tags":[428],"_links":{"self":[{"href":"https:\/\/gazdasagportal.hu\/index.php\/wp-json\/wp\/v2\/posts\/124382"}],"collection":[{"href":"https:\/\/gazdasagportal.hu\/index.php\/wp-json\/wp\/v2\/posts"}],"about":[{"href":"https:\/\/gazdasagportal.hu\/index.php\/wp-json\/wp\/v2\/types\/post"}],"author":[{"embeddable":true,"href":"https:\/\/gazdasagportal.hu\/index.php\/wp-json\/wp\/v2\/users\/1001003"}],"replies":[{"embeddable":true,"href":"https:\/\/gazdasagportal.hu\/index.php\/wp-json\/wp\/v2\/comments?post=124382"}],"version-history":[{"count":1,"href":"https:\/\/gazdasagportal.hu\/index.php\/wp-json\/wp\/v2\/posts\/124382\/revisions"}],"predecessor-version":[{"id":124383,"href":"https:\/\/gazdasagportal.hu\/index.php\/wp-json\/wp\/v2\/posts\/124382\/revisions\/124383"}],"wp:attachment":[{"href":"https:\/\/gazdasagportal.hu\/index.php\/wp-json\/wp\/v2\/media?parent=124382"}],"wp:term":[{"taxonomy":"category","embeddable":true,"href":"https:\/\/gazdasagportal.hu\/index.php\/wp-json\/wp\/v2\/categories?post=124382"},{"taxonomy":"post_tag","embeddable":true,"href":"https:\/\/gazdasagportal.hu\/index.php\/wp-json\/wp\/v2\/tags?post=124382"}],"curies":[{"name":"wp","href":"https:\/\/api.w.org\/{rel}","templated":true}]}}