{"id":124376,"date":"2020-02-29T12:21:43","date_gmt":"2020-02-29T11:21:43","guid":{"rendered":"http:\/\/gazdasagportal.hu\/?p=124376"},"modified":"2020-02-29T11:48:50","modified_gmt":"2020-02-29T10:48:50","slug":"magyarorszagon-az-europai-atlagnal-kevesebb-embernek-van-onallo-nyugdijmegtakaritasa-egy-felmeres-szerint","status":"publish","type":"post","link":"https:\/\/gazdasagportal.hu\/index.php\/magyarorszagon-az-europai-atlagnal-kevesebb-embernek-van-onallo-nyugdijmegtakaritasa-egy-felmeres-szerint\/","title":{"rendered":"Magyarorsz\u00e1gon az eur\u00f3pai \u00e1tlagn\u00e1l kevesebb embernek van \u00f6n\u00e1ll\u00f3 nyugd\u00edjmegtakar\u00edt\u00e1sa egy felm\u00e9r\u00e9s szerint"},"content":{"rendered":"<p><strong>T\u00edz vizsg\u00e1lt eur\u00f3pai orsz\u00e1gban a feln\u0151tt lakoss\u00e1g csaknem fel\u00e9nek nincs \u00f6n\u00e1ll\u00f3 nyugd\u00edjmegtakar\u00edt\u00e1sa, Magyarorsz\u00e1gon az \u00e1tlagn\u00e1l rosszabb a helyzet &#8211; der\u00fclt ki egy friss eur\u00f3pai felm\u00e9r\u00e9sb\u0151l, amelyben a Magyar Biztos\u00edt\u00f3k Sz\u00f6vets\u00e9ge (Mabisz) is r\u00e9szt vett.<\/strong><!--more--><\/p>\n<div class=\"ads-in-post1\"><div id=\"gazdasagportal.hu_fullbanner_wideboard\"><\/div>\r\n<\/div>\n<p>    Az eur\u00f3pai biztos\u00edt\u00f3k nemzetk\u00f6zi szervezete, az Insurance Europe t\u00edz orsz\u00e1gban \u00f6sszesen t\u00f6bb mint t\u00edzezer ember megk\u00e9rdez\u00e9s\u00e9vel k\u00e9sz\u00edtett felm\u00e9r\u00e9st a lakoss\u00e1g \u00f6ngondoskod\u00e1si szok\u00e1sair\u00f3l. A magyarok mellett a lengyelek, n\u00e9metek, osztr\u00e1kok, sv\u00e1jciak, luxemburgiak, franci\u00e1k, olaszok, spanyolok \u00e9s portug\u00e1lok v\u00e1laszoltak azokra a k\u00e9rd\u00e9sekre, amelyekb\u0151l kider\u00fclt, hogyan k\u00e9sz\u00fclnek p\u00e9nz\u00fcgyi szempontb\u00f3l a nyugd\u00edjaz\u00e1sra, \u00e9s mit v\u00e1rnak el a nyugd\u00edjmegtakar\u00edt\u00e1sokt\u00f3l.<br \/>\n    A Mabisz t\u00e1j\u00e9koztat\u00e1sa szerint a v\u00e1laszad\u00f3k 43 sz\u00e1zal\u00e9k\u00e1nak nincs nyugd\u00edjc\u00e9l\u00fa megtakar\u00edt\u00e1sa, b\u00e1r 62 sz\u00e1zal\u00e9kuk \u00e9rdekl\u0151dik ezek ir\u00e1nt. A magyar v\u00e1laszad\u00f3k 46 sz\u00e1zal\u00e9ka nem rendelkezik nyugd\u00edjc\u00e9l\u00fa megtakar\u00edt\u00e1ssal, \u00e9s 59 sz\u00e1zal\u00e9kuk jelezte \u00e9rdekl\u0151d\u00e9s\u00e9t.<br \/>\n    A nem megtakar\u00edt\u00f3k 42 sz\u00e1zal\u00e9ka mondta azt, hogy nem engedheti meg mag\u00e1nak az ilyen c\u00e9l\u00fa megtakar\u00edt\u00e1s megkezd\u00e9s\u00e9t.<br \/>\n    A jelenleg nem megtakar\u00edt\u00f3k ar\u00e1nya az \u00e1tlagn\u00e1l magasabb a n\u0151k, a 18-35 \u00e9v k\u00f6z\u00f6ttiek, az alacsonyabb iskolai v\u00e9gzetts\u00e9g\u0171ek \u00e9s a munkan\u00e9lk\u00fcliek, illetve r\u00e9szmunkaid\u0151ben dolgoz\u00f3k k\u00f6r\u00e9ben.<br \/>\n    A legf\u0151bb priorit\u00e1snak a biztons\u00e1g sz\u00e1m\u00edt, a megk\u00e9rdezettek 73 sz\u00e1zal\u00e9ka magasabb hozam helyett szeretne biztos lenni abban, hogy legal\u00e1bb a befektetett \u00f6sszeget visszakapja egy 20 \u00e9ves befektet\u00e9si id\u0151szak v\u00e9g\u00e9n. Fontos szempontnak tekintik emellett a fizet\u00e9si rugalmass\u00e1got, az \u00f6r\u00f6k\u00f6s\u00f6k r\u00e9szes\u00fcl\u00e9s\u00e9t a megtakar\u00edt\u00e1sokb\u00f3l \u00e9s a likvidit\u00e1st, a nyugd\u00edj el\u0151tti hozz\u00e1f\u00e9rhet\u0151s\u00e9get.<br \/>\n<div class=\"ads-in-post2\"><script async src=\"https:\/\/pagead2.googlesyndication.com\/pagead\/js\/adsbygoogle.js\"><\/script>\r\n<ins class=\"adsbygoogle\"\r\n     style=\"display:block\"\r\n     data-ad-format=\"fluid\"\r\n     data-ad-layout-key=\"-6t+ed+2i-1n-4w\"\r\n     data-ad-client=\"ca-pub-1959107119989764\"\r\n     data-ad-slot=\"4008251320\"><\/ins>\r\n<script>\r\n     (adsbygoogle = window.adsbygoogle || []).push({});\r\n<\/script><\/div>\n    A v\u00e1laszad\u00f3k 46 sz\u00e1zal\u00e9ka elvben a j\u00e1rad\u00e9kfizet\u00e9st, 30 sz\u00e1zal\u00e9ka pedig a rugalmas kiv\u00e9telt prefer\u00e1lja, az egy\u00f6sszeg\u0171 kifizet\u00e9st 19 sz\u00e1zal\u00e9k mondta. Konkr\u00e9t \u00f6sszegek megad\u00e1sa eset\u00e9n ugyanakkor nagyj\u00e1b\u00f3l fele-fele ar\u00e1nyban v\u00e1lasztott\u00e1k a j\u00e1rad\u00e9kfizet\u00e9st \u00e9s az egy\u00f6sszeg\u0171 kifizet\u00e9st a megk\u00e9rdezettek.<br \/>\n    A v\u00e1laszad\u00f3kat legink\u00e1bb a garanci\u00e1kkal kapcsolatos inform\u00e1ci\u00f3k \u00e9rdeklik mind szerz\u0151d\u00e9sk\u00f6t\u00e9s el\u0151tt (64 sz\u00e1zal\u00e9k), mind a szerz\u0151d\u00e9st k\u00f6vet\u0151en (51 sz\u00e1zal\u00e9k). Szint\u00e9n fontosnak tartj\u00e1k a k\u00f6lts\u00e9gekkel, a kock\u00e1zatokkal, a kifizet\u00e9sekkel \u00e9s a befektet\u00e9si teljes\u00edtm\u00e9nnyel kapcsolatos inform\u00e1ci\u00f3kat.<br \/>\n    A legkev\u00e9sb\u00e9 fontosnak a befektet\u00e9si strat\u00e9gi\u00e1kkal, az orsz\u00e1gok k\u00f6z\u00f6tti hordozhat\u00f3s\u00e1ggal \u00e9s a szolg\u00e1ltat\u00f3v\u00e1lt\u00e1ssal kapcsolatos inform\u00e1ci\u00f3k sz\u00e1m\u00edtanak.<br \/>\n    A megk\u00e9rdezettek 67 sz\u00e1zal\u00e9ka digit\u00e1lisan szeretn\u00e9 megkapni az inform\u00e1ci\u00f3kat.<br \/>\n    Az Eur\u00f3pai Uni\u00f3 80 \u00e9v feletti n\u00e9pess\u00e9ge az el\u0151rejelz\u00e9sek szerint 2017 \u00e9s 2080 k\u00f6z\u00f6tt t\u00f6bb mint k\u00e9tszeres\u00e9re n\u0151, ami a nyugd\u00edjrendszereket eg\u00e9sz Eur\u00f3p\u00e1ban jelent\u0151s nyom\u00e1s al\u00e1 helyezi. Becsl\u00e9sek szerint \u00e9vente mintegy 2 ezer milli\u00e1rd eur\u00f3 kieg\u00e9sz\u00edt\u0151 nyugd\u00edjmegtakar\u00edt\u00e1sra lenne sz\u00fcks\u00e9g Eur\u00f3p\u00e1ban.<br \/>\n    A felm\u00e9r\u00e9s alapj\u00e1n az Insurance Europe szak\u00e9rt\u0151i \u00fagy l\u00e1tj\u00e1k, hogy az eur\u00f3pai lakoss\u00e1g k\u00f6r\u00e9ben tov\u00e1bb kell n\u00f6velni a p\u00e9nz\u00fcgyi tudatoss\u00e1got, illetve a nyugd\u00edjc\u00e9l\u00fa megtakar\u00edt\u00e1sok ir\u00e1nti ig\u00e9nyt. A nyugd\u00edjterm\u00e9keknek pedig fogyaszt\u00f3-k\u00f6zpont\u00faaknak kell lenni\u00fck, \u00e9s val\u00f3s ig\u00e9nyeken, sz\u00fcks\u00e9gleteken kell alapulniuk &#8211; h\u00edvta fel a figyelmet a Mabisz.(MTI)<\/p>\n","protected":false},"excerpt":{"rendered":"<p>T\u00edz vizsg\u00e1lt eur\u00f3pai orsz\u00e1gban a feln\u0151tt lakoss\u00e1g csaknem fel\u00e9nek nincs \u00f6n\u00e1ll\u00f3 nyugd\u00edjmegtakar\u00edt\u00e1sa, Magyarorsz\u00e1gon az \u00e1tlagn\u00e1l rosszabb a helyzet &#8211; der\u00fclt ki egy friss eur\u00f3pai felm\u00e9r\u00e9sb\u0151l, amelyben a Magyar Biztos\u00edt\u00f3k Sz\u00f6vets\u00e9ge (Mabisz) is r\u00e9szt vett.<\/p>\n","protected":false},"author":1001003,"featured_media":0,"comment_status":"closed","ping_status":"open","sticky":false,"template":"","format":"standard","meta":[],"categories":[19],"tags":[],"_links":{"self":[{"href":"https:\/\/gazdasagportal.hu\/index.php\/wp-json\/wp\/v2\/posts\/124376"}],"collection":[{"href":"https:\/\/gazdasagportal.hu\/index.php\/wp-json\/wp\/v2\/posts"}],"about":[{"href":"https:\/\/gazdasagportal.hu\/index.php\/wp-json\/wp\/v2\/types\/post"}],"author":[{"embeddable":true,"href":"https:\/\/gazdasagportal.hu\/index.php\/wp-json\/wp\/v2\/users\/1001003"}],"replies":[{"embeddable":true,"href":"https:\/\/gazdasagportal.hu\/index.php\/wp-json\/wp\/v2\/comments?post=124376"}],"version-history":[{"count":1,"href":"https:\/\/gazdasagportal.hu\/index.php\/wp-json\/wp\/v2\/posts\/124376\/revisions"}],"predecessor-version":[{"id":124377,"href":"https:\/\/gazdasagportal.hu\/index.php\/wp-json\/wp\/v2\/posts\/124376\/revisions\/124377"}],"wp:attachment":[{"href":"https:\/\/gazdasagportal.hu\/index.php\/wp-json\/wp\/v2\/media?parent=124376"}],"wp:term":[{"taxonomy":"category","embeddable":true,"href":"https:\/\/gazdasagportal.hu\/index.php\/wp-json\/wp\/v2\/categories?post=124376"},{"taxonomy":"post_tag","embeddable":true,"href":"https:\/\/gazdasagportal.hu\/index.php\/wp-json\/wp\/v2\/tags?post=124376"}],"curies":[{"name":"wp","href":"https:\/\/api.w.org\/{rel}","templated":true}]}}