{"id":124362,"date":"2020-02-29T06:44:53","date_gmt":"2020-02-29T05:44:53","guid":{"rendered":"http:\/\/gazdasagportal.hu\/?p=124362"},"modified":"2020-02-28T21:33:56","modified_gmt":"2020-02-28T20:33:56","slug":"arad-a-tisza-felso-szakasza","status":"publish","type":"post","link":"https:\/\/gazdasagportal.hu\/index.php\/arad-a-tisza-felso-szakasza\/","title":{"rendered":"\u00c1rad a Tisza fels\u0151 szakasza"},"content":{"rendered":"<p><strong>Be\u00fczemelte p\u00e9nteken, imm\u00e1r m\u00e1sodik alkalommal a Fels\u0151-Tisza-vid\u00e9ki V\u00edz\u00fcgyi Igazgat\u00f3s\u00e1g azt a magyar fejleszt\u00e9s\u0171 \u00e9s kivitelez\u00e9s\u0171 uszad\u00e9kszed\u0151 l\u00e1ncot, amely a meg\u00e1radt Tisz\u00e1n \u00e9rkez\u0151 nagy mennyis\u00e9g\u0171 szennyez\u0151d\u00e9s \u00f6sszegy\u0171jt\u00e9s\u00e9re szolg\u00e1l &#8211; k\u00f6z\u00f6lte a helysz\u00ednen az Orsz\u00e1gos V\u00edz\u00fcgyi F\u0151igazgat\u00f3s\u00e1g f\u0151igazgat\u00f3ja az MTI-vel.<\/strong><!--more--><\/p>\n<div class=\"ads-in-post1\"><div id=\"gazdasagportal.hu_fullbanner_wideboard\"><\/div>\r\n<\/div>\n<p>    L\u00e1ng Istv\u00e1n elmondta, a Tisza sodr\u00e1s\u00e1ban \u00e9rkez\u0151, illetve a hull\u00e1mt\u00e9rre kisodr\u00f3dott hatalmas mennyis\u00e9g\u0171 szemetet kamer\u00e1s felv\u00e9tel jelezte a szakembereknek, ez\u00e9rt p\u00e9nteken ism\u00e9t munk\u00e1ba \u00e1ll\u00edtott\u00e1k az uszad\u00e9kszed\u0151 l\u00e1ncot. El\u0151z\u0151leg, febru\u00e1r 4-\u00e9n m\u00e1r \u00f6sszegy\u0171jt\u00f6tt\u00e9k ezen a m\u00f3don a szemetet, akkor 100 k\u00f6bm\u00e9ter volt az eg\u00e9sz napi mennyis\u00e9g.<br \/>\n    A m\u0171velet egyre hat\u00e9konyabb, ugyanis p\u00e9nteken d\u00e9lel\u0151tt 11 \u00f3r\u00e1ig m\u00e1r 30 k\u00f6bm\u00e9ter f\u00f6l\u00f6tti szemetet siker\u00fclt \u00f6sszeszedni &#8211; mondta.<br \/>\n<div class=\"ads-in-post2\"><script async src=\"https:\/\/pagead2.googlesyndication.com\/pagead\/js\/adsbygoogle.js\"><\/script>\r\n<ins class=\"adsbygoogle\"\r\n     style=\"display:block\"\r\n     data-ad-format=\"fluid\"\r\n     data-ad-layout-key=\"-6t+ed+2i-1n-4w\"\r\n     data-ad-client=\"ca-pub-1959107119989764\"\r\n     data-ad-slot=\"4008251320\"><\/ins>\r\n<script>\r\n     (adsbygoogle = window.adsbygoogle || []).push({});\r\n<\/script><\/div>\n    Szentkir\u00e1lyi Alexandra korm\u00e1nysz\u00f3viv\u0151 a helysz\u00ednen t\u00e1j\u00e9koz\u00f3dott arr\u00f3l, hogy a j\u00f3r\u00e9szt k\u00fclf\u00f6ldr\u0151l &#8211; Ukrajn\u00e1b\u00f3l \u00e9s Rom\u00e1ni\u00e1b\u00f3l \u00e9rkez\u0151 tiszai szennyez\u0151d\u00e9st mekkora g\u00e9pparkkal \u00e9s emberi er\u0151forr\u00e1ssal siker\u00fcl felsz\u00e1molni. Elmond\u00e1sa szerint kem\u00e9ny munk\u00e1r\u00f3l gy\u0151z\u0151d\u00f6tt meg, a h\u00f3es\u00e9sben, fagyban is dolgoztak a v\u00edz\u00fcgyi dolgoz\u00f3k \u00e9s az \u00f6nk\u00e9ntesek.<br \/>\n    Az Innov\u00e1ci\u00f3s \u00e9s Technol\u00f3giai Miniszt\u00e9rium azon dolgozik, a korm\u00e1ny kl\u00edmav\u00e9delmi akci\u00f3terve megval\u00f3suljon, ennek r\u00e9szek\u00e9nt visszav\u00e1lthat\u00f3 \u00fcveg- \u00e9s m\u0171anyag palackok v\u00e1lts\u00e1k fel a mostani PET-palackokat, amelyek a foly\u00f3k szennyez\u00e9s\u00e9nek z\u00f6m\u00e9t teszik ki &#8211; hangs\u00falyozta a korm\u00e1nysz\u00f3viv\u0151.(MTI)<\/p>\n","protected":false},"excerpt":{"rendered":"<p>Be\u00fczemelte p\u00e9nteken, imm\u00e1r m\u00e1sodik alkalommal a Fels\u0151-Tisza-vid\u00e9ki V\u00edz\u00fcgyi Igazgat\u00f3s\u00e1g azt a magyar fejleszt\u00e9s\u0171 \u00e9s kivitelez\u00e9s\u0171 uszad\u00e9kszed\u0151 l\u00e1ncot, amely a meg\u00e1radt Tisz\u00e1n \u00e9rkez\u0151 nagy mennyis\u00e9g\u0171 szennyez\u0151d\u00e9s \u00f6sszegy\u0171jt\u00e9s\u00e9re szolg\u00e1l &#8211; k\u00f6z\u00f6lte a helysz\u00ednen az Orsz\u00e1gos V\u00edz\u00fcgyi F\u0151igazgat\u00f3s\u00e1g f\u0151igazgat\u00f3ja az MTI-vel.<\/p>\n","protected":false},"author":1001003,"featured_media":0,"comment_status":"closed","ping_status":"open","sticky":false,"template":"","format":"standard","meta":[],"categories":[4],"tags":[],"_links":{"self":[{"href":"https:\/\/gazdasagportal.hu\/index.php\/wp-json\/wp\/v2\/posts\/124362"}],"collection":[{"href":"https:\/\/gazdasagportal.hu\/index.php\/wp-json\/wp\/v2\/posts"}],"about":[{"href":"https:\/\/gazdasagportal.hu\/index.php\/wp-json\/wp\/v2\/types\/post"}],"author":[{"embeddable":true,"href":"https:\/\/gazdasagportal.hu\/index.php\/wp-json\/wp\/v2\/users\/1001003"}],"replies":[{"embeddable":true,"href":"https:\/\/gazdasagportal.hu\/index.php\/wp-json\/wp\/v2\/comments?post=124362"}],"version-history":[{"count":1,"href":"https:\/\/gazdasagportal.hu\/index.php\/wp-json\/wp\/v2\/posts\/124362\/revisions"}],"predecessor-version":[{"id":124363,"href":"https:\/\/gazdasagportal.hu\/index.php\/wp-json\/wp\/v2\/posts\/124362\/revisions\/124363"}],"wp:attachment":[{"href":"https:\/\/gazdasagportal.hu\/index.php\/wp-json\/wp\/v2\/media?parent=124362"}],"wp:term":[{"taxonomy":"category","embeddable":true,"href":"https:\/\/gazdasagportal.hu\/index.php\/wp-json\/wp\/v2\/categories?post=124362"},{"taxonomy":"post_tag","embeddable":true,"href":"https:\/\/gazdasagportal.hu\/index.php\/wp-json\/wp\/v2\/tags?post=124362"}],"curies":[{"name":"wp","href":"https:\/\/api.w.org\/{rel}","templated":true}]}}