{"id":124360,"date":"2020-02-29T03:34:55","date_gmt":"2020-02-29T02:34:55","guid":{"rendered":"http:\/\/gazdasagportal.hu\/?p=124360"},"modified":"2020-02-28T21:32:23","modified_gmt":"2020-02-28T20:32:23","slug":"koronavirus-osszeomlas-szelen-allnak-a-koronavirus-betegekkel-teli-korhazak-az-eszak-olaszorszagi-lombardia-vesztegzar-teruleten","status":"publish","type":"post","link":"https:\/\/gazdasagportal.hu\/index.php\/koronavirus-osszeomlas-szelen-allnak-a-koronavirus-betegekkel-teli-korhazak-az-eszak-olaszorszagi-lombardia-vesztegzar-teruleten\/","title":{"rendered":"Koronav\u00edrus &#8211; \u00d6sszeoml\u00e1s sz\u00e9l\u00e9n \u00e1llnak  a koronav\u00edrus-betegekkel teli k\u00f3rh\u00e1zak az \u00e9szak-olaszorsz\u00e1gi  Lombardia vesztegz\u00e1r-ter\u00fclet\u00e9n"},"content":{"rendered":"<p><strong>\u00d6sszeoml\u00e1s sz\u00e9l\u00e9n \u00e1llnak  a koronav\u00edrus-betegekkel teli k\u00f3rh\u00e1zak az \u00e9szak-olaszorsz\u00e1gi  Lombardia vesztegz\u00e1r-ter\u00fclet\u00e9n Attilio Fontana tartom\u00e1nyi eln\u00f6k szerint. A tartom\u00e1nyi eln\u00f6k p\u00e9ngteken a megbetegedett orvosok helyettes\u00edt\u00e9s\u00e9t \u00e9s a tov\u00e1bbra is hi\u00e1nyz\u00f3 sz\u00e1jmaszkok miel\u0151bbi  biztos\u00edt\u00e1s\u00e1t s\u00fcrgette.<\/strong><br \/>\n<div class=\"ads-in-post1\"><div id=\"gazdasagportal.hu_fullbanner_wideboard\"><\/div>\r\n<\/div>\n<p>    Lombardia korm\u00e1nyz\u00f3ja szerint v\u00e9szhelyzetet a karant\u00e9n al\u00e1 helyezett Cremona \u00e9s Lodi v\u00e1ros k\u00f3rh\u00e1zaib\u00f3l jelentettek, ahol \u00e9jszaka \u00f3ta egyszerre annyi koronav\u00edrus-fert\u0151z\u00f6ttet kellett elhelyezni, hogy az eg\u00e9szs\u00e9g\u00fcgyi int\u00e9zm\u00e9nyek teljesen megteltek. Tucatnyi \u00faj beteg \u00e1llapota s\u00falyosnak bizonyult.<br \/>\n    Az \u00fagynevezett &#8222;v\u00f6r\u00f6s z\u00f3n\u00e1ban&#8221; dolgoz\u00f3 orvosok, \u00e1pol\u00f3k egy hete sz\u00fcnet n\u00e9lk\u00fcl v\u00e9gzik feladatukat, sokan maguk is fert\u0151z\u00f6ttek, els\u0151sorban a h\u00e1ziorvosok k\u00f6z\u00f6tt &#8211; hangs\u00falyozta Attilio Fontana. Hozz\u00e1tette, hogy tov\u00e1bbra is hi\u00e1nyoznak a sz\u00e1jmaszkok, amelyb\u0151l a r\u00f3mai korm\u00e1ny 35 ezer darabot \u00edg\u00e9rt eg\u00e9sz \u00c9szak-Olaszorsz\u00e1gnak, de eddig egyetlenegy sem jutott c\u00e9lba. Az olasz eg\u00e9szs\u00e9g\u00fcgyi t\u00e1rca bejelentette, hogy az EU seg\u00edts\u00e9g\u00e9t k\u00e9rte a megfelel\u0151 sz\u00e1m\u00fa sz\u00e1jmaszk biztos\u00edt\u00e1s\u00e1ra.<br \/>\n    Hasonl\u00f3 helyzet alakult ki a fert\u0151z\u00e9s m\u00e1sik g\u00f3cpontj\u00e1nak tartott Veneto tartom\u00e1nyban is, ahol a megbetegedett vagy pihenni sem tud\u00f3 orvosokat \u00e9s eg\u00e9szs\u00e9g\u00fcgyi szem\u00e9lyzetet Olaszorsz\u00e1g m\u00e1s r\u00e9szeib\u0151l \u00e9rkezett \u00f6nk\u00e9ntes koll\u00e9g\u00e1kkal igyekeznek v\u00e1ltani. A venet\u00f3i k\u00f3rh\u00e1zakn\u00e1l a polg\u00e1ri v\u00e9delem s\u00e1trakat \u00e1ll\u00edtott fel, ezekben tudj\u00e1k elszigetelni a v\u00edrust\u00f3l fert\u0151z\u0151tt betegeket, ha egyszerre t\u00fal sokan jelentkezn\u00e9nek.<br \/>\n<div class=\"ads-in-post2\"><script async src=\"https:\/\/pagead2.googlesyndication.com\/pagead\/js\/adsbygoogle.js\"><\/script>\r\n<ins class=\"adsbygoogle\"\r\n     style=\"display:block\"\r\n     data-ad-format=\"fluid\"\r\n     data-ad-layout-key=\"-6t+ed+2i-1n-4w\"\r\n     data-ad-client=\"ca-pub-1959107119989764\"\r\n     data-ad-slot=\"4008251320\"><\/ins>\r\n<script>\r\n     (adsbygoogle = window.adsbygoogle || []).push({});\r\n<\/script><\/div>\n    A venet\u00f3i karant\u00e9nban tal\u00e1lhat\u00f3 Vo&#8217; kisv\u00e1rosban p\u00e9nteken \u00fajranyitott\u00e1k a post\u00e1t a nyugd\u00edjak kifizet\u00e9s\u00e9re.<br \/>\n    A polg\u00e1ri v\u00e9delmi hat\u00f3s\u00e1g az esti \u00f3r\u00e1kban k\u00f6zli ism\u00e9t a fert\u0151z\u00f6ttek \u00e9s esetleges halottak sz\u00e1m\u00e1t. A t\u00falzott p\u00e1nikkelt\u00e9s elker\u00fcl\u00e9s\u00e9re ezent\u00fal naponta csak egyszer hozz\u00e1k nyilv\u00e1noss\u00e1gra az adatokat, amelyek cs\u00fct\u00f6rt\u00f6k\u00f6n 17 halottr\u00f3l, t\u00f6bb mint 650 fert\u0151z\u00f6ttr\u0151l sz\u00f3ltak. A tartom\u00e1nyokt\u00f3l adott, nem hivatalos inform\u00e1ci\u00f3k szerint az\u00f3ta Lombardi\u00e1ban, Venet\u00f3ban \u00e9s Emilia Romagn\u00e1ban is emelkedett a betegek sz\u00e1ma.<br \/>\n    Sergio Mattarella \u00e1llamf\u0151 nyugalomra \u00e9s egys\u00e9gre sz\u00f3l\u00edtotta fel az orsz\u00e1got: &#8222;a tud\u00e1s \u00e9s a helyzet ismerete seg\u00edt legy\u0151zni az irracion\u00e1lis \u00e9s alaptalan f\u00e9lelmet&#8221; &#8211; mondta az \u00e1llamf\u0151.<br \/>\n    A r\u00f3mai korm\u00e1ny bejelentette, hogy k\u00e9t k\u00f6zgazd\u00e1sz, Marianna Mazzucato \u00e9s G\u00fcnter Pauli seg\u00edti mostant\u00f3l a v\u00edrushelyzet kezel\u00e9s\u00e9t a gazdas\u00e1gi k\u00e1rok min\u00e9l er\u0151teljesebb cs\u00f6kkent\u00e9se \u00e9rdek\u00e9ben. A korm\u00e1ny legk\u00e9s\u0151bb szombatra t\u00f6bb milli\u00f3 eur\u00f3 \u00e9rt\u00e9k\u0171 seg\u00e9lycsomagot \u00e1ll\u00edt \u00f6ssze els\u0151sorban a vesztegz\u00e1rt\u00f3l \u00e9rintett \u00e9szak-olaszorsz\u00e1gi t\u00e9rs\u00e9gek t\u00e1mogat\u00e1s\u00e1ra: a tervezett int\u00e9zked\u00e9sek k\u00f6zt szerepel a k\u00f6z\u00fczemi \u00e9s biztos\u00edt\u00e1si d\u00edjak, ad\u00f3- \u00e9s hitelk\u00f6telezetts\u00e9gek felf\u00fcggeszt\u00e9se. Seg\u00edts\u00e9get k\u00edv\u00e1nnak ny\u00fajtani a  m\u00e1ris jelent\u0151s kies\u00e9ssel sz\u00e1mol\u00f3 kereskedelemnek, idegenforgalomnak \u00e9s kultur\u00e1lis \u00e9letnek is. Az \u00e9szakolasz taxissz\u00f6vetkezetek szint\u00e9n jelezt\u00e9k, hogy forgalmuk t\u00f6bb mint hetven sz\u00e1zal\u00e9kkal visszaesett. A venet\u00f3i szakmai kamar\u00e1k m\u00e1ris 7 milli\u00e1rd eur\u00f3ra becs\u00fclik a tartom\u00e1ny hossz\u00fa t\u00e1v\u00fa k\u00e1r\u00e1t, a besz\u00e1mol\u00f3k szerint a t\u00e9rs\u00e9g mez\u0151gazdas\u00e1gi ter\u00fcleteir\u0151l a k\u00fclf\u00f6ldi munkaer\u0151 szabalyosan &#8222;elmenek\u00fclt&#8221;  a v\u00edrust\u00f3l tartva.<br \/>\n    Lombardia \u00e9s Veneto az iskol\u00e1k h\u00e9tf\u0151i \u00fajranyit\u00e1s\u00e1t m\u00e9rlegeli. H\u00e9tf\u0151t\u0151l ism\u00e9t l\u00e1togathat\u00f3 a mil\u00e1n\u00f3i d\u00f3m, ahol azonban m\u00e9g nem mutatnak be mis\u00e9t. Genov\u00e1ban \u00fajranyitott\u00e1k az \u00f3ri\u00e1s Akv\u00e1riumot annak bizony\u00edt\u00e1s\u00e1ra, hogy a v\u00e1ros fel akar \u00e9bredni a p\u00e1nik okozta b\u00e9nults\u00e1gb\u00f3l.<br \/>\n    Giuseppe Conte korm\u00e1nyf\u0151 bejelentette, hogy telefonon &#8222;meglepet\u00e9s\u00e9t&#8221; fejezte ki Benj\u00e1min Netanjahu izareli minisztereln\u00f6knek amiatt, hogy Izrael lez\u00e1rta hat\u00e1rait az Olaszorsz\u00e1gb\u00f3l \u00e9rkez\u0151 utasok el\u0151tt. A k\u00f6zv\u00e9lem\u00e9ny \u00fagy \u00e9rzi, Olaszorsz\u00e1g a teljes elszigetel\u0151d\u00e9st kock\u00e1ztatja.<br \/>\n    A mil\u00e1n\u00f3i \u00e1llami egyetem kutat\u00f3i szerint Olaszorsz\u00e1gba nem az ut\u00f3bbi hetekben, hanem j\u00f3val kor\u00e1bban \u00e9rkezett meg a kornav\u00edrus-fert\u0151z\u00e9s, amely sz\u00e1m\u00edt\u00e1saik szerint K\u00edn\u00e1ban \u0151sszel \u00fct\u00f6tte fel a fej\u00e9t. Az olasz vesztegz\u00e1r t\u00e9rs\u00e9geiben janu\u00e1rban rendk\u00edv\u00fcl megugrott a t\u00fcd\u0151gyullad\u00e1sok sz\u00e1ma. A szak\u00e9rt\u0151k \u00fagy v\u00e9lik, a lombardiai \u00e9s a venet\u00f3i g\u00f3cpont nem egym\u00e1st\u00f3l f\u00fcggetlen\u00fcl alakult ki.(MTI)<\/p>\n","protected":false},"excerpt":{"rendered":"<p>\u00d6sszeoml\u00e1s sz\u00e9l\u00e9n \u00e1llnak a koronav\u00edrus-betegekkel teli k\u00f3rh\u00e1zak az \u00e9szak-olaszorsz\u00e1gi Lombardia vesztegz\u00e1r-ter\u00fclet\u00e9n Attilio Fontana tartom\u00e1nyi eln\u00f6k szerint. A tartom\u00e1nyi eln\u00f6k p\u00e9ngteken a megbetegedett orvosok helyettes\u00edt\u00e9s\u00e9t \u00e9s a tov\u00e1bbra is hi\u00e1nyz\u00f3 sz\u00e1jmaszkok miel\u0151bbi biztos\u00edt\u00e1s\u00e1t s\u00fcrgette. Lombardia korm\u00e1nyz\u00f3ja szerint v\u00e9szhelyzetet a karant\u00e9n al\u00e1 helyezett Cremona \u00e9s Lodi v\u00e1ros k\u00f3rh\u00e1zaib\u00f3l jelentettek, ahol \u00e9jszaka \u00f3ta egyszerre annyi koronav\u00edrus-fert\u0151z\u00f6ttet kellett elhelyezni, &#8230;<\/p>\n","protected":false},"author":1001003,"featured_media":0,"comment_status":"closed","ping_status":"open","sticky":false,"template":"","format":"standard","meta":[],"categories":[12,427],"tags":[428],"_links":{"self":[{"href":"https:\/\/gazdasagportal.hu\/index.php\/wp-json\/wp\/v2\/posts\/124360"}],"collection":[{"href":"https:\/\/gazdasagportal.hu\/index.php\/wp-json\/wp\/v2\/posts"}],"about":[{"href":"https:\/\/gazdasagportal.hu\/index.php\/wp-json\/wp\/v2\/types\/post"}],"author":[{"embeddable":true,"href":"https:\/\/gazdasagportal.hu\/index.php\/wp-json\/wp\/v2\/users\/1001003"}],"replies":[{"embeddable":true,"href":"https:\/\/gazdasagportal.hu\/index.php\/wp-json\/wp\/v2\/comments?post=124360"}],"version-history":[{"count":1,"href":"https:\/\/gazdasagportal.hu\/index.php\/wp-json\/wp\/v2\/posts\/124360\/revisions"}],"predecessor-version":[{"id":124361,"href":"https:\/\/gazdasagportal.hu\/index.php\/wp-json\/wp\/v2\/posts\/124360\/revisions\/124361"}],"wp:attachment":[{"href":"https:\/\/gazdasagportal.hu\/index.php\/wp-json\/wp\/v2\/media?parent=124360"}],"wp:term":[{"taxonomy":"category","embeddable":true,"href":"https:\/\/gazdasagportal.hu\/index.php\/wp-json\/wp\/v2\/categories?post=124360"},{"taxonomy":"post_tag","embeddable":true,"href":"https:\/\/gazdasagportal.hu\/index.php\/wp-json\/wp\/v2\/tags?post=124360"}],"curies":[{"name":"wp","href":"https:\/\/api.w.org\/{rel}","templated":true}]}}