{"id":124347,"date":"2020-02-29T04:04:01","date_gmt":"2020-02-29T03:04:01","guid":{"rendered":"http:\/\/gazdasagportal.hu\/?p=124347"},"modified":"2020-02-28T21:15:10","modified_gmt":"2020-02-28T20:15:10","slug":"tovabb-emelkedett-a-halottak-illetve-a-fertozottek-szama-olaszorszagban","status":"publish","type":"post","link":"https:\/\/gazdasagportal.hu\/index.php\/tovabb-emelkedett-a-halottak-illetve-a-fertozottek-szama-olaszorszagban\/","title":{"rendered":"Tov\u00e1bb emelkedett a halottak, illetve a fert\u0151z\u00f6ttek sz\u00e1ma Olaszorsz\u00e1gban"},"content":{"rendered":"<p><strong>Huszonegyre emelkedett a halottak \u00e9s nyolcsz\u00e1zhuszonegyre a fert\u0151z\u00f6ttek sz\u00e1ma Olaszorsz\u00e1gban a koronav\u00edrus-j\u00e1rv\u00e1ny k\u00f6vetkezt\u00e9ben &#8211; k\u00f6z\u00f6lte Angelo Borrelli a polg\u00e1ri v\u00e9delmi hat\u00f3s\u00e1g vezet\u0151je p\u00e9ntek esti t\u00e1j\u00e9koztat\u00f3j\u00e1n.<\/strong><!--more--><\/p>\n<div class=\"ads-in-post1\"><div id=\"gazdasagportal.hu_fullbanner_wideboard\"><\/div>\r\n<\/div>\n<p>    Angelo Borrelli elmondta, hogy a fert\u0151z\u00f6ttek k\u00f6z\u00fcl 412 szem\u00e9ly pozit\u00edvnak bizonyult a koronav\u00edrus-tesztre, de t\u00fcnet n\u00e9lk\u00fcliek, vagy enyhe t\u00fcneteket mutatnak.<br \/>\n    A k\u00f3rh\u00e1zban kezeltek k\u00f6z\u00f6tt 64-en vannak intenz\u00edv oszt\u00e1lyon. Negyvenhat szem\u00e9lyt gy\u00f3gyultnak nyilv\u00e1n\u00edtottak.         A halottak jelent\u0151s t\u00f6bbs\u00e9ge j\u00f3val nyolcvan \u00e9v f\u00f6l\u00f6tti, \u00e9s m\u00e1s betegs\u00e9g miatt is kezelt szem\u00e9ly volt.      A polg\u00e1ri v\u00e9delmi hat\u00f3s\u00e1g p\u00e9ntekt\u0151l naponta egyszer k\u00f6zli a hivatalos adatokat a f\u00e9lelemkelt\u00e9s fokoz\u00e1s\u00e1nak elker\u00fcl\u00e9s\u00e9re.<br \/>\n    \u00dajs\u00e1g\u00edr\u00f3i k\u00e9rd\u00e9sre v\u00e1laszolva Angelo Borrelli meger\u0151s\u00edtette, hogy a lombardiai vesztegz\u00e1r t\u00e9rs\u00e9g\u00e9ben tal\u00e1lhat\u00f3 k\u00f3rh\u00e1zak nem tudnak t\u00f6bb beteget ell\u00e1tni. Lodi k\u00f3rh\u00e1z\u00e1ban p\u00e9nteken mintegy sz\u00e1z szem\u00e9ly jelentkezett koronav\u00edrus-t\u00fcnetekre panaszkodva. A polg\u00e1ri v\u00e9delem vezet\u0151je hangs\u00falyozta, hogy az olasz eg\u00e9sz\u00e9g\u00fcgyi hat\u00f3s\u00e1gok azonnal l\u00e9ptek, \u00e9s a k\u00f3rh\u00e1z seg\u00edts\u00e9g\u00e9re siettek. A v\u00e1ls\u00e1g\u00f6vezettel hat\u00e1ros Cremona k\u00f3rh\u00e1z\u00e1nak egyik orvosa a SkyTg24 h\u00edrtelev\u00edzi\u00f3nak \u00fagy nyilatkozott, minden orvos \u00e9s \u00e1pol\u00f3 egy hete majdnem meg\u00e1ll\u00e1s n\u00e9lk\u00fcl dolgozik.<br \/>\n<div class=\"ads-in-post2\"><script async src=\"https:\/\/pagead2.googlesyndication.com\/pagead\/js\/adsbygoogle.js\"><\/script>\r\n<ins class=\"adsbygoogle\"\r\n     style=\"display:block\"\r\n     data-ad-format=\"fluid\"\r\n     data-ad-layout-key=\"-6t+ed+2i-1n-4w\"\r\n     data-ad-client=\"ca-pub-1959107119989764\"\r\n     data-ad-slot=\"4008251320\"><\/ins>\r\n<script>\r\n     (adsbygoogle = window.adsbygoogle || []).push({});\r\n<\/script><\/div>\n  Angelo Borrelli hozz\u00e1tette, hogy a r\u00f3mai korm\u00e1ny a k\u00f6vetkez\u0151 \u00f3r\u00e1kban rendk\u00edv\u00fcli int\u00e9zked\u00e9seket jelent be a koronav\u00edrus s\u00fajtotta t\u00e9rs\u00e9gek gazdas\u00e1gi t\u00e1mogat\u00e1s\u00e1ra. A tervezett int\u00e9zked\u00e9sek k\u00f6zt szerepel a k\u00f6z\u00fczemi \u00e9s biztos\u00edt\u00e1si d\u00edjak, ad\u00f3- \u00e9s hitelk\u00f6telezetts\u00e9gek felf\u00fcggeszt\u00e9se. Seg\u00edts\u00e9get k\u00edv\u00e1nnak ny\u00fajtani a m\u00e1ris jelent\u0151s kies\u00e9ssel sz\u00e1mol\u00f3 kereskedelemnek, idegenforgalomnak \u00e9s kultur\u00e1lis \u00e9letnek is.<br \/>\n    Dario Franceschini kultur\u00e1lis miniszter elmondta, hogy az \u00c9szak-Olaszorsz\u00e1gban a bez\u00e1rt m\u00fazeumok, sz\u00ednh\u00e1zak, mozik \u00fajranyit\u00e1s\u00e1val akarj\u00e1k oldani a f\u00e9lelem okozta b\u00e9nults\u00e1got, de err\u0151l ter\u00fclett\u0151l f\u00fcgg\u0151en d\u00f6ntenek. &#8222;A j\u00f3zan \u00e9szt kell k\u00f6vetni, nem lehet el\u0151sz\u00f6r mindent bez\u00e1rni, azut\u00e1n meg mindent megnyitni&#8221; &#8211; mondta Franceschini. A vesztegz\u00e1r \u00f6vezeteiben m\u00e1rcius 2-\u00e1n megnyitj\u00e1k a postahivatalokat a nyugd\u00edjak kifizet\u00e9s\u00e9re. M\u00e1rcius 3-\u00e1n a r\u00f3mai k\u00fcl\u00fcgyminiszt\u00e9rium egyeztet\u00e9st tart az olasz export helyzet\u00e9r\u0151l.<br \/>\n    Giulio Gallera lombardiai j\u00f3l\u00e9ti tan\u00e1csos a tartom\u00e1nynak a vesztegz\u00e1ron k\u00edv\u00fcli t\u00e9rs\u00e9g\u00e9ben is az \u00f3vint\u00e9zked\u00e9sek meghosszabb\u00edt\u00e1s\u00e1t szorgalmazta a k\u00f6vetkez\u0151 h\u00e9tre is, mivel a fert\u0151z\u00e9s nem cs\u00f6kkent. Egyel\u0151re nem jelentett\u00e9k be, hogy az iskol\u00e1kat \u00e9s templomokat h\u00e9tf\u0151t\u0151l \u00fajranyitj\u00e1k-e.<br \/>\n    Hat\u00f3s\u00e1gi vizsg\u00e1lat indult a sz\u00e1jmaszkot \u00e9s fert\u0151tlen\u00edt\u0151szereket t\u00f6bbsz\u00f6r\u00f6s \u00e1ron forgalmaz\u00f3k ellen. Egy f\u00e9rfi tr\u00e9f\u00e1b\u00f3l a lombardiai Bergamo k\u00f3rh\u00e1z\u00e1b\u00f3l posztolt k\u00e9pet mag\u00e1r\u00f3l, fert\u0151z\u0151ttnek tetetve mag\u00e1t. Feljelent\u00e9st indult ellene.<br \/>\n(MTI)<\/p>\n","protected":false},"excerpt":{"rendered":"<p>Huszonegyre emelkedett a halottak \u00e9s nyolcsz\u00e1zhuszonegyre a fert\u0151z\u00f6ttek sz\u00e1ma Olaszorsz\u00e1gban a koronav\u00edrus-j\u00e1rv\u00e1ny k\u00f6vetkezt\u00e9ben &#8211; k\u00f6z\u00f6lte Angelo Borrelli a polg\u00e1ri v\u00e9delmi hat\u00f3s\u00e1g vezet\u0151je p\u00e9ntek esti t\u00e1j\u00e9koztat\u00f3j\u00e1n.<\/p>\n","protected":false},"author":1001003,"featured_media":0,"comment_status":"closed","ping_status":"open","sticky":false,"template":"","format":"standard","meta":[],"categories":[12,427],"tags":[428],"_links":{"self":[{"href":"https:\/\/gazdasagportal.hu\/index.php\/wp-json\/wp\/v2\/posts\/124347"}],"collection":[{"href":"https:\/\/gazdasagportal.hu\/index.php\/wp-json\/wp\/v2\/posts"}],"about":[{"href":"https:\/\/gazdasagportal.hu\/index.php\/wp-json\/wp\/v2\/types\/post"}],"author":[{"embeddable":true,"href":"https:\/\/gazdasagportal.hu\/index.php\/wp-json\/wp\/v2\/users\/1001003"}],"replies":[{"embeddable":true,"href":"https:\/\/gazdasagportal.hu\/index.php\/wp-json\/wp\/v2\/comments?post=124347"}],"version-history":[{"count":1,"href":"https:\/\/gazdasagportal.hu\/index.php\/wp-json\/wp\/v2\/posts\/124347\/revisions"}],"predecessor-version":[{"id":124348,"href":"https:\/\/gazdasagportal.hu\/index.php\/wp-json\/wp\/v2\/posts\/124347\/revisions\/124348"}],"wp:attachment":[{"href":"https:\/\/gazdasagportal.hu\/index.php\/wp-json\/wp\/v2\/media?parent=124347"}],"wp:term":[{"taxonomy":"category","embeddable":true,"href":"https:\/\/gazdasagportal.hu\/index.php\/wp-json\/wp\/v2\/categories?post=124347"},{"taxonomy":"post_tag","embeddable":true,"href":"https:\/\/gazdasagportal.hu\/index.php\/wp-json\/wp\/v2\/tags?post=124347"}],"curies":[{"name":"wp","href":"https:\/\/api.w.org\/{rel}","templated":true}]}}