{"id":124338,"date":"2020-02-28T15:49:25","date_gmt":"2020-02-28T14:49:25","guid":{"rendered":"http:\/\/gazdasagportal.hu\/?p=124338"},"modified":"2020-02-28T15:49:25","modified_gmt":"2020-02-28T14:49:25","slug":"koronavirus-erdelyben-is-megjelent-a-fertozes","status":"publish","type":"post","link":"https:\/\/gazdasagportal.hu\/index.php\/koronavirus-erdelyben-is-megjelent-a-fertozes\/","title":{"rendered":"Koronav\u00edrus &#8211; Erd\u00e9lyben is megjelent a fert\u0151z\u00e9s"},"content":{"rendered":"<p><strong>K\u00e9t \u00fajabb koronav\u00edrus fert\u0151z\u00e9sr\u0151l sz\u00e1moltak be p\u00e9ntek d\u00e9lut\u00e1n a rom\u00e1niai eg\u00e9szs\u00e9g\u00fcgyi hat\u00f3s\u00e1gok. Egy 45 \u00e9ves M\u00e1ramaros megyei f\u00e9rfit a kolozsv\u00e1ri, egy 38 \u00e9ves Temes megyei n\u0151t a temesv\u00e1ri j\u00e1rv\u00e1nyk\u00f3rh\u00e1zban kezelnek.<\/strong><!--more--><\/p>\n<div class=\"ads-in-post1\"><div id=\"gazdasagportal.hu_fullbanner_wideboard\"><\/div>\r\n<\/div>\n<p>    Amint Nelu Tataru, az Eg\u00e9szs\u00e9g\u00fcgyi Miniszt\u00e9rium \u00e1llamtitk\u00e1ra egy bukaresti sajt\u00f3t\u00e1j\u00e9koztat\u00f3n elmondta: a M\u00e1ramaros megyei f\u00e9rfi febru\u00e1r 25-\u00e9n, kedden t\u00e9rt vissza Olaszorsz\u00e1gnak egy olyan vid\u00e9k\u00e9r\u0151l, amelyiket az olasz hat\u00f3s\u00e1gok nem tartanak fert\u0151z\u00f6ttnek. Itthon rosszul \u00e9rezte mag\u00e1t, ez\u00e9rt M\u00e1ramaros megy\u00e9ben k\u00f3rh\u00e1zba utalt\u00e1k, onnan l\u00e9gz\u00e9si el\u00e9gtelens\u00e9g miatt sz\u00e1ll\u00edtott\u00e1k \u00e1t Kolozsv\u00e1rra.<br \/>\n    A Temes megyei n\u0151 febru\u00e1r 17-\u00e9n j\u00e1rt az olaszorsz\u00e1gi Bergamoban, ahonnan hazat\u00e9rve 25-\u00e9n bel\u00e1zasodott. Cs\u00fct\u00f6rt\u00f6k\u00f6n ment orvoshoz, \u00e9s az\u00f3ta otthon v\u00e1rta a v\u00edrusteszt eredm\u00e9ny\u00e9t.<br \/>\n    Mindk\u00e9t beteg eset\u00e9ben p\u00e9nteken mutatt\u00e1k ki a koronav\u00edrusos fert\u0151z\u00e9st a temesv\u00e1ri laborat\u00f3riumban. Az \u00e1llamtitk\u00e1r elmondta: a temesv\u00e1ri n\u0151 \u00e1llapota j\u00f3, a m\u00e1ramarosi f\u00e9rfi \u00e1llapota p\u00e9ntekre javult.<br \/>\n    Raed Arafat, a bel\u00fcgyminiszt\u00e9rium katasztr\u00f3fav\u00e9delmi \u00e1llamtitk\u00e1ra a sajt\u00f3t\u00e1j\u00e9koztat\u00f3n pontos\u00edtotta, mindk\u00e9t fert\u0151z\u00f6tt Olaszorsz\u00e1g olyan telep\u00fcl\u00e9s\u00e9r\u0151l \u00e9rkezett, ahol nincsenek \u00e9rv\u00e9nyben a fert\u0151z\u00e9s terjed\u00e9s\u00e9t akad\u00e1lyoz\u00f3 int\u00e9zked\u00e9sek.<br \/>\n    Az \u00e1llamtitk\u00e1r azt is megeml\u00edtette, hogy a k\u00e9t \u00e9rintett megye eg\u00e9szs\u00e9g\u00fcgyi hat\u00f3s\u00e1gai megvizsg\u00e1lj\u00e1k, hogy a k\u00e9t fert\u0151z\u00f6tt szem\u00e9ly kikkel \u00e9rintkezett az elm\u00falt napokban, \u00e9s meghozz\u00e1k a sz\u00fcks\u00e9ges int\u00e9zked\u00e9seket.<br \/>\n<div class=\"ads-in-post2\"><script async src=\"https:\/\/pagead2.googlesyndication.com\/pagead\/js\/adsbygoogle.js\"><\/script>\r\n<ins class=\"adsbygoogle\"\r\n     style=\"display:block\"\r\n     data-ad-format=\"fluid\"\r\n     data-ad-layout-key=\"-6t+ed+2i-1n-4w\"\r\n     data-ad-client=\"ca-pub-1959107119989764\"\r\n     data-ad-slot=\"4008251320\"><\/ins>\r\n<script>\r\n     (adsbygoogle = window.adsbygoogle || []).push({});\r\n<\/script><\/div>\n    Rom\u00e1ni\u00e1ban eddig egy 20 \u00e9ves Gorj megyei f\u00e9rfin\u00e9l mutatt\u00e1k ki szerda este a koronav\u00edrust, akit a bukaresti Matei Bals k\u00f3rh\u00e1zban tartanak orvosi fel\u00fcgyelet alatt. A fiatalember egyel\u0151re t\u00fcnetmentes.<br \/>\n    A rom\u00e1n hat\u00f3s\u00e1gok p\u00e9ntek d\u00e9lel\u0151tt azt k\u00f6z\u00f6lt\u00e9k, hogy az orsz\u00e1gban 182 szem\u00e9ly van karant\u00e9nban, \u00e9s 8231 szem\u00e9lyt a lak\u00e1sukban tartanak megfigyel\u00e9s alatt. Ezek a sz\u00e1mok azonban folyamatosan v\u00e1ltoznak.<br \/>\n    Rom\u00e1ni\u00e1ban a v\u00edrus olaszorsz\u00e1gi terjed\u00e9se v\u00e1ltott ki fokozott aggodalmat. Olaszorsz\u00e1gban mintegy 1,2 milli\u00f3 rom\u00e1n \u00e9l, t\u00f6bb mint egynegyed\u00fck az orsz\u00e1g \u00e9szaki tartom\u00e1nyaiban, ahol a legt\u00f6bb fert\u0151z\u00e9st \u00e9szlelt\u00e9k: Lombardi\u00e1ban 200 ezer, Veneto tartom\u00e1nyban pedig 120 ezer rom\u00e1n \u00e1llampolg\u00e1r \u00e9l.(MTI)<\/p>\n","protected":false},"excerpt":{"rendered":"<p>K\u00e9t \u00fajabb koronav\u00edrus fert\u0151z\u00e9sr\u0151l sz\u00e1moltak be p\u00e9ntek d\u00e9lut\u00e1n a rom\u00e1niai eg\u00e9szs\u00e9g\u00fcgyi hat\u00f3s\u00e1gok. Egy 45 \u00e9ves M\u00e1ramaros megyei f\u00e9rfit a kolozsv\u00e1ri, egy 38 \u00e9ves Temes megyei n\u0151t a temesv\u00e1ri j\u00e1rv\u00e1nyk\u00f3rh\u00e1zban kezelnek.<\/p>\n","protected":false},"author":1,"featured_media":0,"comment_status":"closed","ping_status":"open","sticky":false,"template":"","format":"standard","meta":[],"categories":[12,427],"tags":[428],"_links":{"self":[{"href":"https:\/\/gazdasagportal.hu\/index.php\/wp-json\/wp\/v2\/posts\/124338"}],"collection":[{"href":"https:\/\/gazdasagportal.hu\/index.php\/wp-json\/wp\/v2\/posts"}],"about":[{"href":"https:\/\/gazdasagportal.hu\/index.php\/wp-json\/wp\/v2\/types\/post"}],"author":[{"embeddable":true,"href":"https:\/\/gazdasagportal.hu\/index.php\/wp-json\/wp\/v2\/users\/1"}],"replies":[{"embeddable":true,"href":"https:\/\/gazdasagportal.hu\/index.php\/wp-json\/wp\/v2\/comments?post=124338"}],"version-history":[{"count":1,"href":"https:\/\/gazdasagportal.hu\/index.php\/wp-json\/wp\/v2\/posts\/124338\/revisions"}],"predecessor-version":[{"id":124339,"href":"https:\/\/gazdasagportal.hu\/index.php\/wp-json\/wp\/v2\/posts\/124338\/revisions\/124339"}],"wp:attachment":[{"href":"https:\/\/gazdasagportal.hu\/index.php\/wp-json\/wp\/v2\/media?parent=124338"}],"wp:term":[{"taxonomy":"category","embeddable":true,"href":"https:\/\/gazdasagportal.hu\/index.php\/wp-json\/wp\/v2\/categories?post=124338"},{"taxonomy":"post_tag","embeddable":true,"href":"https:\/\/gazdasagportal.hu\/index.php\/wp-json\/wp\/v2\/tags?post=124338"}],"curies":[{"name":"wp","href":"https:\/\/api.w.org\/{rel}","templated":true}]}}