{"id":124334,"date":"2020-02-28T13:41:27","date_gmt":"2020-02-28T12:41:27","guid":{"rendered":"http:\/\/gazdasagportal.hu\/?p=124334"},"modified":"2020-02-28T13:41:27","modified_gmt":"2020-02-28T12:41:27","slug":"milliardos-beruhazasokkal-erositett-a-schneider-electric","status":"publish","type":"post","link":"https:\/\/gazdasagportal.hu\/index.php\/milliardos-beruhazasokkal-erositett-a-schneider-electric\/","title":{"rendered":"Milli\u00e1rdos beruh\u00e1z\u00e1sokkal er\u0151s\u00edtett a Schneider Electric"},"content":{"rendered":"<p style=\"font-weight: 400;\">\u00a0<strong>Dinamikusan b\u0151v\u00fcl\u0151 \u00e1rbev\u00e9tel \u00e9s t\u00f6bbmilli\u00e1rd forintnyi beruh\u00e1z\u00e1s jellemezte a Schneider Electric tavalyi \u00e9v\u00e9t Magyarorsz\u00e1gon. A t\u00e1rsas\u00e1g budapesti szolg\u00e1ltat\u00f3 k\u00f6zpontja id\u00e9n \u00fajabb feladatokat kap \u00e9s a l\u00e9tsz\u00e1mot is b\u0151v\u00edtik.<\/strong><\/p>\n<p><!--more--><\/p>\n<div class=\"ads-in-post1\"><div id=\"gazdasagportal.hu_fullbanner_wideboard\"><\/div>\r\n<\/div>\n<p style=\"font-weight: 400;\">\n<p style=\"font-weight: 400;\">Nemzetk\u00f6zi nagyv\u00e1llalatok jelent\u0151s magyarorsz\u00e1gi beruh\u00e1z\u00e1sai, az 5 sz\u00e1zal\u00e9kos \u00e1fa kivezet\u00e9se miatt felfut\u00f3 lakoss\u00e1gi \u00e9p\u00edt\u0151ipari beruh\u00e1z\u00e1sok, a digit\u00e1lis megold\u00e1sok ir\u00e1nti n\u00f6vekv\u0151 ig\u00e9ny, illetve a j\u00f3l \u00e1tgondolt kereskedelmi strat\u00e9gia egyar\u00e1nt hozz\u00e1j\u00e1rult a Schneider Electric magyarorsz\u00e1gi fejl\u0151d\u00e9s\u00e9hez. A t\u00e1rsas\u00e1g itthon a piaci \u00e1tlagot meghalad\u00f3, j\u00f3val 10 sz\u00e1zal\u00e9k f\u00f6l\u00f6tti \u00e1rbev\u00e9tel-n\u00f6veked\u00e9st \u00e9rt el a m\u00falt \u00e9vben 2018-hoz k\u00e9pest, teljes\u00edtve a c\u00e9lkit\u0171z\u00e9st. Ez egyben azt is jelenti, hogy a c\u00e9g c\u00e9lpiacain n\u00f6velni tudta r\u00e9szesed\u00e9s\u00e9t, a r\u00e9gi\u00f3ban pedig a Schneider Electric legmeghat\u00e1roz\u00f3bb le\u00e1nyv\u00e1llalata lett.<\/p>\n<p style=\"font-weight: 400;\">\n<p style=\"font-weight: 400;\">\u201e<em>B\u00fcszke vagyok arra, hogy \u00fagy siker\u00fclt b\u0151v\u00edten\u00fcnk a piaci r\u00e9szesed\u00e9s\u00fcnket \u00e9s a forgalmunkat, hogy k\u00f6zben a nyeres\u00e9g\u00fcnk is n\u0151tt. Ebben szerepet j\u00e1tszott, hogy siker\u00fclt jav\u00edtanunk a m\u0171k\u00f6d\u00e9si hat\u00e9konys\u00e1gon, mik\u00f6zben m\u00e9g t\u00f6bb feladatot kaptak a magyar koll\u00e9g\u00e1k, hiszen b\u0151v\u00fclt a term\u00e9kportf\u00f3li\u00f3nk is. A tavalyi eredm\u00e9nyek igazolt\u00e1k a kereskedelmi politik\u00e1val kapcsolatos strat\u00e9gi\u00e1nkat, amit k\u00e9t \u00e9ve gondoltunk \u00fajra teljesen \u00e9s az\u00f3ta minden \u00e9vben finomhangolunk<\/em>\u201d &#8211; mondta el Veres Zsolt, a Schneider Electric Zrt. vez\u00e9rigazgat\u00f3ja.<\/p><div id=\"gazda-4024207532\" class=\"gazda-tartalomban gazda-entity-placement\"><script async src=\"https:\/\/pagead2.googlesyndication.com\/pagead\/js\/adsbygoogle.js\"><\/script>\r\n<ins class=\"adsbygoogle\"\r\n     style=\"display:block\"\r\n     data-ad-format=\"fluid\"\r\n     data-ad-layout-key=\"-6t+ed+2i-1n-4w\"\r\n     data-ad-client=\"ca-pub-1959107119989764\"\r\n     data-ad-slot=\"4008251320\"><\/ins>\r\n<script>\r\n     (adsbygoogle = window.adsbygoogle || []).push({});\r\n<\/script><\/div>\n<p style=\"font-weight: 400;\">\n<p style=\"font-weight: 400;\">A t\u00e1rsas\u00e1g tradicion\u00e1lisan els\u0151sorban disztrib\u00faci\u00f3s \u00e9s kiskereskedelmi partnerein kereszt\u00fcl szolg\u00e1lja ki a piaci ig\u00e9nyeket. Ezen t\u00falmen\u0151en, a lakoss\u00e1gi \u00e9s v\u00e1llalati felhaszn\u00e1l\u00e1sra sz\u00e1nt villamoss\u00e1gi rendszerek, az energiahat\u00e9konys\u00e1got, az \u00e9p\u00fclet\u00fczemeltet\u00e9st, illetve az ipari automatiz\u00e1l\u00e1st is t\u00e1mogat\u00f3 megold\u00e1sok\u00a0 ter\u00e9n az elm\u00falt h\u00e1rom \u00e9vben komoly szerepet j\u00e1tszottak egyes kiemelt nagy projektek is. A Schneider Electric k\u00f6zrem\u0171k\u00f6dik p\u00e9ld\u00e1ul a Samsung hazai gy\u00e1rberuh\u00e1z\u00e1sain\u00e1l, illetve szerepet v\u00e1llaltak a 3-as metr\u00f3 \u00e9szaki \u00e9s d\u00e9li szakaszainak fel\u00faj\u00edt\u00e1s\u00e1ban.<\/p>\n<p style=\"font-weight: 400;\">\n<p style=\"font-weight: 400;\">\u201e<em>Ahogyan arra el\u0151zetesen is sz\u00e1m\u00edtani lehetett, az \u00f6tsz\u00e1zal\u00e9kos \u00e1fa kivezet\u00e9se miatt a m\u00falt \u00e9vben jelent\u0151sen felp\u00f6rg\u00f6tt a lak\u00e1s\u00e9p\u00edt\u00e9si projektek kivitelez\u00e9se, \u00edgy n\u0151tt a kereslet term\u00e9keink ir\u00e1nt. Sz\u00e1mos nagy beruh\u00e1z\u00e1st jelentettek be k\u00fclf\u00f6ldi c\u00e9gek is, ami szint\u00e9n pozit\u00edvan hatott a forgalmunkra. Vannak olyan ter\u00fcletek, ahol kiugr\u00f3an j\u00f3 eredm\u00e9nyeket \u00e9rt\u00fcnk el, ilyen p\u00e9ld\u00e1ul az e-kereskedelem, a partnereken kereszt\u00fcl t\u00f6rt\u00e9n\u0151 online \u00e9rt\u00e9kes\u00edt\u00e9s mintegy \u00f6t\u00f6d\u00e9vel b\u0151v\u00fclt 2019-ben. Ezt a csatorn\u00e1t a j\u00f6v\u0151ben is kiemelten kezelj\u00fck, megfelel\u0151 t\u00e1j\u00e9koztat\u00f3 anyagokkal \u00e9s h\u00e1tt\u00e9rinfrastrukt\u00fara kialak\u00edt\u00e1s\u00e1val<\/em>\u201d &#8211; hangs\u00falyozta Veres Zsolt.<\/p>\n<div class=\"ads-in-post2\"><script async src=\"https:\/\/pagead2.googlesyndication.com\/pagead\/js\/adsbygoogle.js\"><\/script>\r\n<ins class=\"adsbygoogle\"\r\n     style=\"display:block\"\r\n     data-ad-format=\"fluid\"\r\n     data-ad-layout-key=\"-6t+ed+2i-1n-4w\"\r\n     data-ad-client=\"ca-pub-1959107119989764\"\r\n     data-ad-slot=\"4008251320\"><\/ins>\r\n<script>\r\n     (adsbygoogle = window.adsbygoogle || []).push({});\r\n<\/script><\/div>\n<p style=\"font-weight: 400;\">\n<p style=\"font-weight: 400;\">A Schneider Electric n\u00e9gy gy\u00e1r\u00e1ban, logisztikai k\u00f6zpontj\u00e1ban \u00e9s budapesti k\u00f6zpontj\u00e1ban mintegy 2000 embert foglalkoztat Magyarorsz\u00e1gon. A t\u00e1rsas\u00e1g a m\u00falt \u00e9vben t\u00f6bbmilli\u00e1rd forintnyi beruh\u00e1z\u00e1st val\u00f3s\u00edtott meg haz\u00e1nkban. T\u00f6bbek k\u00f6z\u00f6tt b\u0151v\u00edtett\u00e9k a gy\u00f6ngy\u00f6si \u00fczem\u00fcket, zalaegerszegi kismegszak\u00edt\u00f3kat gy\u00e1rt\u00f3 l\u00e9tes\u00edtm\u00e9ny\u00fckben\u00a0 pedig jelent\u0151s technol\u00f3giai fejleszt\u00e9s kezd\u0151d\u00f6tt el.<\/p>\n<p style=\"font-weight: 400;\">\n<p style=\"font-weight: 400;\">A szigetszentmikl\u00f3si disztrib\u00faci\u00f3s k\u00f6zpont \u00e9s az egyik magyarorsz\u00e1gi \u00fczem r\u00e9szei a Schneider Electric glob\u00e1lis \u201eSmart Factory\u201d \u00e9s \u201eSmart Distribution Center\u201d programjainak. Ezeken a helysz\u00edneken a c\u00e9g folyamatosan vezeti be EcoStruxure platformja\u00a0 energia- \u00e9s m\u0171k\u00f6d\u00e9si hat\u00e9konys\u00e1got jav\u00edt\u00f3 megold\u00e1sait. A szigetszentmikl\u00f3si logisztikai k\u00f6zpont jelent\u0151s\u00e9g\u00e9t mutatja, hogy a l\u00e9tes\u00edtm\u00e9nyb\u0151l mintegy k\u00e9t tucat orsz\u00e1got \u2013 K\u00f6z\u00e9p-Eur\u00f3p\u00e1ban \u00e9s a K\u00f6zel-Keleten \u2013 l\u00e1tnak el Schneider Electric term\u00e9kekkel.<\/p>\n<p style=\"font-weight: 400;\">\n<p style=\"font-weight: 400;\">\u201e<em>A lakoss\u00e1gi piacon a tavalyin\u00e1l m\u00e1r lassabb n\u00f6veked\u00e9ssel sz\u00e1molunk 2020-ban, ugyanakkor azt l\u00e1tjuk, hogy ism\u00e9t jelent\u0151s sz\u00e1mban lesznek k\u00fclf\u00f6ldi beruh\u00e1z\u00e1sok, illetve a m\u00falt \u00e9vi sikeres el\u0151k\u00e9sz\u00edt\u00e9s ut\u00e1n id\u00e9n m\u00e9g nagyobb hangs\u00falyt helyez\u00fcnk majd az EcoStruxure term\u00e9kvonal hazai b\u0151v\u00edt\u00e9s\u00e9re, valamint er\u0151s\u00edt\u00fcnk az ipari automatiz\u00e1l\u00e1s ter\u00fclet\u00e9n is. \u00d6sszess\u00e9g\u00e9ben a tavalyihoz k\u00e9pest tov\u00e1bbi min\u0151s\u00e9gi \u00e9s mennyis\u00e9gi fejl\u0151d\u00e9sre sz\u00e1m\u00edtok id\u00e9n\u201d\u00a0<\/em>&#8211; tette hozz\u00e1 Veres Zsolt.<\/p>\n<p style=\"font-weight: 400;\">\n<p style=\"font-weight: 400;\">A k\u00f6zelm\u00faltban d\u00f6nt\u00e9s sz\u00fcletett arr\u00f3l, hogy a Schneider Electric budapesti bels\u0151 szolg\u00e1ltat\u00f3k\u00f6zpontja \u00faj feladatokat kap id\u00e9n. A beszerz\u00e9si, p\u00e9nz\u00fcgyi feladatokat ell\u00e1t\u00f3 csapat, egyike lesz a hasonl\u00f3 tev\u00e9kenys\u00e9get v\u00e9gz\u0151 eur\u00f3pai szint\u0171 k\u00f6zpontoknak, ami azzal j\u00e1r majd, hogy bizonyos folyamatokat Budapestr\u0151l ir\u00e1ny\u00edtanak. A fejleszt\u00e9s r\u00e9szek\u00e9nt b\u0151v\u00edtik a k\u00f6zpontban dolgoz\u00f3k sz\u00e1m\u00e1t \u00e9s t\u00f6bb vezet\u0151 poz\u00edci\u00f3t is a magyar f\u0151v\u00e1rosba hoznak.<\/p>\n<p style=\"font-weight: 400;\">\n<p style=\"font-weight: 400;\"><strong>\u00a0<\/strong><\/p>\n<p style=\"font-weight: 400;\"><strong>A Schneider Electricr\u0151l<\/strong><\/p>\n<p style=\"font-weight: 400;\">A Schneider Electricn\u00e9l hisz\u00fcnk abban, hogy az energi\u00e1hoz \u00e9s a digit\u00e1lis technol\u00f3gi\u00e1khoz val\u00f3 hozz\u00e1f\u00e9r\u00e9s mindannyiunk alapvet\u0151 emberi joga. K\u00fcldet\u00e9s\u00fcnknek tartjuk, hogy mindenki, mindig \u00e9s mindenhol hozz\u00e1f\u00e9rhessen az \u00e9letet ad\u00f3 energi\u00e1hoz, \u00e9s kihozhassa bel\u0151le a legt\u00f6bbet.<\/p>\n<p style=\"font-weight: 400;\">Olyan digit\u00e1lis energiaell\u00e1t\u00e1si \u00e9s automatiz\u00e1l\u00e1si megold\u00e1sokat k\u00edn\u00e1lunk, amelyek n\u00f6velik a hat\u00e9konys\u00e1got \u00e9s a fenntarthat\u00f3s\u00e1got. Integr\u00e1lt megold\u00e1sokban egyes\u00edtj\u00fck a vezet\u0151 energiahat\u00e9konys\u00e1gi technol\u00f3gi\u00e1kat, a val\u00f3s idej\u0171 automatiz\u00e1l\u00e1st, a szoftvereket \u00e9s a k\u00fcl\u00f6nf\u00e9le szolg\u00e1ltat\u00e1sokat az otthonok, az \u00e9p\u00fcletek, az adatk\u00f6zpontok, az infrastrukt\u00far\u00e1k \u00e9s a k\u00fcl\u00f6nb\u00f6z\u0151 ipar\u00e1gak sz\u00e1m\u00e1ra.<\/p>\n<p style=\"font-weight: 400;\">Minden eszk\u00f6zzel t\u00e1mogatjuk folyamatosan fejl\u0151d\u0151, nemzetk\u00f6zi, ny\u00edlt k\u00f6z\u00f6ss\u00e9g\u00fcnk kibontakoz\u00e1s\u00e1t, amelynek tagjai elk\u00f6telezettek legf\u0151bb \u00e9rt\u00e9keink, a befogad\u00f3 k\u00f6rnyezet \u00e9s a szabad gondolkod\u00e1s ir\u00e1nt.<\/p>\n","protected":false},"excerpt":{"rendered":"<p>\u00a0Dinamikusan b\u0151v\u00fcl\u0151 \u00e1rbev\u00e9tel \u00e9s t\u00f6bbmilli\u00e1rd forintnyi beruh\u00e1z\u00e1s jellemezte a Schneider Electric tavalyi \u00e9v\u00e9t Magyarorsz\u00e1gon. A t\u00e1rsas\u00e1g budapesti szolg\u00e1ltat\u00f3 k\u00f6zpontja id\u00e9n \u00fajabb feladatokat kap \u00e9s a l\u00e9tsz\u00e1mot is b\u0151v\u00edtik.<\/p>\n","protected":false},"author":1,"featured_media":0,"comment_status":"closed","ping_status":"open","sticky":false,"template":"","format":"standard","meta":[],"categories":[19],"tags":[],"_links":{"self":[{"href":"https:\/\/gazdasagportal.hu\/index.php\/wp-json\/wp\/v2\/posts\/124334"}],"collection":[{"href":"https:\/\/gazdasagportal.hu\/index.php\/wp-json\/wp\/v2\/posts"}],"about":[{"href":"https:\/\/gazdasagportal.hu\/index.php\/wp-json\/wp\/v2\/types\/post"}],"author":[{"embeddable":true,"href":"https:\/\/gazdasagportal.hu\/index.php\/wp-json\/wp\/v2\/users\/1"}],"replies":[{"embeddable":true,"href":"https:\/\/gazdasagportal.hu\/index.php\/wp-json\/wp\/v2\/comments?post=124334"}],"version-history":[{"count":1,"href":"https:\/\/gazdasagportal.hu\/index.php\/wp-json\/wp\/v2\/posts\/124334\/revisions"}],"predecessor-version":[{"id":124335,"href":"https:\/\/gazdasagportal.hu\/index.php\/wp-json\/wp\/v2\/posts\/124334\/revisions\/124335"}],"wp:attachment":[{"href":"https:\/\/gazdasagportal.hu\/index.php\/wp-json\/wp\/v2\/media?parent=124334"}],"wp:term":[{"taxonomy":"category","embeddable":true,"href":"https:\/\/gazdasagportal.hu\/index.php\/wp-json\/wp\/v2\/categories?post=124334"},{"taxonomy":"post_tag","embeddable":true,"href":"https:\/\/gazdasagportal.hu\/index.php\/wp-json\/wp\/v2\/tags?post=124334"}],"curies":[{"name":"wp","href":"https:\/\/api.w.org\/{rel}","templated":true}]}}