{"id":124330,"date":"2020-02-28T12:36:41","date_gmt":"2020-02-28T11:36:41","guid":{"rendered":"http:\/\/gazdasagportal.hu\/?p=124330"},"modified":"2020-02-28T12:37:15","modified_gmt":"2020-02-28T11:37:15","slug":"koronavirus-olaszorszagban-ezentul-naponta-egyszer-kozlik-hivatalosan-a-betegek-szamat","status":"publish","type":"post","link":"https:\/\/gazdasagportal.hu\/index.php\/koronavirus-olaszorszagban-ezentul-naponta-egyszer-kozlik-hivatalosan-a-betegek-szamat\/","title":{"rendered":"Koronav\u00edrus &#8211; Olaszorsz\u00e1gban ezent\u00fal naponta egyszer k\u00f6zlik hivatalosan a betegek sz\u00e1m\u00e1t"},"content":{"rendered":"<p><strong>Olaszorsz\u00e1gban ezent\u00fal naponta egyszer k\u00f6zlik hivatalosan a koronav\u00edrusos betegek sz\u00e1m\u00e1t, hogy elker\u00fclj\u00e9k a p\u00e1nikhangulat kialakul\u00e1s\u00e1t &#8211; jelentette be Sandra Zampa eg\u00e9szs\u00e9g\u00fcgyi \u00e1llamtitk\u00e1r p\u00e9nteken.<\/strong><!--more--><\/p>\n<div class=\"ads-in-post1\"><div id=\"gazdasagportal.hu_fullbanner_wideboard\"><\/div>\r\n<\/div>\n<p>    A betegek \u00e9s halottak hivatalos adatait a polg\u00e1ri v\u00e9delmi hat\u00f3s\u00e1g r\u00f3mai k\u00f6zpontj\u00e1ban k\u00f6zlik minden nap 18 \u00f3ra k\u00f6r\u00fcl.<br \/>\n    A koronav\u00edrus-fert\u0151z\u00e9s terjed\u00e9s\u00e9nek hetedik napj\u00e1n az olasz eg\u00e9szs\u00e9g\u00fcgyi hat\u00f3s\u00e1gok kommunik\u00e1ci\u00f3s strat\u00e9gi\u00e1t v\u00e1ltottak. Eddig naponta k\u00e9tszer &#8211; d\u00e9lel\u0151tt \u00e9s d\u00e9lut\u00e1n is &#8211; k\u00f6z\u00f6ltek sz\u00e1mokat, \u00e9s ezzel egy id\u0151ben a tartom\u00e1nyok, v\u00e1rosok is folyamatosan jelentett\u00e9k a fert\u0151z\u00f6ttek, halottak friss\u00edtett sz\u00e1m\u00e1t.<br \/>\n    A &#8222;sz\u00e1mverseny&#8221; csak a p\u00e1nikot gerjesztette &#8211; nyilatkozta Angelo Borreli a polg\u00e1ri v\u00e9delem vezet\u0151je.<br \/>\n    Ezen t\u00fal k\u00fcl\u00f6nbs\u00e9get tesznek a k\u00f3rh\u00e1zban kezelt fert\u0151z\u00f6ttek \u00e9s azok k\u00f6z\u00f6tt, akik enyhe t\u00fcnetekkel otthonukban t\u00f6ltik a vesztegz\u00e1r id\u0151szak\u00e1t, illetve k\u00f6zlik a gy\u00f3gyultak sz\u00e1m\u00e1t is.<br \/>\n    A korm\u00e1ny szerint a sajt\u00f3 p\u00e1nikhangulatot teremtett. Az olasz sajt\u00f3 viszont eml\u00e9keztetett, hogy Giuseppe Conte korm\u00e1nyf\u0151 a fert\u0151z\u00f6ttek sz\u00e1m\u00e1nak hirtelen megugr\u00e1sakor olyan v\u00e1ls\u00e1g\u00fcl\u00e9st tartott, amely az amerikai eln\u00f6k\u00f6k rendk\u00edv\u00fcli h\u00e1bor\u00fas vagy nemzetbiztons\u00e1gi helyzetben \u00f6sszeh\u00edvott tan\u00e1cskoz\u00e1sait id\u00e9zte. Az\u00f3ta Conte nem nyilatkozik az eg\u00e9szs\u00e9g\u00fcgyi helyzetr\u0151l, arr\u00f3l m\u00e1r kiz\u00e1r\u00f3lag a polg\u00e1ri v\u00e9delem vagy az eg\u00e9szs\u00e9g\u00fcgyi t\u00e1rca ad inform\u00e1ci\u00f3kat.<br \/>\n<div class=\"ads-in-post2\"><script async src=\"https:\/\/pagead2.googlesyndication.com\/pagead\/js\/adsbygoogle.js\"><\/script>\r\n<ins class=\"adsbygoogle\"\r\n     style=\"display:block\"\r\n     data-ad-format=\"fluid\"\r\n     data-ad-layout-key=\"-6t+ed+2i-1n-4w\"\r\n     data-ad-client=\"ca-pub-1959107119989764\"\r\n     data-ad-slot=\"4008251320\"><\/ins>\r\n<script>\r\n     (adsbygoogle = window.adsbygoogle || []).push({});\r\n<\/script><\/div>\n    Lombardia j\u00f3l\u00e9ti tan\u00e1csosa, Giulio Gallera bejelentette, hogy h\u00e9tf\u0151t\u0151l a tervek szerint ism\u00e9t l\u00e1togathat\u00f3 lesz az eddig lez\u00e1rt mil\u00e1n\u00f3i d\u00f3m, mis\u00e9t azonban tov\u00e1bbra sem mutatnak be.<br \/>\n    Az \u00e9szak-olaszorsz\u00e1gi t\u00e9rs\u00e9gekben az oktat\u00e1s \u00fajraind\u00edt\u00e1s\u00e1t is m\u00e9rlegelik. Err\u0151l p\u00e9ntek estig kell d\u00f6nteni. Gallera hozz\u00e1tette, hogy a vesztegz\u00e1r alatti t\u00e9rs\u00e9gben is enyh\u00edthetik az \u00f3vint\u00e9zked\u00e9seket, ha a h\u00e9t v\u00e9g\u00e9re a fert\u0151z\u00f6ttek sz\u00e1ma visszaesik.<br \/>\n    Olaszorsz\u00e1gban gazdas\u00e1gi zuhan\u00e1st\u00f3l tartanak az idegenforgalomban \u00e9pp\u00fagy, mint az exportban. Az eg\u00e9sz orsz\u00e1gban t\u00f6bb mint h\u00e9tezer koncertet, kultur\u00e1lis esem\u00e9nyt mondtak le, \u00e9s elhalasztott\u00e1k t\u00f6bb mozifilm premierj\u00e9t.<br \/>\n    Az Alitalia l\u00e9git\u00e1rsas\u00e1g mintegy n\u00e9gyezer dolgoz\u00f3j\u00e1nak cs\u00f6kkentette munkaidej\u00e9t a foglal\u00e1slemond\u00e1sok miatt. M\u00e1s k\u00fclf\u00f6ldi l\u00e9git\u00e1rsas\u00e1gok viszont \u00e9szak-olaszorsz\u00e1gi j\u00e1rataikat f\u00fcggesztett\u00e9k fel vagy cs\u00f6kkentett\u00e9k az utasok sz\u00e1m\u00e1nak jelent\u0151s visszaes\u00e9s\u00e9re hivatkozva.<br \/>\n    A lombardiai vesztegz\u00e1r k\u00f6rzet\u00e9ben dolgoz\u00f3 orvosok szerint a k\u00f3rh\u00e1zak megteltek, t\u00f6bb eg\u00e9szs\u00e9g\u00fcgyi dolgoz\u00f3 is fert\u0151z\u00f6tt, \u00e9s m\u00e9g mindig nem \u00e9rkezett el\u00e9g sz\u00e1jmaszk. Probl\u00e9m\u00e1t okoz a vesztegz\u00e1r k\u00f6rzeteiben a hullad\u00e9ksz\u00e1ll\u00edt\u00e1s le\u00e1ll\u00edt\u00e1sa is.<br \/>\n    A korm\u00e1ny rendk\u00edv\u00fcli t\u00e1mogat\u00e1scsomagon dolgozik a v\u00edrust\u00f3l gazdas\u00e1gilag is s\u00fajtott t\u00e9rs\u00e9gek seg\u00edt\u00e9s\u00e9re.<br \/>\n    Olaszorsz\u00e1gban az utols\u00f3 adatok szerint t\u00f6bb mint 650 a fert\u0151z\u00f6ttek sz\u00e1ma, de kevesebb mint fel\u00fck szorul k\u00f3rh\u00e1zi kezel\u00e9sre. Tizenheten haltak meg; mindannnyian id\u0151s, beteg emberek voltak. Negyven\u00f6tre teszik a gy\u00f3gyultak sz\u00e1m\u00e1t.(MTI)<\/p>\n","protected":false},"excerpt":{"rendered":"<p>Olaszorsz\u00e1gban ezent\u00fal naponta egyszer k\u00f6zlik hivatalosan a koronav\u00edrusos betegek sz\u00e1m\u00e1t, hogy elker\u00fclj\u00e9k a p\u00e1nikhangulat kialakul\u00e1s\u00e1t &#8211; jelentette be Sandra Zampa eg\u00e9szs\u00e9g\u00fcgyi \u00e1llamtitk\u00e1r p\u00e9nteken.<\/p>\n","protected":false},"author":1,"featured_media":0,"comment_status":"closed","ping_status":"open","sticky":false,"template":"","format":"standard","meta":[],"categories":[12,427],"tags":[428],"_links":{"self":[{"href":"https:\/\/gazdasagportal.hu\/index.php\/wp-json\/wp\/v2\/posts\/124330"}],"collection":[{"href":"https:\/\/gazdasagportal.hu\/index.php\/wp-json\/wp\/v2\/posts"}],"about":[{"href":"https:\/\/gazdasagportal.hu\/index.php\/wp-json\/wp\/v2\/types\/post"}],"author":[{"embeddable":true,"href":"https:\/\/gazdasagportal.hu\/index.php\/wp-json\/wp\/v2\/users\/1"}],"replies":[{"embeddable":true,"href":"https:\/\/gazdasagportal.hu\/index.php\/wp-json\/wp\/v2\/comments?post=124330"}],"version-history":[{"count":1,"href":"https:\/\/gazdasagportal.hu\/index.php\/wp-json\/wp\/v2\/posts\/124330\/revisions"}],"predecessor-version":[{"id":124331,"href":"https:\/\/gazdasagportal.hu\/index.php\/wp-json\/wp\/v2\/posts\/124330\/revisions\/124331"}],"wp:attachment":[{"href":"https:\/\/gazdasagportal.hu\/index.php\/wp-json\/wp\/v2\/media?parent=124330"}],"wp:term":[{"taxonomy":"category","embeddable":true,"href":"https:\/\/gazdasagportal.hu\/index.php\/wp-json\/wp\/v2\/categories?post=124330"},{"taxonomy":"post_tag","embeddable":true,"href":"https:\/\/gazdasagportal.hu\/index.php\/wp-json\/wp\/v2\/tags?post=124330"}],"curies":[{"name":"wp","href":"https:\/\/api.w.org\/{rel}","templated":true}]}}