{"id":124272,"date":"2020-02-28T04:44:54","date_gmt":"2020-02-28T03:44:54","guid":{"rendered":"http:\/\/gazdasagportal.hu\/?p=124272"},"modified":"2020-03-02T10:26:15","modified_gmt":"2020-03-02T09:26:15","slug":"rekordevet-zart-tavaly-az-epitoipar","status":"publish","type":"post","link":"https:\/\/gazdasagportal.hu\/index.php\/rekordevet-zart-tavaly-az-epitoipar\/","title":{"rendered":"Rekord\u00e9vet z\u00e1rt tavaly az \u00e9p\u00edt\u0151ipar"},"content":{"rendered":"<p><a href=\"https:\/\/gazdasagportal.hu\/wp-content\/uploads\/2020\/02\/kovi-ko-terko-nyito.jpg\"><img decoding=\"async\" loading=\"lazy\" src=\"https:\/\/gazdasagportal.hu\/wp-content\/uploads\/2020\/02\/kovi-ko-terko-nyito.jpg\" alt=\"\" width=\"1280\" height=\"997\" class=\"aligncenter size-full wp-image-124273\" srcset=\"https:\/\/gazdasagportal.hu\/wp-content\/uploads\/2020\/02\/kovi-ko-terko-nyito.jpg 1280w, https:\/\/gazdasagportal.hu\/wp-content\/uploads\/2020\/02\/kovi-ko-terko-nyito-300x234.jpg 300w, https:\/\/gazdasagportal.hu\/wp-content\/uploads\/2020\/02\/kovi-ko-terko-nyito-768x598.jpg 768w, https:\/\/gazdasagportal.hu\/wp-content\/uploads\/2020\/02\/kovi-ko-terko-nyito-1024x798.jpg 1024w\" sizes=\"(max-width: 1280px) 100vw, 1280px\" \/><\/a><br \/>\n<b>A tavalyi, 25 sz\u00e1zal\u00e9kos n\u00f6veked\u00e9s id\u00e9n l\u00e9nyegesen m\u00e9rs\u00e9kl\u0151dik a szektorban, de \u00edgy is 5 sz\u00e1zal\u00e9k k\u00f6r\u00fcli b\u0151v\u00fcl\u00e9sre sz\u00e1m\u00edtanak az elemz\u0151k. Az \u00e9p\u00edt\u0151ipari boomot a hazai kkv-szektor szerepl\u0151i k\u00f6z\u00fcl is sokan ki tudj\u00e1k haszn\u00e1lni.\u00a0<\/b><!--more--><\/p>\n<div class=\"ads-in-post1\"><div id=\"gazdasagportal.hu_fullbanner_wideboard\"><\/div>\r\n<\/div>\n<p>&nbsp;<\/p>\n<p><span style=\"font-weight: 400;\">Mik\u00f6zben a magyar gazdas\u00e1g az elm\u00falt \u00e9vben 5 sz\u00e1zal\u00e9kkal b\u0151v\u00fclt, ami az egyik legjobb adat az Eur\u00f3pai Uni\u00f3ban, 2020-ra 3-3,5 sz\u00e1zal\u00e9kos GDP-n\u00f6veked\u00e9st v\u00e1r a GKI Gazdas\u00e1gkutat\u00f3 Zrt. Ez a tendencia az \u00e9p\u00edt\u0151iparra is \u00e9rv\u00e9nyes, amely j\u00f3val szer\u00e9nyebb \u00fctemben, de ugyancsak tov\u00e1bb b\u0151v\u00fcl az idei \u00e9vben a GKI v\u00e1rakoz\u00e1sai szerint.\u00a0<\/span><\/p><div id=\"gazda-940941277\" class=\"gazda-tartalomban gazda-entity-placement\"><script async src=\"https:\/\/pagead2.googlesyndication.com\/pagead\/js\/adsbygoogle.js\"><\/script>\r\n<ins class=\"adsbygoogle\"\r\n     style=\"display:block\"\r\n     data-ad-format=\"fluid\"\r\n     data-ad-layout-key=\"-6t+ed+2i-1n-4w\"\r\n     data-ad-client=\"ca-pub-1959107119989764\"\r\n     data-ad-slot=\"4008251320\"><\/ins>\r\n<script>\r\n     (adsbygoogle = window.adsbygoogle || []).push({});\r\n<\/script><\/div>\n<p>&nbsp;<\/p>\n<p><b>Lassul, de tov\u00e1bbra is dinamikusan n\u00f6vekszik az \u00e9p\u00edt\u0151ipar<\/b><\/p>\n<p>&nbsp;<\/p>\n<p><span style=\"font-weight: 400;\">A GKI progn\u00f3zisa meg\u00e1llap\u00edtja, hogy az \u00e9p\u00edt\u0151ipar lassul\u00e1sa m\u00e1r 2019-ben is \u00e9rezhet\u0151 volt. M\u00edg az els\u0151 11 h\u00f3napban 25 sz\u00e1zal\u00e9k k\u00f6r\u00fcli \u00e1tlagos b\u0151v\u00fcl\u00e9st m\u00e9rtek, novemberre ez 7 sz\u00e1zal\u00e9kra m\u00e9rs\u00e9kl\u0151d\u00f6tt. Ezzel p\u00e1rhuzamosan a szerz\u0151d\u00e9s\u00e1llom\u00e1ny is 8 sz\u00e1zal\u00e9kkal cs\u00f6kkent az egy \u00e9vvel kor\u00e1bbihoz k\u00e9pest. A GKI az idei \u00e9vre 5 sz\u00e1zal\u00e9kos b\u0151v\u00fcl\u00e9sre sz\u00e1m\u00edt az \u00e1gazatban.\u00a0<\/span><\/p>\n<div class=\"ads-in-post2\"><script async src=\"https:\/\/pagead2.googlesyndication.com\/pagead\/js\/adsbygoogle.js\"><\/script>\r\n<ins class=\"adsbygoogle\"\r\n     style=\"display:block\"\r\n     data-ad-format=\"fluid\"\r\n     data-ad-layout-key=\"-6t+ed+2i-1n-4w\"\r\n     data-ad-client=\"ca-pub-1959107119989764\"\r\n     data-ad-slot=\"4008251320\"><\/ins>\r\n<script>\r\n     (adsbygoogle = window.adsbygoogle || []).push({});\r\n<\/script><\/div>\n&nbsp;<\/p>\n<p><span style=\"font-weight: 400;\">J\u00f3val optimist\u00e1bb a Takar\u00e9kbank el\u0151rejelz\u00e9se. Suppan Gergely az el\u0151z\u0151 \u00e9vi, 5 sz\u00e1zal\u00e9kos GDP-n\u00f6veked\u00e9s alapj\u00e1n id\u00e9n is minimum 4 sz\u00e1zal\u00e9kos b\u0151v\u00fcl\u00e9sre sz\u00e1m\u00edt. A Takar\u00e9kbank vezet\u0151 elemz\u0151je elmondta: nem l\u00e1tja azokat az okokat, amelyek enn\u00e9l alacsonyabb b\u0151v\u00fcl\u00e9st indokoln\u00e1nak. A gyorsul\u00f3 ipari termel\u00e9s \u00e9s kiskereskedelmi forgalom Suppan szerint \u00e9pp\u00fagy megalapozza az optimist\u00e1bb progn\u00f3zist, mint az \u00e9p\u00edt\u0151ipar lassul\u00f3 n\u00f6veked\u00e9se. Ez ut\u00f3bbival kapcsolatban a l\u00e1tsz\u00f3lagos ellentmond\u00e1s abb\u00f3l ad\u00f3dik, hogy a lassul\u00e1sban szerepe van az egy \u00e9vvel kor\u00e1bbi kimagasl\u00f3 b\u00e1zisnak is.\u00a0<\/span><\/p>\n<p>&nbsp;<\/p>\n<p><b>Rekord\u00e9vet z\u00e1rt tavaly az \u00e9p\u00edt\u0151ipar<\/b><\/p>\n<p>&nbsp;<\/p>\n<p><span style=\"font-weight: 400;\">Azt, hogy a 2019-es \u00e9v kiemelked\u0151 volt az \u00e1gazatban, az Opten c\u00e9ginform\u00e1ci\u00f3s szolg\u00e1ltat\u00f3 adatai is meger\u0151s\u00edtik. Az \u00e9p\u00edt\u0151iparban ugyanis a tavalyi \u00e9vben 55 sz\u00e1zal\u00e9kkal t\u00f6bb c\u00e9get alap\u00edtottak, mint amennyi megsz\u0171nt, \u00edgy jelenleg 54 ezer v\u00e1llalkoz\u00e1s m\u0171k\u00f6dik a szektorban. Ez nagys\u00e1grendekkel haladja meg a t\u00f6bbi \u00e1gazat adatait.\u00a0<\/span><\/p>\n<p>&nbsp;<\/p>\n<p><span style=\"font-weight: 400;\">A termel\u00e9s volumene a 2018-as b\u00e1zishoz viszony\u00edtva 24 sz\u00e1zal\u00e9kkal b\u0151v\u00fclt, ami a tavalyel\u0151tti, ugyancsak kiemelked\u0151 adatn\u00e1l is t\u00f6bb 7 sz\u00e1zal\u00e9kkal. B\u00e1r az \u00e9p\u00fcletek \u00e9p\u00edt\u00e9se f\u0151csoport sz\u00e1mai is nagyon sz\u00e9pen n\u0151ttek, az \u00e9p\u00fcletek \u00e9p\u00edt\u00e9se ter\u00e9n a b\u0151v\u00fcl\u00e9s m\u00e9g enn\u00e9l is dinamikusabb volt.\u00a0<\/span><\/p>\n<p>&nbsp;<\/p>\n<p><b>Az \u00e9p\u00edt\u0151ipari seg\u00e9danyagok \u00e9s a t\u00e9rk\u00f6vek piaca is p\u00f6r\u00f6g<\/b><\/p>\n<p>&nbsp;<\/p>\n<p><span style=\"font-weight: 400;\">A fenti adatokkal \u00f6sszhangban vannak az \u00e9p\u00edt\u0151ipari seg\u00e9danyagokat gy\u00e1rt\u00f3 \u00e9s forgalmaz\u00f3 Mapei Kft. sz\u00e1mai is. A Mapei Kft. \u00e1rbev\u00e9tele 2019-ben meghaladta a 19,77 milli\u00e1rd forintot, ami 20,17 sz\u00e1zal\u00e9kos n\u00f6veked\u00e9s 2018-hoz k\u00e9pest. A t\u00e1rsas\u00e1g belf\u00f6ldi \u00e1rbev\u00e9tele 19,6 sz\u00e1zal\u00e9kkal emelkedett tavaly az el\u0151z\u0151 \u00e9vhez k\u00e9pest, 19,43 milli\u00e1rd forintot tett ki &#8211; k\u00f6z\u00f6lte az \u00e9p\u00edt\u0151ipari seg\u00e9danyagokat gy\u00e1rt\u00f3 \u00e9s forgalmaz\u00f3 c\u00e9g az MTI-vel.<\/span><\/p>\n<p>&nbsp;<br \/>\n<a href=\"https:\/\/gazdasagportal.hu\/wp-content\/uploads\/2020\/02\/kovi-ko-terko.jpg\"><img decoding=\"async\" loading=\"lazy\" src=\"https:\/\/gazdasagportal.hu\/wp-content\/uploads\/2020\/02\/kovi-ko-terko.jpg\" alt=\"\" width=\"1280\" height=\"853\" class=\"aligncenter size-full wp-image-124274\" srcset=\"https:\/\/gazdasagportal.hu\/wp-content\/uploads\/2020\/02\/kovi-ko-terko.jpg 1280w, https:\/\/gazdasagportal.hu\/wp-content\/uploads\/2020\/02\/kovi-ko-terko-300x200.jpg 300w, https:\/\/gazdasagportal.hu\/wp-content\/uploads\/2020\/02\/kovi-ko-terko-768x512.jpg 768w, https:\/\/gazdasagportal.hu\/wp-content\/uploads\/2020\/02\/kovi-ko-terko-1024x682.jpg 1024w\" sizes=\"(max-width: 1280px) 100vw, 1280px\" \/><\/a><br \/>\n<span style=\"font-weight: 400;\">K\u00e9pek: Pixabay<\/span><\/p>\n<p>&nbsp;<\/p>\n<p><span style=\"font-weight: 400;\">Az \u00e9p\u00edt\u0151ipari boomot a hazai kkv-szektor szerepl\u0151i k\u00f6z\u00fcl is sokan meg tudt\u00e1k lovagolni. Ezt a Kovi-K\u0151 T\u00e9rk\u0151gy\u00e1r alap\u00edt\u00f3-\u00fcgyvezet\u0151je, Kov\u00e1cs Mikl\u00f3s is meger\u0151s\u00edtette. A 100%-ban hazai tulajdonban l\u00e9v\u0151 csal\u00e1di v\u00e1llalkoz\u00e1s \u00e9vtizedek \u00f3ta a hazai t\u00e9rk\u0151gy\u00e1rt\u00e1s \u00e9s -forgalmaz\u00e1s egyik emblematikus szerepl\u0151je.\u00a0<\/span><\/p>\n<p>&nbsp;<\/p>\n<p><span style=\"font-weight: 400;\">&#8211; Az \u00e9p\u00edt\u0151ipari szakemberek kapacit\u00e1sai hossz\u00fa id\u0151re le vannak k\u00f6tve, a vev\u0151 sz\u00e1m\u00e1ra sok esetben fontosabb k\u00e9rd\u00e9ss\u00e9 v\u00e1lt a r\u00f6vid hat\u00e1rid\u0151, mint az \u00e1r. Ek\u00f6zben az \u00e9p\u00edt\u0151anyagok, k\u00f6zt\u00fck a t\u00e9rk\u0151 \u00e1ra is megemelkedett a kereslet n\u00f6veked\u00e9s\u00e9vel ar\u00e1nyosan &#8211; fejtette ki Kov\u00e1cs Vilmos. &#8211; Annak ellen\u00e9re, hogy 2019-ben a <\/span><strong><a href=\"https:\/\/www.koviko.hu\/terko-arak\/\" target=\"_blank\" rel=\"noopener noreferrer\">t\u00e9rk\u0151 \u00e1rak n\u0151ttek, a kereslet nem cs\u00f6kkent<\/a><\/strong><span style=\"font-weight: 400;\">. S\u0151t, val\u00f3sz\u00edn\u0171, hogy id\u00e9n is folytat\u00f3dik a dr\u00e1gul\u00e1s, mik\u00f6zben jelenleg \u00fagy n\u00e9z ki, hogy tov\u00e1bbra is n\u0151ni fog az ig\u00e9ny a t\u00e9rk\u0151 term\u00e9kekre &#8211; tette hozz\u00e1 a Kovi-K\u0151 T\u00e9rk\u0151gy\u00e1r vezet\u0151je.\u00a0<\/span><\/p>\n","protected":false},"excerpt":{"rendered":"<p>A tavalyi, 25 sz\u00e1zal\u00e9kos n\u00f6veked\u00e9s id\u00e9n l\u00e9nyegesen m\u00e9rs\u00e9kl\u0151dik a szektorban, de \u00edgy is 5 sz\u00e1zal\u00e9k k\u00f6r\u00fcli b\u0151v\u00fcl\u00e9sre sz\u00e1m\u00edtanak az elemz\u0151k. Az \u00e9p\u00edt\u0151ipari boomot a hazai kkv-szektor szerepl\u0151i k\u00f6z\u00fcl is sokan ki tudj\u00e1k haszn\u00e1lni.\u00a0<\/p>\n","protected":false},"author":1,"featured_media":124273,"comment_status":"closed","ping_status":"open","sticky":false,"template":"","format":"standard","meta":[],"categories":[146,4,19,429],"tags":[430],"_links":{"self":[{"href":"https:\/\/gazdasagportal.hu\/index.php\/wp-json\/wp\/v2\/posts\/124272"}],"collection":[{"href":"https:\/\/gazdasagportal.hu\/index.php\/wp-json\/wp\/v2\/posts"}],"about":[{"href":"https:\/\/gazdasagportal.hu\/index.php\/wp-json\/wp\/v2\/types\/post"}],"author":[{"embeddable":true,"href":"https:\/\/gazdasagportal.hu\/index.php\/wp-json\/wp\/v2\/users\/1"}],"replies":[{"embeddable":true,"href":"https:\/\/gazdasagportal.hu\/index.php\/wp-json\/wp\/v2\/comments?post=124272"}],"version-history":[{"count":1,"href":"https:\/\/gazdasagportal.hu\/index.php\/wp-json\/wp\/v2\/posts\/124272\/revisions"}],"predecessor-version":[{"id":124275,"href":"https:\/\/gazdasagportal.hu\/index.php\/wp-json\/wp\/v2\/posts\/124272\/revisions\/124275"}],"wp:featuredmedia":[{"embeddable":true,"href":"https:\/\/gazdasagportal.hu\/index.php\/wp-json\/wp\/v2\/media\/124273"}],"wp:attachment":[{"href":"https:\/\/gazdasagportal.hu\/index.php\/wp-json\/wp\/v2\/media?parent=124272"}],"wp:term":[{"taxonomy":"category","embeddable":true,"href":"https:\/\/gazdasagportal.hu\/index.php\/wp-json\/wp\/v2\/categories?post=124272"},{"taxonomy":"post_tag","embeddable":true,"href":"https:\/\/gazdasagportal.hu\/index.php\/wp-json\/wp\/v2\/tags?post=124272"}],"curies":[{"name":"wp","href":"https:\/\/api.w.org\/{rel}","templated":true}]}}