{"id":124235,"date":"2020-02-25T20:59:44","date_gmt":"2020-02-25T19:59:44","guid":{"rendered":"http:\/\/gazdasagportal.hu\/?p=124235"},"modified":"2020-02-25T20:59:44","modified_gmt":"2020-02-25T19:59:44","slug":"koronavirus-ujabb-negy-halott-eszak-olaszorszagban","status":"publish","type":"post","link":"https:\/\/gazdasagportal.hu\/index.php\/koronavirus-ujabb-negy-halott-eszak-olaszorszagban\/","title":{"rendered":"Koronav\u00edrus &#8211; \u00dajabb n\u00e9gy halott \u00c9szak-Olaszorsz\u00e1gban"},"content":{"rendered":"<p><strong>\u00dajabb n\u00e9gy ember halt meg az \u00faj t\u00edpus\u00fa koronav\u00edrus-fert\u0151z\u00e9s miatt \u00c9szak-Olaszorsz\u00e1gban kedden, \u00edgy tizenegyre emelkedett a j\u00e1rv\u00e1nyban elhunytak sz\u00e1ma &#8211; k\u00f6z\u00f6lte Angelo Borrelli, az olasz polg\u00e1ri v\u00e9delmi hat\u00f3s\u00e1g vezet\u0151je.<\/strong><!--more--><\/p>\n<div class=\"ads-in-post1\"><div id=\"gazdasagportal.hu_fullbanner_wideboard\"><\/div>\r\n<\/div>\n<p>    A n\u00e9gy \u00fajabb halottat a legink\u00e1bb \u00e9rintett olasz r\u00e9gi\u00f3kb\u00f3l, Lombardi\u00e1b\u00f3l \u00e9s Venet\u00f3b\u00f3l jelentett\u00e9k. A t\u00e1j\u00e9koztat\u00e1s szerint 80-as \u00e9veikben j\u00e1r\u00f3 emberekr\u0151l van sz\u00f3. Lombardi\u00e1ban h\u00e1rman haltak meg, Venet\u00f3ban egy 76 \u00e9ves n\u0151r\u0151l van sz\u00f3, aki Trevis\u00f3ban halt meg.       A legfrissebb adatok szerint 322-re emelkedett a fert\u0151z\u00f6ttek sz\u00e1ma. A h\u00e9tf\u0151 esti jelent\u00e9sek m\u00e9g h\u00e9t hal\u00e1los \u00e1ldozatr\u00f3l \u00e9s 222 megbetegedettr\u0151l sz\u00f3ltak.          Roberto Speranza olasz eg\u00e9szs\u00e9g\u00fcgyi miniszter k\u00f6z\u00f6lte: az Olaszorsz\u00e1ggal szomsz\u00e9dos \u00e1llamok nem z\u00e1rj\u00e1k le hat\u00e1raikat.<br \/>\n    &#8222;Meg\u00e1llapodtunk, hogy nyitva tartjuk a hat\u00e1rokat, mert azok lez\u00e1r\u00e1sa ar\u00e1nytalan \u00e9s nem hat\u00e9kony int\u00e9zked\u00e9s lenne jelen pillanatban&#8221; &#8211; mondta Speranza \u00fajs\u00e1g\u00edr\u00f3knak, miut\u00e1n uni\u00f3s eg\u00e9szs\u00e9g\u00fcgyi miniszterekkel tal\u00e1lkozott R\u00f3m\u00e1ban. A tal\u00e1lkoz\u00f3n Ausztria, Franciaorsz\u00e1g, Sv\u00e1jc, Szlov\u00e9nia,  Horv\u00e1torsz\u00e1g, N\u00e9metorsz\u00e1g eg\u00e9szs\u00e9g\u00fcgyi t\u00e1rcavezet\u0151je vett r\u00e9szt. A miniszterek hozz\u00e1tett\u00e9k, hogy a j\u00e1rv\u00e1nnyal kapcsolatos minden inform\u00e1ci\u00f3t folyamatosan megosztanak egym\u00e1ssal.<br \/>\n    A 322 olaszorsz\u00e1gi fert\u0151z\u00f6tt t\u00f6bbs\u00e9g\u00e9t tov\u00e1bbra is az eddigi k\u00e9t g\u00f3cponton, vagyis Lombardia \u00e9s Veneto tartom\u00e1nyban regisztr\u00e1lt\u00e1k. A 11 halottb\u00f3l kilenc Lombardi\u00e1ban vesz\u00edtette \u00e9let\u00e9t. A betegekb\u0151l 29-t intenz\u00edv oszt\u00e1lyon kezelnek, 137-en otthoni karant\u00e9nban tart\u00f3zkodnak. Tov\u00e1bbi szem\u00e9lyek bizonyultak potiz\u00edvnak Emilia Romagna, Piemont, Liguria, tartom\u00e1nyban \u00e9s Lazi\u00f3ban, ahol az els\u0151 k\u00e9t olaszorsz\u00e1gi betegk\u00e9nt ismert k\u00ednai h\u00e1zasp\u00e1rt \u00e1polj\u00e1k. H\u00e1rom beteget jelentettek a szic\u00edliai Palermo v\u00e1ros\u00e1b\u00f3l kedden, ahol els\u0151k\u00e9nt egy Lombardi\u00e1b\u00f3l \u00e9rkezett n\u0151t vittek k\u00f3rh\u00e1zba.  Vesztegz\u00e1r al\u00e1 helyeztek mindenkit, akivel \u00e9rintkezett \u00e9s a sz\u00e1llod\u00e1t is, ahol lakott. Toszk\u00e1na tartom\u00e1nyban egy T\u00e1vol-Keletr\u0151l \u00e9rkezett olasz f\u00e9rfi jelentkezett az egyik firenzei k\u00f3rh\u00e1zban a koronav\u00edrus  t\u00fcneteivel, \u00e9s egy munkat\u00e1rsa is pozit\u00edvnak bizonyult. Az \u00e9szaknyugati Liguria egyik sz\u00e1llod\u00e1j\u00e1ban egy turista betegedett le, aki a lombardiai vesztegz\u00e1r ter\u00fclet\u00e9r\u0151l \u00e9rkezett m\u00e9g a t\u00e9rs\u00e9g lez\u00e1r\u00e1sa el\u0151tt.<br \/>\n<div class=\"ads-in-post2\"><script async src=\"https:\/\/pagead2.googlesyndication.com\/pagead\/js\/adsbygoogle.js\"><\/script>\r\n<ins class=\"adsbygoogle\"\r\n     style=\"display:block\"\r\n     data-ad-format=\"fluid\"\r\n     data-ad-layout-key=\"-6t+ed+2i-1n-4w\"\r\n     data-ad-client=\"ca-pub-1959107119989764\"\r\n     data-ad-slot=\"4008251320\"><\/ins>\r\n<script>\r\n     (adsbygoogle = window.adsbygoogle || []).push({});\r\n<\/script><\/div>\n    Tov\u00e1bbra sem azonos\u00edtott\u00e1k az \u00fagynevezett nulladik p\u00e1cienst, akit\u0151l a fert\u0151z\u00e9s elterjedt. A legt\u00f6bb embert eddig egy 38 \u00e9ves lombardiai f\u00e9rfi fert\u0151zte meg, aki szint\u00e9n a vesztegz\u00e1r ter\u00fclet\u00e9n ker\u00fclt k\u00f3rh\u00e1zba. A s\u00falyos \u00e1llapotban lev\u0151 f\u00e9rfi megfert\u0151zte feles\u00e9g\u00e9t, bar\u00e1tait, akikkel reggelente egy\u00fctt kocogott, valamint ezek rokonait is, t\u00f6bbek k\u00f6zt egy pressz\u00f3tulajdonost, akinek vend\u00e9gei is megbetegedtek.<br \/>\n    Az eg\u00e9szs\u00e9g\u00fcgyi hat\u00f3s\u00e1gok felsz\u00f3l\u00edtottak mindenkit, aki az ut\u00f3bbi 14 napban a vesztegz\u00e1rt\u00f3l \u00e9rintett \u00f6nkorm\u00e1nyzatokban j\u00e1rt, jelentkezzen koronav\u00edrus-vizsg\u00e1latra.<br \/>\n    Marche tartom\u00e1nyban nincs beteg, m\u00e9gis m\u00e1rcius 4-ig lez\u00e1rt\u00e1k az oktat\u00e1si int\u00e9zm\u00e9nyeket. Ezzel kapcsolatban a katasztr\u00f3fav\u00e9delem vezet\u0151je Angelo Borrelli bejelentette, hogy a k\u00f6vetkez\u0151 \u00f3r\u00e1kban &#8222;ir\u00e1nyelvet&#8221; adnak ki, hogy a fert\u0151z\u00e9st\u0151l mentes  tartom\u00e1nyok k\u00f6z\u00f6s int\u00e9zked\u00e9seket k\u00f6vessenek, \u00e9s ne \u00f6n\u00e1ll\u00f3an l\u00e9pjenek.<br \/>\n    A katasztr\u00f3fav\u00e9delem munk\u00e1j\u00e1t keddt\u0151l Walter Ricciardi az Eg\u00e9szs\u00e9g\u00fcgyi Vil\u00e1gszervezet (WHO) olasz szak\u00e9rt\u0151je seg\u00edti. Ricciardi kijelentette, hogy nincsen v\u00e9szhelyzet Olaszorsz\u00e1gban. Hozz\u00e1tette, hogy a betegek 80 sz\u00e1zal\u00e9ka meggy\u00f3gyul.<br \/>\n    A Vatik\u00e1n bejelentette, hogy Ferenc p\u00e1pa nem halasztja el  a hagyom\u00e1nyos hamvaz\u00f3szerdai szertart\u00e1sokat, \u00e9s semmilyen \u00f3vint\u00e9zked\u00e9st nem haszn\u00e1l a h\u00edv\u0151kkel szemben. Az olasz parlamentben viszont bevezett\u00e9k a k\u00e9pvisel\u0151k \u00e9s szen\u00e1torok testh\u0151m\u00e9rs\u00e9klet-m\u00e9r\u00e9s\u00e9t, amit az eg\u00e9szs\u00e9g\u00fcgyi miniszter t\u00falz\u00e1snak nevezett.(MTI)<\/p>\n","protected":false},"excerpt":{"rendered":"<p>\u00dajabb n\u00e9gy ember halt meg az \u00faj t\u00edpus\u00fa koronav\u00edrus-fert\u0151z\u00e9s miatt \u00c9szak-Olaszorsz\u00e1gban kedden, \u00edgy tizenegyre emelkedett a j\u00e1rv\u00e1nyban elhunytak sz\u00e1ma &#8211; k\u00f6z\u00f6lte Angelo Borrelli, az olasz polg\u00e1ri v\u00e9delmi hat\u00f3s\u00e1g vezet\u0151je.<\/p>\n","protected":false},"author":1001003,"featured_media":0,"comment_status":"closed","ping_status":"open","sticky":false,"template":"","format":"standard","meta":[],"categories":[12],"tags":[],"_links":{"self":[{"href":"https:\/\/gazdasagportal.hu\/index.php\/wp-json\/wp\/v2\/posts\/124235"}],"collection":[{"href":"https:\/\/gazdasagportal.hu\/index.php\/wp-json\/wp\/v2\/posts"}],"about":[{"href":"https:\/\/gazdasagportal.hu\/index.php\/wp-json\/wp\/v2\/types\/post"}],"author":[{"embeddable":true,"href":"https:\/\/gazdasagportal.hu\/index.php\/wp-json\/wp\/v2\/users\/1001003"}],"replies":[{"embeddable":true,"href":"https:\/\/gazdasagportal.hu\/index.php\/wp-json\/wp\/v2\/comments?post=124235"}],"version-history":[{"count":1,"href":"https:\/\/gazdasagportal.hu\/index.php\/wp-json\/wp\/v2\/posts\/124235\/revisions"}],"predecessor-version":[{"id":124236,"href":"https:\/\/gazdasagportal.hu\/index.php\/wp-json\/wp\/v2\/posts\/124235\/revisions\/124236"}],"wp:attachment":[{"href":"https:\/\/gazdasagportal.hu\/index.php\/wp-json\/wp\/v2\/media?parent=124235"}],"wp:term":[{"taxonomy":"category","embeddable":true,"href":"https:\/\/gazdasagportal.hu\/index.php\/wp-json\/wp\/v2\/categories?post=124235"},{"taxonomy":"post_tag","embeddable":true,"href":"https:\/\/gazdasagportal.hu\/index.php\/wp-json\/wp\/v2\/tags?post=124235"}],"curies":[{"name":"wp","href":"https:\/\/api.w.org\/{rel}","templated":true}]}}