{"id":124229,"date":"2020-02-25T14:49:28","date_gmt":"2020-02-25T13:49:28","guid":{"rendered":"http:\/\/gazdasagportal.hu\/?p=124229"},"modified":"2020-02-25T14:49:28","modified_gmt":"2020-02-25T13:49:28","slug":"novekedesi-kockazatokat-hordoz-a-kornyezetvedelemre-osszpontosito-gazdasagpolitika-ifo","status":"publish","type":"post","link":"https:\/\/gazdasagportal.hu\/index.php\/novekedesi-kockazatokat-hordoz-a-kornyezetvedelemre-osszpontosito-gazdasagpolitika-ifo\/","title":{"rendered":"N\u00f6veked\u00e9si kock\u00e1zatokat hordoz a k\u00f6rnyezetv\u00e9delemre \u00f6sszpontos\u00edt\u00f3 gazdas\u00e1gpolitika &#8211; ifo"},"content":{"rendered":"<p><strong>A t\u00falzott \u00e1llami beavatkoz\u00e1sra alapoz\u00f3 k\u00f6rnyezetv\u00e9delmi politika n\u00f6veked\u00e9si \u00e9s teljes\u00edtm\u00e9nyront\u00f3 kock\u00e1zataira hivatkozva a szabadpiaci verseny \u00e9s az \u00e1llami szab\u00e1lyoz\u00f3k kombin\u00e1lt \u00e9s kiegyens\u00falyozott alkalmaz\u00e1s\u00e1t\u00a0\u00a0s\u00fcrgeti N\u00e9metorsz\u00e1gban a m\u00fcncheni ifo gazdas\u00e1gkutat\u00f3 int\u00e9zet.<\/strong><!--more--><\/p>\n<div class=\"ads-in-post1\"><div id=\"gazdasagportal.hu_fullbanner_wideboard\"><\/div>\r\n<\/div>\n<p>Az ifo int\u00e9zet (ifo Institut &#8211; Leibniz-Institut f\u00fcr Wirtschaftsforschung an der Universit\u00e4t M\u00fcnchen e. V.) szak\u00e9rt\u0151i \u00e1ltal &#8222;neodirigizmusk\u00e9nt&#8221; defini\u00e1lt gazdas\u00e1gpolitika h\u00e1tul\u00fct\u0151i legink\u00e1bb a n\u00e9met k\u00f6rnyezetv\u00e9delmi politik\u00e1n \u00e9rhet\u0151k tetten az int\u00e9zet honlapj\u00e1n kedden publik\u00e1lt tanulm\u00e1ny szerint.<br \/>\nAhhoz ugyanis, hogy a k\u00f6rnyezetv\u00e9delmi c\u00e9lokat felesleges k\u00f6lts\u00e9gek n\u00e9lk\u00fcl lehessen megval\u00f3s\u00edtani, val\u00f3s \u00e1rinform\u00e1ci\u00f3kra lenne sz\u00fcks\u00e9g. A n\u00e9met k\u00f6rnyezetv\u00e9delmi politika viszont \u00e9vtizedeken kereszt\u00fcl elmulasztotta a sz\u00e9n-dioxid-kibocs\u00e1t\u00e1s egys\u00e9ges \u00e1raz\u00e1s\u00e1nak bevezet\u00e9s\u00e9t. Az ehelyett \u00f6tletszer\u0171en meghozott k\u00f6rnyezetv\u00e9delmi int\u00e9zked\u00e9sek \u00f6z\u00f6n\u00e9vel viszont a politikusoknak mindm\u00e1ig nem siker\u00fclt el\u00e9rni\u00fck a kl\u00edmav\u00e9delmi c\u00e9ljaikat.<br \/>\nMostanra l\u00e9trej\u00f6tt ugyan meg\u00e1llapod\u00e1s a sz\u00e9n-dioxid-kibocs\u00e1t\u00e1s egys\u00e9ges \u00e1raz\u00e1s\u00e1r\u00f3l, ennek v\u00e1rhat\u00f3 pozit\u00edv hat\u00e1s\u00e1t azonban a k\u00f6zvetlen \u00e1llami beavatkoz\u00e1sok tov\u00e1bbra is rontani, vagy ak\u00e1r semleges\u00edteni is fogj\u00e1k az ifo szerint.<br \/>\nEgys\u00e9ges sz\u00e9n-dioxid \u00e1raz\u00e1s mellett ugyanis kontraprodukt\u00edv m\u00e9g kibocs\u00e1t\u00e1si norm\u00e1kat is kivetni az aut\u00f3gy\u00e1rt\u00f3k flott\u00e1j\u00e1ra. Az egys\u00e9ges sz\u00e9n-dioxid \u00e1raz\u00e1snak \u00e9ppen az lenne a c\u00e9lja, hogy ez\u00e1ltal lehessen megtal\u00e1lni a k\u00e1rosanyag-kibocs\u00e1t\u00e1s cs\u00f6kkent\u00e9s\u00e9nek legink\u00e1bb k\u00f6lts\u00e9ghat\u00e9kony megold\u00e1sait.<br \/>\n<div class=\"ads-in-post2\"><script async src=\"https:\/\/pagead2.googlesyndication.com\/pagead\/js\/adsbygoogle.js\"><\/script>\r\n<ins class=\"adsbygoogle\"\r\n     style=\"display:block\"\r\n     data-ad-format=\"fluid\"\r\n     data-ad-layout-key=\"-6t+ed+2i-1n-4w\"\r\n     data-ad-client=\"ca-pub-1959107119989764\"\r\n     data-ad-slot=\"4008251320\"><\/ins>\r\n<script>\r\n     (adsbygoogle = window.adsbygoogle || []).push({});\r\n<\/script><\/div>\nAmennyiben \u00e9ppen a g\u00e9pj\u00e1rm\u0171gy\u00e1rt\u00e1sban lehetne a legnagyobb hat\u00e9konys\u00e1ggal cs\u00f6kkenteni az emisszi\u00f3s \u00e9rt\u00e9keket, akkor k\u00fcl\u00f6n hat\u00f3s\u00e1gi korl\u00e1toz\u00e1sok n\u00e9lk\u00fcl is cs\u00f6kkenni fog a j\u00e1rm\u0171vek sz\u00e9n-dioxid-kibocs\u00e1t\u00e1sa. Nagyon is val\u00f3sz\u00edn\u0171 azonban, hogy az \u00e9p\u00fcletek f\u0171t\u00e9se ter\u00e9n j\u00f3val nagyobb hat\u00e9konys\u00e1ggal lehet cs\u00f6kkenteni a sz\u00e9n-dioxid-kibocs\u00e1t\u00e1st. A j\u00e1rm\u0171vek emisszi\u00f3s \u00e9rt\u00e9keinek hat\u00f3s\u00e1gi korl\u00e1toz\u00e1sa \u00edgy felesleges t\u00f6bbletk\u00f6lts\u00e9gekkel terheli meg a n\u00e9met gazdas\u00e1got \u00e9s nem hozza meg a k\u00edv\u00e1nt eredm\u00e9nyt sem.<br \/>\nA sz\u00e9n-dioxid-kibocs\u00e1t\u00e1s egys\u00e9ges \u00e1raz\u00e1sa mellett nincs \u00e9rtelme egy\u00e9b \u00f6szt\u00f6nz\u0151k alkalmaz\u00e1s\u00e1nak sem, mint p\u00e9ld\u00e1ul a napelem \u00e9s sz\u00e9lturbina beruh\u00e1z\u00e1sok t\u00e1mogat\u00e1sa. A sz\u00e9n-dioxid-kibocs\u00e1t\u00e1s k\u00f6lts\u00e9gfel\u00e1ra ugyanis m\u00e1r eleve versenyel\u0151nyh\u00f6z juttat minden z\u00e9r\u00f3-emisszi\u00f3s energiaforr\u00e1st, amelyeknek viszont ezek ut\u00e1n versenyeznie kellene tudniuk egym\u00e1ssal. Egyes kiragadott energiaforr\u00e1sok mer\u0151 politikai megfontol\u00e1sb\u00f3l t\u00f6rt\u00e9n\u0151 t\u00e1mogat\u00e1sa k\u00e9zi vez\u00e9rl\u00e9ssel csak a kl\u00edmav\u00e9delmi t\u00f6rekv\u00e9sek k\u00f6lts\u00e9geit n\u00f6veli meg teljesen sz\u00fcks\u00e9gtelen m\u00f3don.<br \/>\nA politik\u00e1nak a m\u00e1r megl\u00e9v\u0151 technol\u00f3gi\u00e1k elterjeszt\u00e9s\u00e9nek a t\u00e1mogat\u00e1sa helyett az \u00faj technol\u00f3gi\u00e1k kutat\u00e1s\u00e1nak \u00e9s fejleszt\u00e9s\u00e9nek a t\u00e1mogat\u00e1s\u00e1ra kellene \u00f6sszpontos\u00edtania er\u0151fesz\u00edt\u00e9seit &#8211; sz\u00f6gezi le az ifo tanulm\u00e1nya.<br \/>\nAz \u00e1llami neodirigizmus komoly n\u00f6veked\u00e9si vesz\u00e9lyeket hordoz mag\u00e1ban &#8211; \u00e1llap\u00edtja meg a tanulm\u00e1ny. Minden olyan ideol\u00f3giailag motiv\u00e1lt k\u00f6zvetlen \u00e1llami beavatkoz\u00e1s, amely t\u00falmegy a piaci mechanizmus szabad j\u00e1t\u00e9kter\u00e9nek a megvet\u00e9s\u00e9n nem csak a gazdas\u00e1gi n\u00f6veked\u00e9si potenci\u00e1lt \u00e1ssa al\u00e1, de korl\u00e1tozza a foglalkoztat\u00e1st \u00e9s akad\u00e1lyozhatja a kit\u0171z\u00f6tt k\u00f6rnyezetv\u00e9delmi c\u00e9lok el\u00e9r\u00e9s\u00e9t is. \u00a0\u00a0\u00a0\u00a0N\u00e9metorsz\u00e1g eset\u00e9ben fenn\u00e1ll annak a vesz\u00e9lye, hogy \u00e9ppen az \u00e1llami beavatkoz\u00e1sok miatt vagy csak feleslegesen magas k\u00f6lts\u00e9gek mellett, vagy egy\u00e1ltal\u00e1n nem lesz lehets\u00e9ges teljes\u00edteni a kl\u00edmav\u00e9delmi k\u00f6telezetts\u00e9geket &#8211; \u00e1llap\u00edtja meg a tanulm\u00e1ny.<br \/>\nA politikai redisztrib\u00faci\u00f3s c\u00e9lok el\u00e9r\u00e9s\u00e9re hozott olyan k\u00f6zvetlen korm\u00e1nyzati beavatkoz\u00e1sok p\u00e9ld\u00e1ul, mint amilyen a lak\u00e1sb\u00e9rleti d\u00edjak berlini maxim\u00e1l\u00e1sa is, nem hogy t\u00f6bbek sz\u00e1m\u00e1ra tenn\u00e9k el\u00e9rhet\u0151v\u00e9 a lak\u00e1sb\u00e9rletet mint rendelkez\u00e9sre \u00e1ll\u00f3 lehet\u0151s\u00e9get, de a k\u00edn\u00e1lat sz\u0171k\u00edt\u00e9s\u00e9vel egyenesen rontani fognak a helyzeten.<br \/>\nClemens Fuest, az ifo int\u00e9zet eln\u00f6ke a tanulm\u00e1nyban nagyobb nyitotts\u00e1gra s\u00fcrgeti a korm\u00e1nyt a szabadpiaci verseny \u00e9s az \u00e1llami szab\u00e1lyoz\u00f3k kombin\u00e1lt \u00e9s kiegyens\u00falyozott alkalmaz\u00e1s\u00e1ban a gazdas\u00e1gi n\u00f6veked\u00e9si, t\u00e1rsadalmi fejl\u0151d\u00e9si \u00e9s k\u00f6rnyezetv\u00e9delmi c\u00e9lok el\u00e9r\u00e9se \u00e9rdek\u00e9ben.<br \/>\n<a title=\"Hely megnyit\u00e1sa\" href=\"https:\/\/www.ifo.de\/en\/viewpoint\/ifo-viewpoint-214-neodirigism\" target=\"_blank\" rel=\"noopener noreferrer\">https:\/\/www.ifo.de\/en\/viewpoint\/ifo-viewpoint-214-neodirigism<\/a><\/p>\n<p>(MTI)<\/p><div id=\"gazda-314152504\" class=\"gazda-tartalomban gazda-entity-placement\"><script async src=\"https:\/\/pagead2.googlesyndication.com\/pagead\/js\/adsbygoogle.js\"><\/script>\r\n<ins class=\"adsbygoogle\"\r\n     style=\"display:block\"\r\n     data-ad-format=\"fluid\"\r\n     data-ad-layout-key=\"-6t+ed+2i-1n-4w\"\r\n     data-ad-client=\"ca-pub-1959107119989764\"\r\n     data-ad-slot=\"4008251320\"><\/ins>\r\n<script>\r\n     (adsbygoogle = window.adsbygoogle || []).push({});\r\n<\/script><\/div>\n","protected":false},"excerpt":{"rendered":"<p>A t\u00falzott \u00e1llami beavatkoz\u00e1sra alapoz\u00f3 k\u00f6rnyezetv\u00e9delmi politika n\u00f6veked\u00e9si \u00e9s teljes\u00edtm\u00e9nyront\u00f3 kock\u00e1zataira hivatkozva a szabadpiaci verseny \u00e9s az \u00e1llami szab\u00e1lyoz\u00f3k kombin\u00e1lt \u00e9s kiegyens\u00falyozott alkalmaz\u00e1s\u00e1t\u00a0\u00a0s\u00fcrgeti N\u00e9metorsz\u00e1gban a m\u00fcncheni ifo gazdas\u00e1gkutat\u00f3 int\u00e9zet.<\/p>\n","protected":false},"author":1,"featured_media":0,"comment_status":"closed","ping_status":"open","sticky":false,"template":"","format":"standard","meta":[],"categories":[12,246],"tags":[],"_links":{"self":[{"href":"https:\/\/gazdasagportal.hu\/index.php\/wp-json\/wp\/v2\/posts\/124229"}],"collection":[{"href":"https:\/\/gazdasagportal.hu\/index.php\/wp-json\/wp\/v2\/posts"}],"about":[{"href":"https:\/\/gazdasagportal.hu\/index.php\/wp-json\/wp\/v2\/types\/post"}],"author":[{"embeddable":true,"href":"https:\/\/gazdasagportal.hu\/index.php\/wp-json\/wp\/v2\/users\/1"}],"replies":[{"embeddable":true,"href":"https:\/\/gazdasagportal.hu\/index.php\/wp-json\/wp\/v2\/comments?post=124229"}],"version-history":[{"count":1,"href":"https:\/\/gazdasagportal.hu\/index.php\/wp-json\/wp\/v2\/posts\/124229\/revisions"}],"predecessor-version":[{"id":124230,"href":"https:\/\/gazdasagportal.hu\/index.php\/wp-json\/wp\/v2\/posts\/124229\/revisions\/124230"}],"wp:attachment":[{"href":"https:\/\/gazdasagportal.hu\/index.php\/wp-json\/wp\/v2\/media?parent=124229"}],"wp:term":[{"taxonomy":"category","embeddable":true,"href":"https:\/\/gazdasagportal.hu\/index.php\/wp-json\/wp\/v2\/categories?post=124229"},{"taxonomy":"post_tag","embeddable":true,"href":"https:\/\/gazdasagportal.hu\/index.php\/wp-json\/wp\/v2\/tags?post=124229"}],"curies":[{"name":"wp","href":"https:\/\/api.w.org\/{rel}","templated":true}]}}