{"id":124227,"date":"2020-02-25T13:28:40","date_gmt":"2020-02-25T12:28:40","guid":{"rendered":"http:\/\/gazdasagportal.hu\/?p=124227"},"modified":"2020-02-25T13:28:40","modified_gmt":"2020-02-25T12:28:40","slug":"a-reszmunkaidos-foglalkoztatassal-biztositja-az-aldi-a-megfelelo-munkaerot","status":"publish","type":"post","link":"https:\/\/gazdasagportal.hu\/index.php\/a-reszmunkaidos-foglalkoztatassal-biztositja-az-aldi-a-megfelelo-munkaerot\/","title":{"rendered":"A r\u00e9szmunkaid\u0151s foglalkoztat\u00e1ssal biztos\u00edtja az Aldi a megfelel\u0151 munkaer\u0151t"},"content":{"rendered":"<p><strong>Tov\u00e1bbra is a r\u00e9szmunkaid\u0151s foglalkoztat\u00e1si modellt alkalmazza az Aldi Magyarorsz\u00e1g, mert tapasztalataik szerint ez a legjobb megold\u00e1s a megfelel\u0151 l\u00e9tsz\u00e1m\u00fa munkaer\u0151 biztos\u00edt\u00e1s\u00e1ra &#8211; mondta Kulcs\u00e1r D\u00e9nes, a t\u00e1rsas\u00e1g \u00fcgyvezet\u0151 igazgat\u00f3ja a c\u00e9g keddi budapesti sajt\u00f3besz\u00e9lget\u00e9s\u00e9n.<\/strong><!--more--><\/p>\n<div class=\"ads-in-post1\"><div id=\"gazdasagportal.hu_fullbanner_wideboard\"><\/div>\r\n<\/div>\n<p>A diszkontl\u00e1nc a febru\u00e1ri adatok szerint mintegy 3800 dolgoz\u00f3t foglalkoztat 144 magyarorsz\u00e1gi \u00fczlet\u00e9ben \u00e9s biatorb\u00e1gyi k\u00f6zpontj\u00e1ban, de csak 10-20 sz\u00e1zal\u00e9kuk dolgozik teljes, heti 40 \u00f3r\u00e1s munkaid\u0151ben.<br \/>\nA r\u00e9szmunkaid\u0151 kedvez\u0151 megold\u00e1s egyebek mellett a gyermekes any\u00e1knak vagy azoknak a fiataloknak, akik m\u00e9g tanulnak, \u00edgy sz\u00edvesen veszik ig\u00e9nybe ezt a lehet\u0151s\u00e9get &#8211; hangs\u00falyozta.<br \/>\nA munkaid\u0151t rugalmasan szervezik, vannak heti 30-35 \u00f3r\u00e1ban, de 10 \u00f3r\u00e1ban dolgoz\u00f3k is. F\u0151k\u00e9nt az \u00fczletekben dolgoz\u00f3 t\u00f6bb mint 3000 alkalmazott k\u00f6z\u00f6tt vannak t\u00falnyom\u00f3 t\u00f6bbs\u00e9gben r\u00e9szmunkaid\u0151s\u00f6k.<br \/>\nKulcs\u00e1r D\u00e9nes elmondta: kor\u00e1bban megpr\u00f3b\u00e1ltak egyes kiemelt id\u0151szakokra felvenni k\u00fcls\u0151 munkaer\u0151t, de ez a megold\u00e1s nem v\u00e1lt be, a k\u00fcls\u0151s\u00f6knek neh\u00e9zs\u00e9get jelentett az Aldi elv\u00e1r\u00e1sainak teljes\u00edt\u00e9se.<br \/>\nA kiemelt id\u0151szakokban, kar\u00e1csonykor \u00e9s h\u00fasv\u00e9tkor sz\u00e1m\u00edtanak a kiugr\u00f3 forgalomra az \u00fczletvezet\u0151k, ennek megfelel\u0151en szervezik a munkabeoszt\u00e1st. Az \u00fcd\u00fcl\u0151helyek, f\u0151k\u00e9nt a Balaton ny\u00e1ri forgalm\u00e1t a munkaer\u0151 \u00e1tcsoportos\u00edt\u00e1s\u00e1val oldj\u00e1k meg, az Aldi \u00f6nk\u00e9nt jelentkez\u0151 dolgoz\u00f3i v\u00e1llalnak hosszabb-r\u00f6videbb id\u0151szakra munk\u00e1t a t\u00f3parti \u00fczletekben, sz\u00e1ll\u00e1sukat a v\u00e1llalat fizeti. Ugyanez vonatkozik a fesztiv\u00e1lokra is, ahov\u00e1 az Aldi kitelep\u00fcl.<br \/>\n<div class=\"ads-in-post2\"><script async src=\"https:\/\/pagead2.googlesyndication.com\/pagead\/js\/adsbygoogle.js\"><\/script>\r\n<ins class=\"adsbygoogle\"\r\n     style=\"display:block\"\r\n     data-ad-format=\"fluid\"\r\n     data-ad-layout-key=\"-6t+ed+2i-1n-4w\"\r\n     data-ad-client=\"ca-pub-1959107119989764\"\r\n     data-ad-slot=\"4008251320\"><\/ins>\r\n<script>\r\n     (adsbygoogle = window.adsbygoogle || []).push({});\r\n<\/script><\/div>\nT\u00fal\u00f3r\u00e1t n\u00e9h\u00e1ny v\u00e1ratlan eset kiv\u00e9tel\u00e9vel nem k\u00f6telez\u0151 v\u00e1llalni &#8211; mondta Kulcs\u00e1r D\u00e9nes.<br \/>\nAz Aldi 2008-ban nyitotta els\u0151 \u00fczlet\u00e9t Magyarorsz\u00e1gon, az \u00fcgyvezet\u0151 igazgat\u00f3 t\u00e1j\u00e9koztat\u00e1sa szerint az\u00f3ta egyszer sem fordult el\u0151, hogy a munkaer\u0151hi\u00e1ny vesz\u00e9lyeztette volna valamelyik \u00fczlet m\u0171k\u00f6d\u00e9s\u00e9t.<br \/>\nL\u00e9tsz\u00e1mhi\u00e1ny most sincs, ugyanakkor folyamatosan keresnek dolgoz\u00f3kat, 100-150 embert fel tudn\u00e1nak venni. Nem a jelentkez\u0151k sz\u00e1ma alacsony, a megfelel\u0151 munkaer\u0151t neh\u00e9z megtal\u00e1lni. A legt\u00f6bb munkak\u00f6rben szakir\u00e1ny\u00fa k\u00e9pzetts\u00e9get nem v\u00e1r el az Aldi.<br \/>\nAz els\u0151 \u00e9v a legkritikusabb id\u0151szak, jelenleg a munkat\u00e1rsak mintegy 25 sz\u00e1zal\u00e9ka megy el egy \u00e9ven bel\u00fcl, de kor\u00e1bban nagyobb is volt ez az ar\u00e1ny. A h\u00e1rom \u00e9ve a v\u00e1llalatn\u00e1l dolgoz\u00f3k eset\u00e9ben m\u00e1r csak egysz\u00e1mjegy\u0171 a fluktu\u00e1ci\u00f3. A magyarorsz\u00e1gi indul\u00e1skor felvett munkat\u00e1rsak harmada ma is a c\u00e9gn\u00e9l dolgozik.<br \/>\nA megfelel\u0151 munkaer\u0151 megtal\u00e1l\u00e1sa hosszabb ideig tart, mint 5-6 \u00e9vvel ezel\u0151tt, de az Aldi tapasztalatai szerint az ut\u00f3bbi egy \u00e9vben javult a helyzet. A legnehezebb dolgoz\u00f3t felvenni Budapesten \u00e9s az agglomer\u00e1ci\u00f3ban, illetve az orsz\u00e1g nyugati megy\u00e9iben.<br \/>\nAz Aldi az elm\u00falt \u00e9vekben \u00e9vi 6 \u00faj \u00fczletet nyitott Magyarorsz\u00e1gon, ezt szeretn\u00e9k el\u00e9rni id\u00e9n is. Az \u00faj \u00fczletek nyit\u00e1s\u00e1t nem akad\u00e1lyozza a munkaer\u0151hi\u00e1ny.<br \/>\nA bolti elad\u00f3k kezd\u0151 b\u00e9re brutt\u00f3 322 800 forint, ezt az els\u0151 h\u00e1rom \u00e9vben automatikusan emelik, ugyancsak van fizet\u00e9semel\u00e9s a 6. \u00e9s a 10. \u00e9v ut\u00e1n, ezzel szeretn\u00e9k megtartani a dolgoz\u00f3kat. T\u00edz \u00e9v ut\u00e1n az alapb\u00e9r brutt\u00f3 406 500 forint.<br \/>\nTavaly az Aldi Magyarorsz\u00e1g 20,3 milli\u00e1rd forintot ford\u00edtott a dolgoz\u00f3k b\u00e9rez\u00e9s\u00e9re.<br \/>\nAz Aldi Magyarorsz\u00e1g nett\u00f3 \u00e1rbev\u00e9tele 208,3 milli\u00e1rd forint volt a legut\u00f3bbi lez\u00e1rt \u00fczleti \u00e9vben, 2018-ban, ad\u00f3z\u00e1s el\u0151tti eredm\u00e9nye 5,4 milli\u00e1rd forint.(MTI)<\/p>\n<p>&nbsp;<\/p><div id=\"gazda-1429466427\" class=\"gazda-tartalomban gazda-entity-placement\"><script async src=\"https:\/\/pagead2.googlesyndication.com\/pagead\/js\/adsbygoogle.js\"><\/script>\r\n<ins class=\"adsbygoogle\"\r\n     style=\"display:block\"\r\n     data-ad-format=\"fluid\"\r\n     data-ad-layout-key=\"-6t+ed+2i-1n-4w\"\r\n     data-ad-client=\"ca-pub-1959107119989764\"\r\n     data-ad-slot=\"4008251320\"><\/ins>\r\n<script>\r\n     (adsbygoogle = window.adsbygoogle || []).push({});\r\n<\/script><\/div>\n","protected":false},"excerpt":{"rendered":"<p>Tov\u00e1bbra is a r\u00e9szmunkaid\u0151s foglalkoztat\u00e1si modellt alkalmazza az Aldi Magyarorsz\u00e1g, mert tapasztalataik szerint ez a legjobb megold\u00e1s a megfelel\u0151 l\u00e9tsz\u00e1m\u00fa munkaer\u0151 biztos\u00edt\u00e1s\u00e1ra &#8211; mondta Kulcs\u00e1r D\u00e9nes, a t\u00e1rsas\u00e1g \u00fcgyvezet\u0151 igazgat\u00f3ja a c\u00e9g keddi budapesti sajt\u00f3besz\u00e9lget\u00e9s\u00e9n.<\/p>\n","protected":false},"author":1,"featured_media":0,"comment_status":"closed","ping_status":"open","sticky":false,"template":"","format":"standard","meta":[],"categories":[19],"tags":[],"_links":{"self":[{"href":"https:\/\/gazdasagportal.hu\/index.php\/wp-json\/wp\/v2\/posts\/124227"}],"collection":[{"href":"https:\/\/gazdasagportal.hu\/index.php\/wp-json\/wp\/v2\/posts"}],"about":[{"href":"https:\/\/gazdasagportal.hu\/index.php\/wp-json\/wp\/v2\/types\/post"}],"author":[{"embeddable":true,"href":"https:\/\/gazdasagportal.hu\/index.php\/wp-json\/wp\/v2\/users\/1"}],"replies":[{"embeddable":true,"href":"https:\/\/gazdasagportal.hu\/index.php\/wp-json\/wp\/v2\/comments?post=124227"}],"version-history":[{"count":1,"href":"https:\/\/gazdasagportal.hu\/index.php\/wp-json\/wp\/v2\/posts\/124227\/revisions"}],"predecessor-version":[{"id":124228,"href":"https:\/\/gazdasagportal.hu\/index.php\/wp-json\/wp\/v2\/posts\/124227\/revisions\/124228"}],"wp:attachment":[{"href":"https:\/\/gazdasagportal.hu\/index.php\/wp-json\/wp\/v2\/media?parent=124227"}],"wp:term":[{"taxonomy":"category","embeddable":true,"href":"https:\/\/gazdasagportal.hu\/index.php\/wp-json\/wp\/v2\/categories?post=124227"},{"taxonomy":"post_tag","embeddable":true,"href":"https:\/\/gazdasagportal.hu\/index.php\/wp-json\/wp\/v2\/tags?post=124227"}],"curies":[{"name":"wp","href":"https:\/\/api.w.org\/{rel}","templated":true}]}}